{"id":748506,"date":"2026-01-26T15:18:33","date_gmt":"2026-01-26T15:18:33","guid":{"rendered":"https:\/\/www.europesays.com\/de\/748506\/"},"modified":"2026-01-26T15:18:33","modified_gmt":"2026-01-26T15:18:33","slug":"vonwegenleer-wie-bueroleerstand-genutzt-werden-kann","status":"publish","type":"post","link":"https:\/\/www.europesays.com\/de\/748506\/","title":{"rendered":"Vonwegenleer &#8211; Wie B\u00fcroleerstand genutzt werden kann"},"content":{"rendered":"<p><strong>Vortrag und Diskussion<\/strong><\/p>\n<p>In diesem Vortrag stellt sich das Kollektiv vonwegenleer mit seinem Projekt \u201ePop-Up Wohnen\u201c vor. Im Fokus steht die tempor\u00e4re Umwandlung leerstehender B\u00fcrofl\u00e4chen in zentraler Lage zu Wohnraum als experimenteller Beitrag zur aktuellen Wohnungsfrage. In einem Reallabor mit Studierenden der HafenCity <a href=\"https:\/\/www.hannover-entdecken.de\/leibniz-universitaet-hannover\/\" data-internallinksmanager029f6b8e52c=\"3884\" title=\"Leibniz Universit\u00e4t\" rel=\"nofollow noopener\" target=\"_blank\">Universit\u00e4t<\/a>, zeigten sie im Sommer 2025 in der Hamburger Innenstadt, wie vorhandene B\u00fcrostrukturen mit reversiblen Eingriffen f\u00fcr das Wohnen umcodiert werden k\u00f6nnen. Der Vortrag gibt Einblicke in Prozesse und Erfahrungen aus dem Projekt, thematisiert das Arbeiten im Kollektiv und diskutiert Impulse f\u00fcr eine nachhaltige und resiliente Stadtentwicklung.<\/p>\n<p>Ort: <a href=\"https:\/\/www.hannover-entdecken.de\/tag\/kulturzentrum-pavillon\/\" data-internallinksmanager029f6b8e52c=\"3879\" title=\"Kulturzentrum Pavillon\" rel=\"nofollow noopener\" target=\"_blank\">Kulturzentrum Pavillon<\/a>, <a href=\"https:\/\/www.hannover-entdecken.de\/lister-meile-fussgaengerzone\/\" data-internallinksmanager029f6b8e52c=\"2365\" title=\"Lister Meile\" rel=\"nofollow noopener\" target=\"_blank\">Lister Meile<\/a> 4, 30161 Hannover<br \/>Termin: Montag, 16. Februar 2026 \u2013 19.00 Uhr<br \/>Veranstalter: AG Stadtleben \u2013 Verein zur Erforschung und Diskussion des Verh\u00e4ltnisses von Stadt und Kultur e.V.<\/p>\n<p class=\"isc_image_list_title\">Bildquellen:<\/p>\n<ul class=\"isc_image_list\">\n<li>Kulturzentrum Pavillon Eingang: www.hannover-entdecken.de<\/li>\n<\/ul>\n<p><a href=\"https:\/\/www.hannover-entdecken.de\/author\/pressemitteilung-veranstalter\/\" title=\"Alle Artikel von Pressemitteilung Veranstalter\" rel=\"nofollow noopener\" target=\"_blank\">Pressemitteilung Veranstalter<\/a>                                <\/p>\n","protected":false},"excerpt":{"rendered":"Vortrag und Diskussion In diesem Vortrag stellt sich das Kollektiv vonwegenleer mit seinem Projekt \u201ePop-Up Wohnen\u201c vor. Im&hellip;\n","protected":false},"author":2,"featured_media":748507,"comment_status":"","ping_status":"","sticky":false,"template":"","format":"standard","meta":{"footnotes":"","_share_on_mastodon":"0"},"categories":[1836],"tags":[3364,29,30,46,171000,162525,525,1411,4077],"class_list":["post-748506","post","type-post","status-publish","format-standard","has-post-thumbnail","category-hannover","tag-de","tag-deutschland","tag-germany","tag-hannover","tag-kulturzentrum-pavillon","tag-lister-meile","tag-mitte","tag-niedersachsen","tag-oststadt"],"share_on_mastodon":{"url":"https:\/\/pubeurope.com\/@de\/115962072619072913","error":""},"_links":{"self":[{"href":"https:\/\/www.europesays.com\/de\/wp-json\/wp\/v2\/posts\/748506","targetHints":{"allow":["GET"]}}],"collection":[{"href":"https:\/\/www.europesays.com\/de\/wp-json\/wp\/v2\/posts"}],"about":[{"href":"https:\/\/www.europesays.com\/de\/wp-json\/wp\/v2\/types\/post"}],"author":[{"embeddable":true,"href":"https:\/\/www.europesays.com\/de\/wp-json\/wp\/v2\/users\/2"}],"replies":[{"embeddable":true,"href":"https:\/\/www.europesays.com\/de\/wp-json\/wp\/v2\/comments?post=748506"}],"version-history":[{"count":0,"href":"https:\/\/www.europesays.com\/de\/wp-json\/wp\/v2\/posts\/748506\/revisions"}],"wp:featuredmedia":[{"embeddable":true,"href":"https:\/\/www.europesays.com\/de\/wp-json\/wp\/v2\/media\/748507"}],"wp:attachment":[{"href":"https:\/\/www.europesays.com\/de\/wp-json\/wp\/v2\/media?parent=748506"}],"wp:term":[{"taxonomy":"category","embeddable":true,"href":"https:\/\/www.europesays.com\/de\/wp-json\/wp\/v2\/categories?post=748506"},{"taxonomy":"post_tag","embeddable":true,"href":"https:\/\/www.europesays.com\/de\/wp-json\/wp\/v2\/tags?post=748506"}],"curies":[{"name":"wp","href":"https:\/\/api.w.org\/{rel}","templated":true}]}}