{"id":748569,"date":"2026-01-26T15:51:24","date_gmt":"2026-01-26T15:51:24","guid":{"rendered":"https:\/\/www.europesays.com\/de\/748569\/"},"modified":"2026-01-26T15:51:24","modified_gmt":"2026-01-26T15:51:24","slug":"wird-dschungelcamp-2027-aleks-petrovic-abschiedsformat","status":"publish","type":"post","link":"https:\/\/www.europesays.com\/de\/748569\/","title":{"rendered":"Wird Dschungelcamp 2027 Aleks Petrovic&#8216; Abschiedsformat?"},"content":{"rendered":"<p style=\"order:0\" class=\"spanFix max-w-[750px] leading-[30px] sm:text-[22px] sm:leading-[38px] sm:text-[22px] sm:leading-[38px]\"><a target=\"_self\" data-google-interstitial=\"true\" href=\"https:\/\/www.promiflash.de\/thema\/aleksandar-petrovic\/\" rel=\"nofollow noopener\">Aleksandar Petrovic<\/a> (34) hat in einer aktuellen Instagram-Story angedeutet, dass er bald einen endg\u00fcltigen Schlussstrich unter seine Karriere in der Reality-TV-Branche ziehen k\u00f6nnte. Er erw\u00e4hnte jedoch, dass noch ein bestimmtes Ziel auf seiner Liste steht: die Teilnahme am <a target=\"_self\" data-google-interstitial=\"true\" href=\"https:\/\/www.promiflash.de\/thema\/dschungelcamp\/\" rel=\"nofollow noopener\">Dschungelcamp<\/a>. <b>&#8222;Ich w\u00fcrde gerne IBES mitnehmen, weil das war immer so ein Ziel. Und ich habe Bock, mich selber zu challengen, \u00fcber mich hinauszuwachsen&#8220;<\/b>, erkl\u00e4rte Aleks.<\/p>\n<p style=\"order:3\" class=\"spanFix max-w-[750px] leading-[30px] sm:text-[22px] sm:leading-[38px] sm:text-[22px] sm:leading-[38px]\">In seinem Statement sprach Aleks auch \u00fcber die Schattenseiten der Branche, insbesondere \u00fcber angebliches Mobbing im Internet und den zunehmenden Druck von \u00f6ffentlichen Kommentaren. Er beklagte, dass selbst namhafte Unternehmen &#8222;auf seine Kosten Werbung&#8220; betreiben w\u00fcrden. Diese Entwicklungen f\u00fchrten dazu, dass er sich nicht l\u00e4nger mit der toxischen Umgebung identifizieren k\u00f6nne. Dennoch blickt Aleks mit Ehrgeiz auf die Herausforderung, die ihn beim Dschungelcamp erwarten w\u00fcrde: <b>&#8222;Man hat ja damals bei <a target=\"_self\" data-google-interstitial=\"true\" href=\"https:\/\/www.promiflash.de\/thema\/kampf-der-realitystars\/\" rel=\"nofollow noopener\">Kampf der Realitystars<\/a> auch gesehen, dass ich diese Essens-Challenge gewonnen habe. Also, wenn ich will, kann ich ja Vollgas geben.&#8220;<\/b><\/p>\n<p style=\"order:6\" class=\"spanFix max-w-[750px] leading-[30px] sm:text-[22px] sm:leading-[38px] sm:text-[22px] sm:leading-[38px]\">Bevor Aleks seine TV-Karriere endg\u00fcltig an den Nagel h\u00e4ngt, wartet auf Fans jedoch ein weiteres Format mit ihm: das Wiedersehen mit seiner Ex-Verlobten <a target=\"_self\" data-google-interstitial=\"true\" href=\"https:\/\/www.promiflash.de\/thema\/vanessa-nwattu\/\" rel=\"nofollow noopener\">Vanessa Nwattu<\/a> (26) bei <a target=\"_self\" data-google-interstitial=\"true\" href=\"https:\/\/www.promiflash.de\/thema\/prominent-getrennt\/\" rel=\"nofollow noopener\">Prominent getrennt<\/a>. Schon vor dem Start der Staffel machte Vanessa kein Geheimnis daraus, <a target=\"_self\" data-google-interstitial=\"true\" href=\"https:\/\/www.promiflash.de\/news\/2026\/01\/23\/traumatisch-vanessa-nwattu-teasert-prominent-getrennt-an.html\" rel=\"nofollow noopener\">wie schwer die gemeinsame Zeit<\/a> f\u00fcr sie gewesen sei. <b>&#8222;Es wird sehr retraumatisierend&#8220;<\/b>, stellte die Influencerin in einer Fragerunde klar. Die Dreharbeiten in S\u00fcdafrika sind bereits abgeschlossen, doch konkrete Details \u00fcber das Aufeinandertreffen und den Umgang miteinander bleiben bis zur Ausstrahlung unter Verschluss.<\/p>\n<p><img class=\"top-0  absolute h-full w-full object-cover\" alt=\"Aleks Petrovic, Realitystar\" width=\"854\" height=\"480\" decoding=\"async\"  loading=\"lazy\" style=\"background-size:cover;background-position:50% 50%;background-repeat:no-repeat;background-image:url(&quot;data:image\/svg+xml;charset=utf-8,%3Csvg xmlns='http:\/\/www.w3.org\/2000\/svg' viewBox='0 0 640 640'%3E%3Cfilter id='b' color-interpolation-filters='sRGB'%3E%3CfeGaussianBlur stdDeviation='20'\/%3E%3CfeColorMatrix values='1 0 0 0 0 0 1 0 0 0 0 0 1 0 0 0 0 0 100 -1' result='s'\/%3E%3CfeFlood x='0' y='0' width='100%25' height='100%25'\/%3E%3CfeComposite operator='out' in='s'\/%3E%3CfeComposite in2='SourceGraphic'\/%3E%3CfeGaussianBlur stdDeviation='20'\/%3E%3C\/filter%3E%3Cimage width='100%25' height='100%25' x='0' y='0' preserveAspectRatio='none' style='filter: url(%23b);' href='data:image\/png;base64,iVBORw0KGgoAAAANSUhEUgAAABAAAAAQCAYAAAAf8\/9hAAAEG0lEQVR4AQEQBO\/7AIiOj\/+HjY7\/hYyN\/4OKi\/+CiYn\/hYqJ\/4qNi\/+Tko\/\/nZmV\/6ehnf+xqaX\/ubGs\/7+4s\/\/Dvrn\/xcK9\/8fFv\/8AhoyN\/4WLjP+Diov\/goiJ\/4GHh\/+EiIf\/iYqI\/5GPjP+blpL\/pZ2Z\/66mof+2rqn\/vLWw\/8C7tv\/DwLr\/xMO9\/wB\/hYj\/foWH\/36Ehf99g4P\/foKB\/4GCgP+GhIH\/jYeD\/5WNiP+elI\/\/ppyX\/62kn\/+zrKf\/uLOt\/7u4sv+9vLb\/AHR7f\/90e3\/\/dXt9\/3d6e\/95eXj\/fXl2\/4F5df+Ge3b\/jH95\/5KFf\/+ZjYf\/oJaQ\/6aemf+rp6H\/r62n\/7Kxq\/8AZ3B2\/2hwdf9rcHT\/b3Bx\/3Nvbf93bmn\/e21m\/31tZf+Abmb\/hHJr\/4l6c\/+Pg33\/lY6I\/5uYkf+hoJn\/pKWd\/wBaZGz\/XGVs\/2Bmav9nZmf\/bGZi\/3FkXf9zYFf\/dF1T\/3RcUv91XlX\/d2Ve\/3xwaf+DfHb\/i4iB\/5GSiv+VmZD\/AE9cZf9SXGX\/WF5j\/19eX\/9lXln\/aVtS\/2pWSv9pUEP\/Z0s\/\/2ZMQv9nU0v\/bF9Z\/3NuZ\/97fHT\/goh\/\/4ePhf8ASlhh\/01YYf9SWl7\/WVpa\/15ZVP9hVkz\/YlBD\/2BIOv9dQjX\/WkE3\/1tIQf9gVlD\/Z2Zf\/3B2bf93gnf\/fIp+\/wBLWGH\/TFlg\/1BZXf9UWln\/WFhT\/1lVS\/9ZT0L\/V0c6\/1VBNv9UQDn\/VUhD\/1pWUP9iZl7\/anVr\/3GBdf92iHv\/AE5bYv9PW2H\/UFxe\/1FbWv9SWVT\/UlZN\/1FQRv9QSkD\/UEY+\/1FHQv9UTkv\/WltW\/2FqY\/9pd23\/b4J2\/3OJe\/8AUV5j\/1FeYv9QXl\/\/T11b\/01aVv9LVk\/\/SlJK\/0pNRv9MS0b\/UE5L\/1ZWU\/9dYV3\/Y25n\/2p6cP9vhHj\/cop8\/wBSX2P\/UV9i\/09eX\/9MXFv\/SVlW\/0ZWUP9FUkv\/Rk5J\/0pOSv9QUk\/\/V1pX\/15lYP9lcWn\/a3xy\/2+EeP9yinz\/AFBeYf9PXmD\/TFxd\/0haWf9EV1T\/QVNO\/0BPSf9CTEf\/R01I\/05STf9WWlX\/XWVf\/2RwaP9qenD\/boJ3\/3GIe\/8ASltd\/0paXP9HWVn\/RFZV\/0FSUP8+TUr\/PUlE\/z9HQf9DSEL\/Sk5H\/1JWT\/9aYVn\/YWxj\/2h2bP9sfnP\/b4N3\/wBEVlj\/Q1ZY\/0JUVf9AUFD\/PkxL\/zxHRP87Qj3\/PEA5\/z9BOP9FRz3\/TVBG\/1VcUf9dZ1z\/ZHFm\/2p5bv9tfnL\/AD1TVf89UlT\/PVBR\/zxMTf87R0b\/OkI\/\/zk8N\/86OTD\/PDou\/0FAM\/9ISj3\/UFZK\/1liVv9hbWH\/Z3Vp\/2t6b\/8FDUH59GX7jgAAAABJRU5ErkJggg=='\/%3E%3C\/svg%3E&quot;)\" src=\"https:\/\/www.europesays.com\/de\/wp-content\/uploads\/2026\/01\/aleks-petrovic-posiert-15.jpg\" fetchpriority=\"auto\"\/>Instagram \/ aleks_petrovic<img decoding=\"async\" alt=\"Bilder Gallerie Button\" class=\"absolute bottom-[7px] right-[3px] w-[54px] h-[54px] group-hover:scale-110 transition-transform duration-300\" src=\"https:\/\/www.europesays.com\/de\/wp-content\/uploads\/2025\/11\/galerie_button.png\" loading=\"lazy\"\/>Aleks Petrovic, Realitystar<img class=\"top-0  absolute h-full w-full object-cover\" alt=\"Aleks Petrovic, Realitystar\" width=\"854\" height=\"480\" decoding=\"async\"  loading=\"lazy\" style=\"background-size:cover;background-position:50% 50%;background-repeat:no-repeat;background-image:url(&quot;data:image\/svg+xml;charset=utf-8,%3Csvg xmlns='http:\/\/www.w3.org\/2000\/svg' viewBox='0 0 640 640'%3E%3Cfilter id='b' color-interpolation-filters='sRGB'%3E%3CfeGaussianBlur stdDeviation='20'\/%3E%3CfeColorMatrix values='1 0 0 0 0 0 1 0 0 0 0 0 1 0 0 0 0 0 100 -1' result='s'\/%3E%3CfeFlood x='0' y='0' width='100%25' height='100%25'\/%3E%3CfeComposite operator='out' in='s'\/%3E%3CfeComposite in2='SourceGraphic'\/%3E%3CfeGaussianBlur stdDeviation='20'\/%3E%3C\/filter%3E%3Cimage width='100%25' height='100%25' x='0' y='0' preserveAspectRatio='none' style='filter: url(%23b);' href='data:image\/png;base64,iVBORw0KGgoAAAANSUhEUgAAABAAAAAQCAYAAAAf8\/9hAAAEG0lEQVR4AQEQBO\/7AJTN7\/+Pyuv\/gb\/h\/2mv0P9Lnb3\/LI2s\/yaFov9CiKH\/YZKn\/3qfsf+Lqrr\/lLG\/\/5WzwP+Qsbz\/iKy2\/4Cosf8AlM3t\/4\/J6v+Bvt\/\/a6\/O\/1CdvP82jav\/M4Wg\/0mHnv9lkaX\/fJ6v\/4ypuP+UsL3\/lbK+\/5Cwu\/+HrLb\/gKmy\/wCUy+j\/kMfk\/4O92f9xrsn\/W5y3\/0qNpf9KhJr\/WoaX\/3CPnf+Dm6f\/kKWx\/5att\/+VsLr\/j6+5\/4attv99qrP\/AJXI4P+Rxdz\/h7vS\/3itwv9onK\/\/Xoyd\/2CDkf9sgo3\/fYqR\/4yVm\/+WoKb\/maiu\/5ess\/+PrbX\/hKy1\/3urtP8Al8XW\/5TC0v+Lucj\/gKu5\/3Sapv9uipP\/cYCF\/3t+f\/+IhIP\/lI+N\/5yamf+do6P\/mair\/5CrsP+ErLP\/equ0\/wCbwsz\/mb\/J\/5G2v\/+GqK\/\/fZec\/3iHiP97e3j\/hXlw\/5F+c\/+biX7\/oZSM\/6Kemf+dpKP\/k6ir\/4aqsP98q7L\/AKK\/xP+fvMH\/l7O2\/4ykp\/+BkpP\/fIF9\/391a\/+IcmL\/lHhl\/5+Dcf+mj4H\/ppqQ\/6GhnP+XpaX\/i6er\/4Gorv8Aqb2\/\/6a5u\/+dr7D\/j5+g\/4KMi\/96enT\/fG1g\/4VqVv+Tclv\/oH9p\/6iMev+ql4r\/pp+W\/52jn\/+SpKX\/iKSo\/wCxu7z\/rbe4\/6Gsrf+Rmpv\/gIWE\/3NwbP9yYlf\/fWFO\/45sVf+dfGb\/qIt4\/62Wh\/+rnZP\/o6Cb\/5mgn\/+Rn6H\/ALe5vP+ytLj\/pais\/5GVmf97fYD\/aGZm\/2RXUP9wV0j\/hGZT\/5h4Zv+miXj\/rZSH\/66bkf+onZf\/oJya\/5iam\/8Au7a9\/7WxuP+npKv\/kJCX\/3V2ff9cXGH\/U0pJ\/2BNRP94X1L\/kHRn\/6GGev+rkoj\/rpmR\/6ualf+kmJb\/npaV\/wC8s73\/tq65\/6ehq\/+Oi5b\/cHB7\/1BSXP9BPkP\/UEE9\/2xXTv+Hb2X\/m4J5\/6ePiP+slpD\/q5eU\/6aVlP+hk5P\/ALuvvf+1q7n\/pp2r\/42Hlf9sa3j\/SUtX\/zIyOv9BNTP\/YU5I\/31oYv+TfHf\/oYqH\/6iSkP+olZT\/pZSU\/6GSlP8AuKy9\/7KnuP+jmqr\/i4ST\/2todf9HR1L\/LCkv\/zgpI\/9YRD3\/dV9b\/4t1c\/+ahYT\/oo6P\/6SSlP+ik5b\/n5OW\/wC0qbz\/r6S3\/6GXqf+JgpL\/a2Zz\/0lFTf8uIyH\/NR0E\/1I5L\/9uV1P\/hG5u\/5N\/gf+cio7\/n5CV\/56Tmf+dlJr\/ALGmuv+torb\/n5Wn\/4mBkP9sZXH\/TERJ\/zIgEf82EgD\/TzEh\/2pQTP9\/aGn\/j3t\/\/5eHjf+bj5b\/m5Sb\/5qWnf8wkaim5QefKQAAAABJRU5ErkJggg=='\/%3E%3C\/svg%3E&quot;)\" src=\"https:\/\/www.europesays.com\/de\/wp-content\/uploads\/2026\/01\/aleks-petrovic-posiert-17.jpg\" fetchpriority=\"auto\"\/>IMAGO \/ Panama Pictures<img decoding=\"async\" alt=\"Bilder Gallerie Button\" class=\"absolute bottom-[7px] right-[3px] w-[54px] h-[54px] group-hover:scale-110 transition-transform duration-300\" src=\"https:\/\/www.europesays.com\/de\/wp-content\/uploads\/2025\/11\/galerie_button.png\" loading=\"lazy\"\/>Aleks Petrovic, Realitystar<img class=\"top-0  absolute h-full w-full object-cover\" alt=\"Aleks und Vanessa, Kandidaten bei &quot;Temptation Island V.I.P.&quot; Staffel 6\" width=\"854\" height=\"480\" decoding=\"async\"  loading=\"lazy\" style=\"background-size:cover;background-position:50% 50%;background-repeat:no-repeat;background-image:url(&quot;data:image\/svg+xml;charset=utf-8,%3Csvg xmlns='http:\/\/www.w3.org\/2000\/svg' viewBox='0 0 640 640'%3E%3Cfilter id='b' color-interpolation-filters='sRGB'%3E%3CfeGaussianBlur stdDeviation='20'\/%3E%3CfeColorMatrix values='1 0 0 0 0 0 1 0 0 0 0 0 1 0 0 0 0 0 100 -1' result='s'\/%3E%3CfeFlood x='0' y='0' width='100%25' height='100%25'\/%3E%3CfeComposite operator='out' in='s'\/%3E%3CfeComposite in2='SourceGraphic'\/%3E%3CfeGaussianBlur stdDeviation='20'\/%3E%3C\/filter%3E%3Cimage width='100%25' height='100%25' x='0' y='0' preserveAspectRatio='none' style='filter: url(%23b);' href='data:image\/png;base64,iVBORw0KGgoAAAANSUhEUgAAABAAAAAQCAYAAAAf8\/9hAAAEG0lEQVR4AQEQBO\/7AOTy4P\/h7t3\/2OPV\/8vUyf+9w7z\/sbSw\/6ytqP+urqf\/tres\/8DDs\/\/Jzbv\/ztPB\/8\/Uw\/\/O0sT\/ys3D\/8bJwf8A5PHf\/+Ht3P\/Y49T\/y9PI\/73Buv+xsq7\/q6um\/62spf+1tan\/v8Cx\/8fKuf\/N0b\/\/z9PC\/83Rw\/\/KzML\/xsjA\/wDk797\/4evb\/9jg0v\/L0MX\/vL22\/6+tqP+ppJ\/\/qqWd\/7Guof+6uqn\/w8Sy\/8nMuf\/Mzr3\/y82\/\/8jKv\/\/Gxr7\/AOTr2\/\/g59f\/19zO\/8rLwP+6t6\/\/raWf\/6WalP+kmpD\/qqKV\/7Svnv+9u6j\/xMOw\/8fHtv\/Hx7n\/xcW5\/8PCuf8A4ufX\/9\/j0\/\/V18n\/x8W6\/7ewp\/+onJT\/no6G\/52Mgf+ilIT\/q6GO\/7Stmf+8t6P\/v7yr\/8C+r\/+\/vLH\/vrqy\/wDf4dL\/293O\/9LRxP\/DvrP\/sqif\/6GRiv+WgXj\/k3xv\/5eDcv+gkHz\/qp6I\/7GolP+1r53\/t7Gi\/7awpf+0r6b\/ANnazf\/W1sn\/zMq+\/7y3rf+qoJj\/mIeA\/4x0a\/+HbF\/\/jHFe\/5V+aP+ejHb\/pZeC\/6mejP+poJL\/p6CW\/6Wfl\/8A0dPH\/87PxP\/Dw7n\/s7Co\/6CZkv+Nf3r\/f2li\/3teUf9\/YE3\/iGxV\/5F5Yv+XhG7\/mYp4\/5iNf\/+VjIP\/kYuE\/wDIy8L\/xMe+\/7m8tP+oqqT\/lJOP\/4B5dv9yYl7\/bVNJ\/3JSP\/97W0P\/hGdO\/4lwWv+JdWP\/hXZq\/351bf94c2\/\/AL3Evf+5wLn\/rrWw\/52koP+Ijoz\/dHV1\/2VdXP9gTEb\/Zkc4\/3BNNv94Vj3\/e11H\/3hgUP9xYFX\/Zl1Y\/1xZWf8As7y4\/6+5tf+krqz\/kp6d\/32Jiv9ocnT\/WVtd\/1VJRv9bQDX\/ZUIu\/21IMv9vTTr\/ak9B\/2BMRf9RSEj\/QkNJ\/wCptrT\/prKx\/5upqP+KmZr\/dYWI\/2Bvc\/9QWFz\/TEZG\/1I7NP9cOyz\/ZEAu\/2ZENf9hRTz\/VkNB\/0Y+RP82OUX\/AKKwsP+fra3\/lKOl\/4SVl\/9xgYX\/XGtw\/0xVWf9HQkP\/TDcy\/1Y3LP9ePTH\/YUM6\/19GQv9XRkn\/TERN\/0JCT\/8Anayt\/5qoqv+Rn6L\/gpGU\/3B9gf9cZ2v\/TVFU\/0U9Pv9JMy\/\/UTUt\/1o+Nv9gR0P\/YU5O\/19SVv9bU1v\/V1Rf\/wCbqKv\/mKWo\/4+cn\/+CjZH\/cXp9\/19kZ\/9PTE7\/Rjg3\/0cuKf9PNC3\/WEA7\/2BNS\/9mV1j\/aV1i\/2piaf9pZG3\/AJqnqv+Xo6f\/j5qe\/4OLj\/9zeHv\/YWFj\/1FISf9HMzH\/Risk\/00zLf9XQj\/\/YlFR\/2pdX\/9wZmr\/dGty\/3Zudv\/NgKqgntZNZAAAAABJRU5ErkJggg=='\/%3E%3C\/svg%3E&quot;)\" src=\"https:\/\/www.europesays.com\/de\/wp-content\/uploads\/2025\/10\/aleksandar-petrovic-und-vanessa-nwattu-posieren-5-r2.jpg\" fetchpriority=\"auto\"\/>RTL<img decoding=\"async\" alt=\"Bilder Gallerie Button\" class=\"absolute bottom-[7px] right-[3px] w-[54px] h-[54px] group-hover:scale-110 transition-transform duration-300\" src=\"https:\/\/www.europesays.com\/de\/wp-content\/uploads\/2025\/11\/galerie_button.png\" loading=\"lazy\"\/>Aleks und Vanessa, Kandidaten bei &#8222;Temptation Island V.I.P.&#8220; Staffel 6<\/p>\n<p>Sollte RTL Aleks 2027 ins Dschungelcamp holen?<\/p>\n<p>Ergebnis anzeigen<\/p>\n","protected":false},"excerpt":{"rendered":"Aleksandar Petrovic (34) hat in einer aktuellen Instagram-Story angedeutet, dass er bald einen endg\u00fcltigen Schlussstrich unter seine Karriere&hellip;\n","protected":false},"author":2,"featured_media":748570,"comment_status":"","ping_status":"","sticky":false,"template":"","format":"standard","meta":{"footnotes":"","_share_on_mastodon":"0"},"categories":[1773],"tags":[29,214,30,471,1780,215],"class_list":["post-748569","post","type-post","status-publish","format-standard","has-post-thumbnail","category-serien","tag-deutschland","tag-entertainment","tag-germany","tag-serien","tag-series","tag-unterhaltung"],"share_on_mastodon":{"url":"https:\/\/pubeurope.com\/@de\/115962202624267337","error":""},"_links":{"self":[{"href":"https:\/\/www.europesays.com\/de\/wp-json\/wp\/v2\/posts\/748569","targetHints":{"allow":["GET"]}}],"collection":[{"href":"https:\/\/www.europesays.com\/de\/wp-json\/wp\/v2\/posts"}],"about":[{"href":"https:\/\/www.europesays.com\/de\/wp-json\/wp\/v2\/types\/post"}],"author":[{"embeddable":true,"href":"https:\/\/www.europesays.com\/de\/wp-json\/wp\/v2\/users\/2"}],"replies":[{"embeddable":true,"href":"https:\/\/www.europesays.com\/de\/wp-json\/wp\/v2\/comments?post=748569"}],"version-history":[{"count":0,"href":"https:\/\/www.europesays.com\/de\/wp-json\/wp\/v2\/posts\/748569\/revisions"}],"wp:featuredmedia":[{"embeddable":true,"href":"https:\/\/www.europesays.com\/de\/wp-json\/wp\/v2\/media\/748570"}],"wp:attachment":[{"href":"https:\/\/www.europesays.com\/de\/wp-json\/wp\/v2\/media?parent=748569"}],"wp:term":[{"taxonomy":"category","embeddable":true,"href":"https:\/\/www.europesays.com\/de\/wp-json\/wp\/v2\/categories?post=748569"},{"taxonomy":"post_tag","embeddable":true,"href":"https:\/\/www.europesays.com\/de\/wp-json\/wp\/v2\/tags?post=748569"}],"curies":[{"name":"wp","href":"https:\/\/api.w.org\/{rel}","templated":true}]}}