{"id":748681,"date":"2026-01-26T16:53:11","date_gmt":"2026-01-26T16:53:11","guid":{"rendered":"https:\/\/www.europesays.com\/de\/748681\/"},"modified":"2026-01-26T16:53:11","modified_gmt":"2026-01-26T16:53:11","slug":"ki-chat-bot-soll-buergerfragen-beantworten-koennen","status":"publish","type":"post","link":"https:\/\/www.europesays.com\/de\/748681\/","title":{"rendered":"KI-Chat-Bot soll B\u00fcrgerfragen beantworten k\u00f6nnen"},"content":{"rendered":"<p class=\"text_ohne_einzug richtext text-em-55 !leading-serif mx-6 desktop:mx-0\">Die Stadt erweitert ihr digitales Serviceangebot und bietet nun an, h\u00e4ufig genutzte Fragen \u00fcber einen KI-Chatbot beantworten zu lassen. Damit sollen B\u00fcrger rund um die Uhr Informationen geb\u00fcndelt zur Verf\u00fcgung bekommen und die meisten Fragen direkt online stellen k\u00f6nnen, teilt die Stadt mit. Das kleine Symbol f\u00fcr den Chatbot ist bereits \u00fcberall auf der Homepage der Stadt im unteren rechten Bereich sichtbar. Klickt man dort auf das Symbol, \u00f6ffnet sich das Textfeld f\u00fcr die Chat-Funktion.<\/p>\n","protected":false},"excerpt":{"rendered":"Die Stadt erweitert ihr digitales Serviceangebot und bietet nun an, h\u00e4ufig genutzte Fragen \u00fcber einen KI-Chatbot beantworten zu&hellip;\n","protected":false},"author":2,"featured_media":748682,"comment_status":"","ping_status":"","sticky":false,"template":"","format":"standard","meta":{"footnotes":"","_share_on_mastodon":"0"},"categories":[1831],"tags":[75566,12612,12297,9315,12296,3364,29,3405,30,259,10756,1787,111257,1209,53879,22671],"class_list":["post-748681","post","type-post","status-publish","format-standard","has-post-thumbnail","category-duesseldorf","tag-bot","tag-buerger","tag-buergerfragen","tag-chat","tag-chatbot","tag-de","tag-deutschland","tag-duesseldorf","tag-germany","tag-informationen","tag-intelligenz","tag-namen","tag-namensvorschlaege","tag-nordrhein-westfalen","tag-schwaechen","tag-webseite"],"share_on_mastodon":{"url":"https:\/\/pubeurope.com\/@de\/115962446281157372","error":""},"_links":{"self":[{"href":"https:\/\/www.europesays.com\/de\/wp-json\/wp\/v2\/posts\/748681","targetHints":{"allow":["GET"]}}],"collection":[{"href":"https:\/\/www.europesays.com\/de\/wp-json\/wp\/v2\/posts"}],"about":[{"href":"https:\/\/www.europesays.com\/de\/wp-json\/wp\/v2\/types\/post"}],"author":[{"embeddable":true,"href":"https:\/\/www.europesays.com\/de\/wp-json\/wp\/v2\/users\/2"}],"replies":[{"embeddable":true,"href":"https:\/\/www.europesays.com\/de\/wp-json\/wp\/v2\/comments?post=748681"}],"version-history":[{"count":0,"href":"https:\/\/www.europesays.com\/de\/wp-json\/wp\/v2\/posts\/748681\/revisions"}],"wp:featuredmedia":[{"embeddable":true,"href":"https:\/\/www.europesays.com\/de\/wp-json\/wp\/v2\/media\/748682"}],"wp:attachment":[{"href":"https:\/\/www.europesays.com\/de\/wp-json\/wp\/v2\/media?parent=748681"}],"wp:term":[{"taxonomy":"category","embeddable":true,"href":"https:\/\/www.europesays.com\/de\/wp-json\/wp\/v2\/categories?post=748681"},{"taxonomy":"post_tag","embeddable":true,"href":"https:\/\/www.europesays.com\/de\/wp-json\/wp\/v2\/tags?post=748681"}],"curies":[{"name":"wp","href":"https:\/\/api.w.org\/{rel}","templated":true}]}}