{"id":748737,"date":"2026-01-26T17:25:18","date_gmt":"2026-01-26T17:25:18","guid":{"rendered":"https:\/\/www.europesays.com\/de\/748737\/"},"modified":"2026-01-26T17:25:18","modified_gmt":"2026-01-26T17:25:18","slug":"gruppe-pruegelt-im-pontviertel-auf-zwei-maenner-ein","status":"publish","type":"post","link":"https:\/\/www.europesays.com\/de\/748737\/","title":{"rendered":"Gruppe pr\u00fcgelt im Pontviertel auf zwei M\u00e4nner ein"},"content":{"rendered":"<p>Versuchter Raub im Pontviertel <\/p>\n<p>Gruppe pr\u00fcgelt auf zwei M\u00e4nner ein \u2013 T\u00e4ter fl\u00fcchten<\/p>\n<p>26.01.2026 &#8211; 17:14 UhrLesedauer: 1 Min.<\/p>\n<p><a href=\"#focus-0\" class=\"transition-colors duration-200 block text-current relative\" data-sctrack=\"FocusGalleryImage.Reference\"><img fetchpriority=\"high\" data-testid=\"Opener.Image\" style=\"--lqipURL:url('https:\/\/images.t-online.de\/2026\/01\/fI4FCcf9Ms5J\/0x66:2048x1152\/fit-in\/150x0\/filters:blur(25)\/ein-blaulicht-leuchtet-auf-einem-einsatzfahrzeuge-der-polizei-symbolbild.jpg')\"   loading=\"eager\" src=\"https:\/\/www.europesays.com\/de\/wp-content\/uploads\/2026\/01\/ein-blaulicht-leuchtet-auf-einem-einsatzfahrzeuge-der-polizei-symbolbild.jpg\" alt=\"Blaulicht\" title=\"Blaulicht\" width=\"2048\" height=\"1152\" class=\"bg-[url:var(--lqipURL)] bg-cover bg-center flex h-full w-full max-w-full\" decoding=\"async\"\/><img style=\"--width:32;--height:32\" loading=\"lazy\" src=\"https:\/\/aachen.t-online.de\/s\/paper\/_next\/static\/media\/zoom-in.f7dae02f.svg\" alt=\"Vergr\u00f6\u00dfern des Bildes\" title=\"Vergr\u00f6\u00dfern des Bildes\" class=\"block h-[calc(var(--height)_\/_16_*_1rem)] w-[calc(var(--width)_\/_16_*_1rem)] max-w-none absolute bottom-8 right-8 rounded-4 bg-snow p-8\" decoding=\"async\"\/><\/a><\/p>\n<p>Ein Blaulicht leuchtet auf einem Einsatzfahrzeuge der Polizei (Symbolbild): Zwei M\u00e4nner sind in Aachen attackiert worden. (Quelle: Julian Stratenschulte\/dpa\/dpa-bilder)<\/p>\n<p class=\"font-bold text-18 leading-17\">Eine n\u00e4chtliche Auseinandersetzung im Aachener Pontviertel f\u00fchrt zu versuchtem Raub. Eine Gruppe fl\u00fcchtet nach einem gewaltsamen Angriff auf zwei M\u00e4nner.<\/p>\n<p class=\"text-18 leading-17\">Im Pontviertel sind in der Nacht zum Samstag zwei M\u00e4nner von einer Gruppe attackiert und leicht verletzt worden. Das teilte die Polizei Aachen mit. Nach bisherigen Erkenntnissen waren die beiden 24-J\u00e4hrigen aus Herzogenrath und Aachen gegen 3 Uhr auf der Stra\u00dfe Marienbongard unterwegs. Eine Gruppe von etwa sechs bis zehn M\u00e4nnern sei ihnen entgegengekommen. Die Gruppe habe unmittelbar begonnen, auf die beiden einzuschlagen.<\/p>\n<p class=\"text-18 leading-17\">Als der Herzogenrather zu Boden ging, soll einer der Tatverd\u00e4chtigen ihm in die Hosentasche gegriffen haben. Nach bisherigen Erkenntnissen wurde jedoch nichts entwendet. Die T\u00e4tergruppe sei danach in Richtung einer Bankfiliale an der Pontstra\u00dfe gefl\u00fcchtet.<\/p>\n<p class=\"text-18 leading-17\">Die beiden M\u00e4nner kamen mit leichten Verletzungen ins Krankenhaus. Nur einen der Tatverd\u00e4chtigen konnten sie beschreiben. Er soll eine beige Jacke mit Fellkapuze und eine beige M\u00fctze getragen haben. Die Kriminalpolizei ermittelt wegen versuchten Raubs. Die Polizei sucht dringend Zeugen, die Hinweise zur Identit\u00e4t der Tatverd\u00e4chtigen geben k\u00f6nnen.<\/p>\n","protected":false},"excerpt":{"rendered":"Versuchter Raub im Pontviertel Gruppe pr\u00fcgelt auf zwei M\u00e4nner ein \u2013 T\u00e4ter fl\u00fcchten 26.01.2026 &#8211; 17:14 UhrLesedauer: 1&hellip;\n","protected":false},"author":2,"featured_media":745795,"comment_status":"","ping_status":"","sticky":false,"template":"","format":"standard","meta":{"footnotes":"","_share_on_mastodon":"0"},"categories":[1853],"tags":[722,17161,1424,1950,3364,29,3046,548,663,3934,30,13,18024,14,15,1209,121,171057,4576,12],"class_list":["post-748737","post","type-post","status-publish","format-standard","has-post-thumbnail","category-aachen","tag-722","tag-17161","tag-aachen","tag-blaulicht","tag-de","tag-deutschland","tag-einsatzfahrzeug","tag-eu","tag-europa","tag-europe","tag-germany","tag-headlines","tag-herzogenrath","tag-nachrichten","tag-news","tag-nordrhein-westfalen","tag-polizei","tag-pontviertel","tag-raub","tag-schlagzeilen"],"share_on_mastodon":{"url":"https:\/\/pubeurope.com\/@de\/115962572005362072","error":""},"_links":{"self":[{"href":"https:\/\/www.europesays.com\/de\/wp-json\/wp\/v2\/posts\/748737","targetHints":{"allow":["GET"]}}],"collection":[{"href":"https:\/\/www.europesays.com\/de\/wp-json\/wp\/v2\/posts"}],"about":[{"href":"https:\/\/www.europesays.com\/de\/wp-json\/wp\/v2\/types\/post"}],"author":[{"embeddable":true,"href":"https:\/\/www.europesays.com\/de\/wp-json\/wp\/v2\/users\/2"}],"replies":[{"embeddable":true,"href":"https:\/\/www.europesays.com\/de\/wp-json\/wp\/v2\/comments?post=748737"}],"version-history":[{"count":0,"href":"https:\/\/www.europesays.com\/de\/wp-json\/wp\/v2\/posts\/748737\/revisions"}],"wp:featuredmedia":[{"embeddable":true,"href":"https:\/\/www.europesays.com\/de\/wp-json\/wp\/v2\/media\/745795"}],"wp:attachment":[{"href":"https:\/\/www.europesays.com\/de\/wp-json\/wp\/v2\/media?parent=748737"}],"wp:term":[{"taxonomy":"category","embeddable":true,"href":"https:\/\/www.europesays.com\/de\/wp-json\/wp\/v2\/categories?post=748737"},{"taxonomy":"post_tag","embeddable":true,"href":"https:\/\/www.europesays.com\/de\/wp-json\/wp\/v2\/tags?post=748737"}],"curies":[{"name":"wp","href":"https:\/\/api.w.org\/{rel}","templated":true}]}}