{"id":748765,"date":"2026-01-26T17:40:10","date_gmt":"2026-01-26T17:40:10","guid":{"rendered":"https:\/\/www.europesays.com\/de\/748765\/"},"modified":"2026-01-26T17:40:10","modified_gmt":"2026-01-26T17:40:10","slug":"till-hoheneder-the-slowhand-all-stars-im-kulturbistro","status":"publish","type":"post","link":"https:\/\/www.europesays.com\/de\/748765\/","title":{"rendered":"Till Hoheneder &#038; The Slowhand All Stars im Kulturbistro"},"content":{"rendered":"<p class=\"text_ohne_einzug richtext text-em-55 !leading-serif mx-6 desktop:mx-0\">  Till Hoheneder und the Slowhand All Stars kehren nach ihrem Konzert im vergangenen Jahr ins Kulturbistro zur\u00fcck. Am 30. Januar ab 19 Uhr spielen sie wieder die besten Songs von <a href=\"https:\/\/rp-online.de\/thema\/bob-dylan\/\" rel=\"nofollow noopener\" target=\"_blank\">Bob Dylan<\/a> und Gitarrenikone <a href=\"https:\/\/rp-online.de\/thema\/eric-clapton\/\" rel=\"nofollow noopener\" target=\"_blank\">Eric Clapton<\/a>. \u201eWir vom Kulturteam freuen uns nat\u00fcrlich sehr, dass solche Spitzenmusiker wieder den Weg nach <a href=\"https:\/\/rp-online.de\/thema\/wuelfrath\/\" rel=\"nofollow noopener\" target=\"_blank\">W\u00fclfrath<\/a> finden: Das spricht f\u00fcr unser Konzept, aber auch f\u00fcr unser W\u00fclfrather Publikum\u201c, so Peter Zwilling vom AWO-Kulturbistro.<\/p>\n<p class=\"richtext text-em-55 !leading-serif mx-6 desktop:mx-0\">S\u00e4nger und Gitarrist Till Hoheneder ist seit 38 Jahren erfolgreich im Showgesch\u00e4ft: Der Hammer Comedian hat mit Till &amp; Obel die Neue Deutsche Comedy gegr\u00fcndet und den Rock\u00b4n\u00b4Roll mit dem Humor verheiratet. Als Autor hat er f\u00fcr seine Arbeit mit Atze Schr\u00f6der drei Deutsche Comedy-Preise bekommen sowie zahlreiche Bestseller ver\u00f6ffentlicht. \u201eKlar pr\u00e4gen die Klassiker die Setliste, aber wir wollen auch die ,Juwelen im Morast\u2018 pr\u00e4sentieren, die erst auf den zweiten Blick ihren wundervollen Charme entfalten\u201c, so Hoheneder zum Programm. An seiner Seite ist unter anderem Michael Dommers (Br\u00f6selmaschine, Wallenstein) an der Lead-Gitarre. Die Tributeshow, bei der danke Hoheneder auch die Comedy nicht zu kurz kommen soll, verspricht \u201ebeseelte Livemusik vom Feinsten\u201c.<\/p>\n<p class=\"richtext text-em-55 !leading-serif mx-6 desktop:mx-0\">Der Eintritt kostet im Vorverkauf bei Schl\u00fcter\u2019s Genie\u00dfertreff (Wilhelmstra\u00dfe 131a) oder unter <a href=\"https:\/\/www.neanderticket.de\/\" target=\"_blank\" rel=\"nofollow noopener\">www.neanderticket.de<\/a> 20 Euro, an der Abendkasse 22 Euro.<\/p>\n","protected":false},"excerpt":{"rendered":"Till Hoheneder und the Slowhand All Stars kehren nach ihrem Konzert im vergangenen Jahr ins Kulturbistro zur\u00fcck. Am&hellip;\n","protected":false},"author":2,"featured_media":748766,"comment_status":"","ping_status":"","sticky":false,"template":"","format":"standard","meta":{"footnotes":"","_share_on_mastodon":"0"},"categories":[1840],"tags":[43740,65807,3364,29,41552,30,68120,1209,171071,5853,2708,171072,10204,4418],"class_list":["post-748765","post","type-post","status-publish","format-standard","has-post-thumbnail","category-wuppertal","tag-bob-dylan","tag-clapton","tag-de","tag-deutschland","tag-eric","tag-germany","tag-kulturbistro","tag-nordrhein-westfalen","tag-slowhand","tag-songs","tag-stars","tag-till-hoheneder","tag-tribut","tag-wuppertal"],"share_on_mastodon":{"url":"https:\/\/pubeurope.com\/@de\/115962630851707447","error":""},"_links":{"self":[{"href":"https:\/\/www.europesays.com\/de\/wp-json\/wp\/v2\/posts\/748765","targetHints":{"allow":["GET"]}}],"collection":[{"href":"https:\/\/www.europesays.com\/de\/wp-json\/wp\/v2\/posts"}],"about":[{"href":"https:\/\/www.europesays.com\/de\/wp-json\/wp\/v2\/types\/post"}],"author":[{"embeddable":true,"href":"https:\/\/www.europesays.com\/de\/wp-json\/wp\/v2\/users\/2"}],"replies":[{"embeddable":true,"href":"https:\/\/www.europesays.com\/de\/wp-json\/wp\/v2\/comments?post=748765"}],"version-history":[{"count":0,"href":"https:\/\/www.europesays.com\/de\/wp-json\/wp\/v2\/posts\/748765\/revisions"}],"wp:featuredmedia":[{"embeddable":true,"href":"https:\/\/www.europesays.com\/de\/wp-json\/wp\/v2\/media\/748766"}],"wp:attachment":[{"href":"https:\/\/www.europesays.com\/de\/wp-json\/wp\/v2\/media?parent=748765"}],"wp:term":[{"taxonomy":"category","embeddable":true,"href":"https:\/\/www.europesays.com\/de\/wp-json\/wp\/v2\/categories?post=748765"},{"taxonomy":"post_tag","embeddable":true,"href":"https:\/\/www.europesays.com\/de\/wp-json\/wp\/v2\/tags?post=748765"}],"curies":[{"name":"wp","href":"https:\/\/api.w.org\/{rel}","templated":true}]}}