{"id":74888,"date":"2025-05-01T03:47:14","date_gmt":"2025-05-01T03:47:14","guid":{"rendered":"https:\/\/www.europesays.com\/de\/74888\/"},"modified":"2025-05-01T03:47:14","modified_gmt":"2025-05-01T03:47:14","slug":"dafuer-erhaelt-schwarz-rot-grosse-zustimmung","status":"publish","type":"post","link":"https:\/\/www.europesays.com\/de\/74888\/","title":{"rendered":"Daf\u00fcr erh\u00e4lt Schwarz-Rot gro\u00dfe Zustimmung"},"content":{"rendered":"<p>Ukrainische Fl\u00fcchtlinge <\/p>\n<p>F\u00fcr diese Ma\u00dfnahme erh\u00e4lt Schwarz-Rot gro\u00dfe Zustimmung<\/p>\n<p>01.05.2025 &#8211; 05:28 UhrLesedauer: 2 Min.<\/p>\n<p><a href=\"#focus-0\" class=\"transition-colors duration-200 focus-within:text-magenta block text-current relative\" data-sctrack=\"FocusGalleryImage.Reference\"><img fetchpriority=\"high\" data-testid=\"Opener.Image\" style=\"--lqipURL:url('https:\/\/images.t-online.de\/2025\/05\/CiuA4evzw8Ne\/0x75:800x450\/fit-in\/150x0\/filters:blur(25)\/gefluechtete-frauen-und-kinder-aus-der-ukraine-archivbild.jpg')\"   loading=\"eager\" src=\"https:\/\/www.europesays.com\/de\/wp-content\/uploads\/2025\/05\/gefluechtete-frauen-und-kinder-aus-der-ukraine-archivbild.jpg\" alt=\"Gefl\u00fcchtete Frauen und Kinder aus der Ukraine (Archivbild).\" title=\"Gefl\u00fcchtete Frauen und Kinder aus der Ukraine (Archivbild).\" width=\"800\" height=\"450\" class=\"bg-[url:var(--lqipURL)] bg-cover bg-center flex w-full max-w-full h-full\" decoding=\"async\"\/><img style=\"--width:32;--height:32\" loading=\"lazy\" src=\"https:\/\/www.europesays.com\/de\/wp-content\/uploads\/2025\/03\/zoom-in.f7dae02f.svg.svg+xml\" alt=\"Vergr\u00f6\u00dfern des Bildes\" title=\"Vergr\u00f6\u00dfern des Bildes\" class=\"&#10;        block&#10;        h-[calc(var(--height)_\/_16_*_1rem)]&#10;        w-[calc(var(--width)_\/_16_*_1rem)]&#10;        max-w-none&#10;        absolute bottom-8 right-8 rounded-4 bg-snow p-8\" decoding=\"async\"\/><\/a><\/p>\n<p>Gefl\u00fcchtete Frauen und Kinder aus der Ukraine (Archivbild). (Quelle: Christoph Soeder\/dpa)<\/p>\n<p class=\"font-bold text-18 leading-17\">Neue Kriegsfl\u00fcchtlinge aus der Ukraine sollen nach dem Willen der Koalition von Union und SPD demn\u00e4chst geringere Leistungen erhalten. Die Ma\u00dfnahme ist popul\u00e4r.<\/p>\n<p class=\"text-18 leading-17\">Die geplante Reduzierung staatlicher Leistungen f\u00fcr Neuank\u00f6mmlinge aus der <a class=\"transition-colors duration-200 cursor-pointer text-inherit no-underline text-salemsfur md:hover:text-magenta md:hover:border-magenta md:focus:text-magenta border-current border-b border-solid break-words\" href=\"https:\/\/www.t-online.de\/themen\/ukraine\/\" data-sctrack=\"BodyAnchor\" target=\"_blank\" rel=\"noopener\">Ukraine<\/a> findet in der Bev\u00f6lkerung gro\u00dfen Anklang. Das hat eine repr\u00e4sentative <a class=\"transition-colors duration-200 cursor-pointer text-inherit no-underline text-salemsfur md:hover:text-magenta md:hover:border-magenta md:focus:text-magenta border-current border-b border-solid break-words\" href=\"https:\/\/www.t-online.de\/themen\/umfragen\/\" data-sctrack=\"BodyAnchor\" target=\"_blank\" rel=\"noopener\">Umfrage<\/a> des Meinungsforschungsinstituts YouGov im Auftrag der Deutschen Presse-Agentur ergeben.<\/p>\n<p class=\"text-18 leading-17\">Demnach bef\u00fcrworten mehr als drei von vier Deutschen (77 Prozent), dass neue Kriegsfl\u00fcchtlinge aus der Ukraine bald kein B\u00fcrgergeld mehr erhalten sollen, sondern stattdessen die geringeren Leistungen f\u00fcr Asylbewerber. Elf Prozent der Teilnehmer halten diese Entscheidung der neuen schwarz-roten Koalition f\u00fcr falsch. Zw\u00f6lf Prozent der Befragten trauten sich in dieser Frage kein Urteil zu.<\/p>\n<p class=\"text-18 leading-17\">Im <a class=\"transition-colors duration-200 cursor-pointer text-inherit no-underline text-salemsfur md:hover:text-magenta md:hover:border-magenta md:focus:text-magenta border-current border-b border-solid break-words\" href=\"https:\/\/www.t-online.de\/themen\/koalitionsvertrag\/\" data-sctrack=\"BodyAnchor\" target=\"_blank\" rel=\"noopener\">Koalitionsvertrag<\/a> von <a class=\"transition-colors duration-200 cursor-pointer text-inherit no-underline text-salemsfur md:hover:text-magenta md:hover:border-magenta md:focus:text-magenta border-current border-b border-solid break-words\" href=\"https:\/\/www.t-online.de\/themen\/cdu\/\" data-sctrack=\"BodyAnchor\" target=\"_blank\" rel=\"noopener\">CDU<\/a>, <a class=\"transition-colors duration-200 cursor-pointer text-inherit no-underline text-salemsfur md:hover:text-magenta md:hover:border-magenta md:focus:text-magenta border-current border-b border-solid break-words\" href=\"https:\/\/www.t-online.de\/themen\/csu\/\" data-sctrack=\"BodyAnchor\" target=\"_blank\" rel=\"noopener\">CSU<\/a> und <a class=\"transition-colors duration-200 cursor-pointer text-inherit no-underline text-salemsfur md:hover:text-magenta md:hover:border-magenta md:focus:text-magenta border-current border-b border-solid break-words\" href=\"https:\/\/www.t-online.de\/themen\/spd\/\" data-sctrack=\"BodyAnchor\" target=\"_blank\" rel=\"noopener\">SPD<\/a> hei\u00dft es w\u00f6rtlich: &#8222;Fl\u00fcchtlinge mit Aufenthaltsrecht nach der Massenzustrom-Richtlinie, die nach dem 01.04.2025 eingereist sind, sollen wieder Leistungen nach dem Asylbewerberleistungsgesetz erhalten, sofern sie bed\u00fcrftig sind.&#8220;<\/p>\n<p class=\"text-18 leading-17\">Die Bed\u00fcrftigkeit m\u00fcsse zudem durch konsequente und bundesweit einheitliche Verm\u00f6genspr\u00fcfungen nachgewiesen werden.<\/p>\n<p class=\"text-18 leading-17\">Wie die neue Regelung genau ausgestaltet sein wird, ist allerdings noch nicht bekannt. Asylbewerber erhalten f\u00fcr maximal 36 Monate die niedrigeren Leistungen nach Asylbewerberleistungsgesetz, solange noch keine Aufenthaltserlaubnis erteilt wurde. Ist der Aufenthaltsstatus gekl\u00e4rt, etwa durch Anerkennung als Fl\u00fcchtling, besteht, wenn jemand bed\u00fcrftig ist, Anspruch auf B\u00fcrgergeld.<\/p>\n<p class=\"text-18 leading-17\">F\u00fcr ukrainische Kriegsfl\u00fcchtlinge gilt allerdings seit 2022 EU-weit die &#8222;Massenzustrom-Richtlinie&#8220;. Das bedeutet, dass sie einen Aufenthaltsstatus erhalten, ohne einen Asylantrag stellen zu m\u00fcssen.<\/p>\n<p class=\"text-18 leading-17\">Die Fl\u00fcchtlinge aus der Ukraine haben in Deutschland seit dem 1. Juni 2022, wenn sie nicht selbst f\u00fcr ihren Lebensunterhalt sorgen k\u00f6nnen, Anspruch auf B\u00fcrgergeld. Demn\u00e4chst soll sich das \u00e4ndern. Sie sollen wieder die niedrigeren Asylbewerberleistungen erhalten. Diejenigen, die schon l\u00e4nger in Deutschland sind, betrifft diese geplante \u00c4nderung nicht.<\/p>\n<p class=\"text-18 leading-17\">Die Geltungsdauer der EU-Richtlinie f\u00fcr die Ukraine-Fl\u00fcchtlinge war bis M\u00e4rz 2026 verl\u00e4ngert worden. Aktuell leben mehr als 1,25 Millionen ukrainische Gefl\u00fcchtete in Deutschland. \u00dcber 60 Prozent der Menschen aus der Ukraine, die seit Beginn des russischen Angriffskriegs am 24. Februar 2022 hierzulande Zuflucht gesucht haben, sind Frauen und M\u00e4dchen.<\/p>\n<p class=\"text-18 leading-17\">Von den insgesamt 2.275 Wahlberechtigten, die zwischen vergangenem Freitag und Montag an der YouGov-Umfrage teilnahmen, gab fast jeder Dritte (30 Prozent) an, bislang keine Gefl\u00fcchteten aus der Ukraine kennengelernt zu haben.<\/p>\n","protected":false},"excerpt":{"rendered":"Ukrainische Fl\u00fcchtlinge F\u00fcr diese Ma\u00dfnahme erh\u00e4lt Schwarz-Rot gro\u00dfe Zustimmung 01.05.2025 &#8211; 05:28 UhrLesedauer: 2 Min. Gefl\u00fcchtete Frauen und&hellip;\n","protected":false},"author":2,"featured_media":74889,"comment_status":"","ping_status":"","sticky":false,"template":"","format":"standard","meta":{"footnotes":""},"categories":[4012],"tags":[1217,331,332,533,31,774,2520,29,548,5249,13,1215,14,15,12,184,317,32420],"class_list":{"0":"post-74888","1":"post","2":"type-post","3":"status-publish","4":"format-standard","5":"has-post-thumbnail","7":"category-ukraine","8":"tag-1217","9":"tag-aktuelle-nachrichten","10":"tag-aktuelle-news","11":"tag-asyl","12":"tag-cdu","13":"tag-csu","14":"tag-deutsche-presse-agentur","15":"tag-deutschland","16":"tag-eu","17":"tag-fluechtlinge","18":"tag-headlines","19":"tag-koalitionsvertrag","20":"tag-nachrichten","21":"tag-news","22":"tag-schlagzeilen","23":"tag-spd","24":"tag-ukraine","25":"tag-yougov"},"share_on_mastodon":{"url":"https:\/\/pubeurope.com\/@de\/114430531659902030","error":""},"_links":{"self":[{"href":"https:\/\/www.europesays.com\/de\/wp-json\/wp\/v2\/posts\/74888","targetHints":{"allow":["GET"]}}],"collection":[{"href":"https:\/\/www.europesays.com\/de\/wp-json\/wp\/v2\/posts"}],"about":[{"href":"https:\/\/www.europesays.com\/de\/wp-json\/wp\/v2\/types\/post"}],"author":[{"embeddable":true,"href":"https:\/\/www.europesays.com\/de\/wp-json\/wp\/v2\/users\/2"}],"replies":[{"embeddable":true,"href":"https:\/\/www.europesays.com\/de\/wp-json\/wp\/v2\/comments?post=74888"}],"version-history":[{"count":0,"href":"https:\/\/www.europesays.com\/de\/wp-json\/wp\/v2\/posts\/74888\/revisions"}],"wp:featuredmedia":[{"embeddable":true,"href":"https:\/\/www.europesays.com\/de\/wp-json\/wp\/v2\/media\/74889"}],"wp:attachment":[{"href":"https:\/\/www.europesays.com\/de\/wp-json\/wp\/v2\/media?parent=74888"}],"wp:term":[{"taxonomy":"category","embeddable":true,"href":"https:\/\/www.europesays.com\/de\/wp-json\/wp\/v2\/categories?post=74888"},{"taxonomy":"post_tag","embeddable":true,"href":"https:\/\/www.europesays.com\/de\/wp-json\/wp\/v2\/tags?post=74888"}],"curies":[{"name":"wp","href":"https:\/\/api.w.org\/{rel}","templated":true}]}}