{"id":74902,"date":"2025-05-01T03:55:11","date_gmt":"2025-05-01T03:55:11","guid":{"rendered":"https:\/\/www.europesays.com\/de\/74902\/"},"modified":"2025-05-01T03:55:11","modified_gmt":"2025-05-01T03:55:11","slug":"rekordwaerme-und-gewittergefahr-durch-kaltfront","status":"publish","type":"post","link":"https:\/\/www.europesays.com\/de\/74902\/","title":{"rendered":"Rekordw\u00e4rme und Gewittergefahr durch Kaltfront."},"content":{"rendered":"<p><strong>Deutschland erlebt heute, am Tag der Arbeit, den bisher w\u00e4rmsten Tag des Jahres 2025. Unter dem Einfluss des Hochdruckgebiets \u201eQuendolin\u201c herrscht in weiten Teilen des Landes fr\u00fchsommerliches Wetter mit viel Sonnenschein und Temperaturen, die regional sommerliche Werte erreichen. Doch bereits ab Freitag k\u00fcndigt sich ein abrupter Wetterumschwung an: Eine Kaltfront bringt starke Gewitter, Starkregen, Hagel und Sturmb\u00f6en, die lokal Unwetterpotenzial mit sich f\u00fchren k\u00f6nnen.<\/strong><\/p>\n<p><img loading=\"lazy\" data-recalc-dims=\"1\" decoding=\"async\" width=\"941\" height=\"791\" src=\"https:\/\/www.europesays.com\/de\/wp-content\/uploads\/2025\/05\/Screenshot_1.png\" alt=\"Artikelbild:Deutschland am 1. Mai 2025: Rekordw\u00e4rme und Gewittergefahr durch Kaltfront.\" class=\"wp-image-35185\" title=\"Panorama : Deutschland am 1. Mai 2025: Rekordw\u00e4rme und Gewittergefahr durch Kaltfront.\"  \/>Heute wird es vor allem im Westen und in der Mitte des Landes hochsommerlich warm mit bis zu 29 Grad. <\/p>\n<p>Heute steigen die Temperaturen in Deutschland auf au\u00dfergew\u00f6hnlich hohe Werte. Im Raum K\u00f6ln und D\u00fcsseldorf werden bis zu 29 Grad erwartet, w\u00e4hrend Stuttgart und Frankfurt am Main mit bis zu 28 Grad ebenfalls fr\u00fchsommerliche Bedingungen erleben. Selbst an der Nordsee, rund um Kiel und Cuxhaven, klettern die Thermometer auf bis zu 26 Grad. \u201eDas Hochdruckgebiet Quendolin sorgt f\u00fcr stabiles, sonniges und zumeist trockenes Wetter\u201c, erkl\u00e4rt Carmen Rommel von der Meteoleitstelle. Lediglich im S\u00fcden von Deutschland, insbesondere in den Alpen und im S\u00fcdschwarzwald, besteht aufgrund feuchterer Luft eine leichte Schauer- und Gewitterneigung. Nachmittags k\u00f6nnen dort vereinzelt Gewitter mit Starkregen (bis 15 l\/qm in kurzer Zeit) und kleink\u00f6rnigem Hagel auftreten.<\/p>\n<p><a href=\"https:\/\/meteozentrale.de\/wetternews\/wetter.php?input=Dortmund\" rel=\"nofollow noopener\" target=\"_blank\"><img data-recalc-dims=\"1\" loading=\"lazy\" decoding=\"async\" width=\"1024\" height=\"401\" src=\"https:\/\/www.europesays.com\/de\/wp-content\/uploads\/2025\/05\/qg4thht4.png\" alt=\"Artikelbild:Deutschland am 1. Mai 2025: Rekordw\u00e4rme und Gewittergefahr durch Kaltfront.\" class=\"wp-image-35186\" title=\"Panorama : Deutschland am 1. Mai 2025: Rekordw\u00e4rme und Gewittergefahr durch Kaltfront.\"  \/><\/a>In Dortmund und im \u00fcbrigen Ruhrgebiet wird der 1.Mai ein wahrer Wonnetag. Doch wie Sie auf der Grafik erkennen k\u00f6nnen folgt am Wochenende ein markanter Absturz der Temperaturen. <\/p>\n<p>Die hohen Temperaturen sind auf die Zufuhr subtropischer Warmluft zur\u00fcckzuf\u00fchren, die durch eine S\u00fcd- bis S\u00fcdweststr\u00f6mung nach Deutschland gelangt. Besonders entlang des Rheins wird sogar die 30-Grad-Marke angepeilt, was f\u00fcr Anfang Mai ungew\u00f6hnlich ist. \u201eDie kr\u00e4ftige Aprilsonne und die warme Luftmasse lassen die Temperaturen Tag f\u00fcr Tag steigen\u201c, so erkl\u00e4rt Carmen Rommel weiter. Nachts bleiben die Temperaturen meist \u00fcber dem Gefrierpunkt, wodurch Bl\u00fcmchen gef\u00e4hrdender Bodenfrost weitgehend ausbleibt.<\/p>\n<p>Kaltfront am Freitag: Gewitter und Temperatursturz<\/p>\n<p>Ab Freitag, dem 2. Mai, \u00e4ndert sich die Wetterlage drastisch. Hoch Quendolin zieht sich nach Osteuropa zur\u00fcck und macht Platz f\u00fcr ein Skandinavientief, dessen Kaltfront Deutschland von Nordwesten her erreicht. \u201eDiese Kaltfront bringt einen abrupten Wetterumschwung\u201c, warnt der DWD in dessen Wochenvorschau. Besonders in <strong><a href=\"https:\/\/meteozentrale.de\/wetternews\/index.php?plz=Bonn\" rel=\"nofollow noopener\" target=\"_blank\">Nordrhein-Westfalen<\/a><\/strong>, dem s\u00fcdlichen <strong><a href=\"https:\/\/meteozentrale.de\/wetternews\/index.php?plz=Celle\" rel=\"nofollow noopener\" target=\"_blank\">Niedersachsen<\/a><\/strong>, Brandenburg und Sachsen sind im Tagesverlauf teils kr\u00e4ftige Gewitter wahrscheinlich. Lokal k\u00f6nnen diese eng begrenzt mit Starkregen (bis 20\u201325 l\/qm in kurzer Zeit), kleink\u00f6rnigem<strong><a href=\"https:\/\/meteozentrale.de\/sturmmodul\/sturm.php?input=Celle\" rel=\"nofollow noopener\" target=\"_blank\"> Hagel und Sturmb\u00f6en<\/a><\/strong> (um 70\u201380 km\/h) auftreten. In \u00f6stlichen Regionen sind mit geringer Wahrscheinlichkeit schwere Sturmb\u00f6en (ab 100 km\/h) oder sogar orkanartige B\u00f6en (ab 120 km\/h) an den st\u00e4rksten Gewittern m\u00f6glich.<\/p>\n<p><a href=\"https:\/\/meteozentrale.de\/wetternews\/wetter.php?input=Erfurt\" rel=\"nofollow noopener\" target=\"_blank\"><img data-recalc-dims=\"1\" loading=\"lazy\" decoding=\"async\" width=\"1024\" height=\"312\" src=\"https:\/\/www.europesays.com\/de\/wp-content\/uploads\/2025\/05\/g4s7g721.png\" alt=\"Artikelbild:Deutschland am 1. Mai 2025: Rekordw\u00e4rme und Gewittergefahr durch Kaltfront.\" class=\"wp-image-35187\" title=\"Panorama : Deutschland am 1. Mai 2025: Rekordw\u00e4rme und Gewittergefahr durch Kaltfront.\"  \/><\/a>Die Gefahr von Gewittern und \u00f6rtlichen Unwettern steigt ab Freitag signifikant an. <\/p>\n<p>Die Temperaturen st\u00fcrzen innerhalb weniger Stunden um 10 bis 15 Grad ab. W\u00e4hrend der S\u00fcden zun\u00e4chst noch milde <strong>Temperaturen um 25\u201339 Grad<\/strong> verzeichnet, k\u00fchlt es im Norden deutlich ab, mit H\u00f6chstwerten zwischen 15 und 20 Grad. \u201eDer Fr\u00fchling f\u00fchlt sich dann pl\u00f6tzlich wie eine ferne Erinnerung an\u201c, betont eine Meteorologin von meteozentrale.de. Besonders in der Nordh\u00e4lfte Deutschlands ziehen dichte Wolken auf, begleitet von Schauern und kr\u00e4ftigen Gewittern, w\u00e4hrend der S\u00fcden teilweise noch sonnig bleibt.<\/p>\n<p>Samstag: Ausgepr\u00e4gte Unwettergefahr<\/p>\n<p><strong>Am Samstag, dem 3. Mai<\/strong>, bleibt die Gewitterlage besonders in der Mitte Deutschlands ausgepr\u00e4gt, mit erh\u00f6hter Unwettergefahr. \u201eIn Regionen wie Hessen, Sachsen-Anhalt und Th\u00fcringen k\u00f6nnen Gewitter mit Starkregen, Hagel und Sturmb\u00f6en f\u00fcr Chaos sorgen\u201c, so Peter Richter. Im S\u00fcden, insbesondere in Bayern und Baden-W\u00fcrttemberg, treten Gewitter auf, die jedoch meist weniger intensiv sind. An der Nordsee sorgt ein st\u00fcrmischer Nordwestwind f\u00fcr raue Bedingungen, mit B\u00f6en von 50 bis 65 km\/h, auf dem Brocken sind sogar Sturmb\u00f6en m\u00f6glich.<\/p>\n<p><a href=\"https:\/\/www.dwd.de\/DE\/wetter\/warnungen_aktuell\/wochenvorhersage\/wochenvorhersage_node.html\" rel=\"nofollow noopener\" target=\"_blank\"><img data-recalc-dims=\"1\" loading=\"lazy\" decoding=\"async\" width=\"746\" height=\"516\" src=\"https:\/\/www.europesays.com\/de\/wp-content\/uploads\/2025\/05\/Screenshot_2.png\" alt=\"Artikelbild:Deutschland am 1. Mai 2025: Rekordw\u00e4rme und Gewittergefahr durch Kaltfront.\" class=\"wp-image-35188\" style=\"width:840px;height:auto\" title=\"Panorama : Deutschland am 1. Mai 2025: Rekordw\u00e4rme und Gewittergefahr durch Kaltfront.\"  \/><\/a>So sch\u00e4tzt der Deutsche Wetterdienst aktuell die Unwettergefahr f\u00fcr den Freitag und Samstag in Deutschland ein. <\/p>\n<p><strong><a href=\"https:\/\/meteozentrale.de\/wetternews\/unwetter.php\" rel=\"nofollow noopener\" target=\"_blank\">Die Gewitter<\/a><\/strong> k\u00f6nnen lokal erhebliche Sch\u00e4den verursachen. \u201eHeftiger Regen k\u00f6nnte Stra\u00dfen \u00fcberschwemmen, kleiner Hagel Fahrzeuge oder Fenster besch\u00e4digen, und starke Winde k\u00f6nnten Stromleitungen oder B\u00e4ume zu Fall bringen\u201cBesonders in den Mittelgebirgen wie dem Harz oder Schwarzwald besteht ein erh\u00f6htes Risiko f\u00fcr markante Gewitter.<\/p>\n<p><strong>F\u00fcr den Sonntag wird eine leichte Beruhigung der Wetterlage erwartet, allerdings bleiben im S\u00fcden schauerartige Niederschl\u00e4ge und teils kr\u00e4ftige Gewitter m\u00f6glich, besonders in Alpenn\u00e4he. Der Norden und Nordosten verzeichnen einzelne Schauer bei k\u00fchleren Temperaturen von 12 bis 17 Grad.<\/strong><\/p>\n<p>\t\t\tURL kopieren<br \/>\n\t\t\tURL kopiert\n\t\t<\/p>\n","protected":false},"excerpt":{"rendered":"Deutschland erlebt heute, am Tag der Arbeit, den bisher w\u00e4rmsten Tag des Jahres 2025. Unter dem Einfluss des&hellip;\n","protected":false},"author":2,"featured_media":74903,"comment_status":"","ping_status":"","sticky":false,"template":"","format":"standard","meta":{"footnotes":"","_share_on_mastodon":"0"},"categories":[2],"tags":[331,3924,332,3922,296,1741,3364,29,24489,2386,32422,13866,24490,7137,2051,30,46,13,18401,24493,6220,4949,24494,32423,32424,14,3923,15,3921,583,12,1441],"class_list":["post-74902","post","type-post","status-publish","format-standard","has-post-thumbnail","category-deutschland","tag-aktuelle-nachrichten","tag-aktuelle-nachrichten-aus-deutschland","tag-aktuelle-news","tag-aktuelle-news-aus-deutschland","tag-berlin","tag-bonn","tag-de","tag-deutschland","tag-deutschlandwetter","tag-dresden","tag-du00fcsseldorf","tag-eberswalde","tag-eisenach","tag-erfurt","tag-frankfurt-am-main","tag-germany","tag-hannover","tag-headlines","tag-heilbronn","tag-hessenwetter","tag-kassel","tag-kiel","tag-ku00f6ln","tag-lu00fcbeck","tag-mu00fcnchen","tag-nachrichten","tag-nachrichten-aus-deutschland","tag-news","tag-news-aus-deutschland","tag-rostock","tag-schlagzeilen","tag-stuttgart"],"share_on_mastodon":{"url":"https:\/\/pubeurope.com\/@de\/114430563230977484","error":""},"_links":{"self":[{"href":"https:\/\/www.europesays.com\/de\/wp-json\/wp\/v2\/posts\/74902","targetHints":{"allow":["GET"]}}],"collection":[{"href":"https:\/\/www.europesays.com\/de\/wp-json\/wp\/v2\/posts"}],"about":[{"href":"https:\/\/www.europesays.com\/de\/wp-json\/wp\/v2\/types\/post"}],"author":[{"embeddable":true,"href":"https:\/\/www.europesays.com\/de\/wp-json\/wp\/v2\/users\/2"}],"replies":[{"embeddable":true,"href":"https:\/\/www.europesays.com\/de\/wp-json\/wp\/v2\/comments?post=74902"}],"version-history":[{"count":0,"href":"https:\/\/www.europesays.com\/de\/wp-json\/wp\/v2\/posts\/74902\/revisions"}],"wp:featuredmedia":[{"embeddable":true,"href":"https:\/\/www.europesays.com\/de\/wp-json\/wp\/v2\/media\/74903"}],"wp:attachment":[{"href":"https:\/\/www.europesays.com\/de\/wp-json\/wp\/v2\/media?parent=74902"}],"wp:term":[{"taxonomy":"category","embeddable":true,"href":"https:\/\/www.europesays.com\/de\/wp-json\/wp\/v2\/categories?post=74902"},{"taxonomy":"post_tag","embeddable":true,"href":"https:\/\/www.europesays.com\/de\/wp-json\/wp\/v2\/tags?post=74902"}],"curies":[{"name":"wp","href":"https:\/\/api.w.org\/{rel}","templated":true}]}}