{"id":749051,"date":"2026-01-26T20:20:13","date_gmt":"2026-01-26T20:20:13","guid":{"rendered":"https:\/\/www.europesays.com\/de\/749051\/"},"modified":"2026-01-26T20:20:13","modified_gmt":"2026-01-26T20:20:13","slug":"diese-filme-zeigt-das-knup-kino-in-oerlinghausen-lokale-nachrichten-aus-oerlinghausen","status":"publish","type":"post","link":"https:\/\/www.europesays.com\/de\/749051\/","title":{"rendered":"Diese Filme zeigt das \u201eKNUP-Kino\u201c in Oerlinghausen | Lokale Nachrichten aus Oerlinghausen"},"content":{"rendered":"<p id=\"absatz1\">Oerlinghausen. Das Soziokulturelle Zentrum Oerlinghausen l\u00e4dt ab Freitag, 30. Januar, wieder jeden letzten Freitag im Monat zum \u201eKNUP-Kino\u201c ein. Den Auftakt der neuen Saison macht der Film \u201eBonhoeffer\u201c. Im Anschluss kann der kontrovers diskutierte Film in der Cnaipe noch einmal Revue passiert lassen werden. Um 19 Uhr startet der Einlass zu den Filmvorf\u00fchrungen, die um 19.30 Uhr in der Halle oder der Cnaipe vom KNUP stattfinden. Der Eintritt betr\u00e4gt weiterhin 5 Euro. <\/p>\n<p id=\"absatz2\">Die Veranstaltungsgruppe blickt auf ein sehr gut besuchtes Kino-Jahr 2025 zur\u00fcck: \u201eEs kamen rund 300 Besucherinnen und Besucher zu den zw\u00f6lf Filmen im vergangenen Jahr\u201c, hei\u00dft es seitens der Veranstaltungsgruppe. Mittlerweile habe sich ein Stammpublikum herausgebildet, aber auch neue G\u00e4ste geh\u00f6rten zu jeder Kinovorstellung dazu, so die Veranstalter. Neben den gem\u00fctlichen Kinoabenden im Haus wird es 2026 auch wieder drei Open-Air-Vorstellungen im KNUP-Garten geben. \u201eDie Sommer-Veranstaltungen sind sehr beliebt, manche Besucher und Besucherinnen bringen eigene Sitzm\u00f6glichkeiten mit, sitzen in der H\u00e4ngematte oder am Lagerfeuer, w\u00e4hrend sie den Film auf der 4-Meter-Leinwand schauen\u201c, so die Veranstalter weiter.<\/p>\n<p>Filme mit gesellschafts-politischem Bezug <\/p>\n<p id=\"absatz3\">Im Oktober 2025 begannen die Vorbereitungen f\u00fcr die neue KNUP-Kino-Saison. Zahlreiche Filmverleihe wurden angeschrieben und verschiedenste Filme f\u00fcr das gesamte Jahr gebucht: Die Filme zeichnen sich durch einen filmischen Anspruch und oftmals durch eine gesellschaftspolitische Relevanz aus. Mit dem Film \u201eBonhoeffer\u201c, der das Leben des Theologen und Widerstandsk\u00e4mpfers gegen das NS-Regime zeigt, wird auch ein Film gezeigt, der inhaltlich oftmals in Kritik steht. Auch geh\u00f6ren wieder zwei Dokumentationen zum Programm. Im Februar erinnert der Dokumentarfilm \u201eDas Deutsche Volk\u201c an den rassistischen Anschlag in Hanau vor f\u00fcnf Jahren. Im Fokus stehen dabei die Angeh\u00f6rigen der Opfer. Anl\u00e4sslich des feministischen Kampftags im M\u00e4rz sind gleich zwei Filme M\u00e4dchen und Frauen gewidmet. <\/p>\n<p id=\"absatz4\">Der Film \u201eKarla\u201c zeigt, wie ein junges M\u00e4dchen im Deutschland der 1960er-Jahre mutig gegen Missbrauch vorgeht und f\u00fcr Geh\u00f6r und Gerechtigkeit k\u00e4mpft. \u201eOxana \u2013 Mein Leben f\u00fcr Freiheit\u201c erz\u00e4hlt das bewegende Portr\u00e4t der ukrainischen K\u00fcnstlerin und FEMEN-Mitbegr\u00fcnderin Oksana Schatschko, die durch provokative Protestaktionen gegen Sexismus, Korruption und politische Unterdr\u00fcckung f\u00fcr Freiheit und Gleichberechtigung k\u00e4mpfte. Bevor es im Sommer f\u00fcr das KNUP-Kino in die Open-Air-Saison geht, erz\u00e4hlt der Film \u201eIm Schatten des Orangenbaums\u201c \u00fcber drei Generationen die bewegende Geschichte einer pal\u00e4stinensischen Familie, deren Schicksal eng mit Krieg, Vertreibung und dem Wunsch nach Vers\u00f6hnung verkn\u00fcpft ist.<\/p>\n<p>Open-Air-Saison mit drei Filmen <\/p>\n<p id=\"absatz5\">\u201eTandem\u201c, \u201eMit der Faust in die Welt schlagen\u201c und \u201eK\u00f6ln 75\u201c werden an hoffentlich lauen Sommerabenden unter freiem Himmel gezeigt. Die Filme handeln von Freundschaft, Selbsterm\u00e4chtigung und inspirierenden Geschichten aus unterschiedlichen Lebenswelten und Lebensphasen. Das Open-Air-Erlebnis macht das gemeinsame Anschauen zu etwas Besonderem \u2013 mit Sommerluft, k\u00fchlen Getr\u00e4nken und Gelegenheit zum Austausch mit anderen Menschen.<\/p>\n<p id=\"absatz6\">Im September begleitet der Dokufilm \u201eEinfach machen!\u201c, Pionierinnen der deutschsprachigen Punk-Szene von den sp\u00e4ten 1970er-Jahren bis heute und erz\u00e4hlt, wie Frauen in einer m\u00e4nnerdominierten Musikwelt mit Mut und Kreativit\u00e4t Freir\u00e4ume eroberten sowie Rollenklischees infrage stellten. Den Jahresabschluss bilden der inspirierende Spielfilm \u201eMaria Montessori\u201c \u00fcber die Lebensgeschichte der einflussreichen Reformp\u00e4dagogin und das vielfach ausgezeichnete Generationen-Drama \u201eIn die Sonne schauen\u201c, das als deutscher Beitrag ins Oscar-Rennen geht und die Lebenswege mehrerer Frauen \u00fcber ein Jahrhundert hinweg eindrucksvoll verwebt. Bei den Filmen handelt es sich um aktuelle Kinofilme: acht aus 2025, zwei von 2024 und ein Film aus dem Jahr 2023. <\/p>\n<p>Keine Vorstellung im Dezember<\/p>\n<p id=\"absatz7\">Im Dezember wird auf eine Kinovorstellung verzichtet, da diese auf den ersten Weihnachtsfeiertag fallen w\u00fcrde. Das \u201eKNUP-Kino\u201c freut sich auf ein weiteres Jahr voller spannender Filme, inspirierender Geschichten und gemeinsamer Kino-Abende \u2013 drinnen wie drau\u00dfen. F\u00fcr entspannte Momente sorgen Popcorn, sommerliche Stimmung und das gemeinsame Filmerlebnis, hei\u00dft es abschlie\u00dfend. <\/p>\n","protected":false},"excerpt":{"rendered":"Oerlinghausen. Das Soziokulturelle Zentrum Oerlinghausen l\u00e4dt ab Freitag, 30. Januar, wieder jeden letzten Freitag im Monat zum \u201eKNUP-Kino\u201c&hellip;\n","protected":false},"author":2,"featured_media":749052,"comment_status":"","ping_status":"","sticky":false,"template":"","format":"standard","meta":{"footnotes":"","_share_on_mastodon":"0"},"categories":[1841],"tags":[1605,171119,3364,29,30,171121,1613,1209,22057,59364,171120],"class_list":["post-749051","post","type-post","status-publish","format-standard","has-post-thumbnail","category-bielefeld","tag-bielefeld","tag-bonhoeffer","tag-de","tag-deutschland","tag-germany","tag-knup-kino","tag-meta_userneeds_informieremich","tag-nordrhein-westfalen","tag-oerlinghausen","tag-saisonauftakt","tag-soziokulturelles-zentrum-oerlinghausen"],"share_on_mastodon":{"url":"https:\/\/pubeurope.com\/@de\/115963260043647199","error":""},"_links":{"self":[{"href":"https:\/\/www.europesays.com\/de\/wp-json\/wp\/v2\/posts\/749051","targetHints":{"allow":["GET"]}}],"collection":[{"href":"https:\/\/www.europesays.com\/de\/wp-json\/wp\/v2\/posts"}],"about":[{"href":"https:\/\/www.europesays.com\/de\/wp-json\/wp\/v2\/types\/post"}],"author":[{"embeddable":true,"href":"https:\/\/www.europesays.com\/de\/wp-json\/wp\/v2\/users\/2"}],"replies":[{"embeddable":true,"href":"https:\/\/www.europesays.com\/de\/wp-json\/wp\/v2\/comments?post=749051"}],"version-history":[{"count":0,"href":"https:\/\/www.europesays.com\/de\/wp-json\/wp\/v2\/posts\/749051\/revisions"}],"wp:featuredmedia":[{"embeddable":true,"href":"https:\/\/www.europesays.com\/de\/wp-json\/wp\/v2\/media\/749052"}],"wp:attachment":[{"href":"https:\/\/www.europesays.com\/de\/wp-json\/wp\/v2\/media?parent=749051"}],"wp:term":[{"taxonomy":"category","embeddable":true,"href":"https:\/\/www.europesays.com\/de\/wp-json\/wp\/v2\/categories?post=749051"},{"taxonomy":"post_tag","embeddable":true,"href":"https:\/\/www.europesays.com\/de\/wp-json\/wp\/v2\/tags?post=749051"}],"curies":[{"name":"wp","href":"https:\/\/api.w.org\/{rel}","templated":true}]}}