{"id":749157,"date":"2026-01-26T21:19:14","date_gmt":"2026-01-26T21:19:14","guid":{"rendered":"https:\/\/www.europesays.com\/de\/749157\/"},"modified":"2026-01-26T21:19:14","modified_gmt":"2026-01-26T21:19:14","slug":"basel-entlaesst-magnin-nach-sieg-lichtsteiner-10-trainer-seit-2020","status":"publish","type":"post","link":"https:\/\/www.europesays.com\/de\/749157\/","title":{"rendered":"Basel entl\u00e4sst Magnin nach Sieg \u2013 Lichtsteiner 10. Trainer seit 2020"},"content":{"rendered":"<p>Ex-FCA-Profi \u00fcbernimmt\u00a0<\/p>\n<p>                                    <img decoding=\"async\" src=\"https:\/\/www.europesays.com\/de\/wp-content\/uploads\/2026\/01\/ludovic-magnin-fc-basel-2026-1769431387-188042.jpg\" title=\"Basel entl\u00e4sst Magnin nach Sieg \u2013 Lichtsteiner 10. Trainer seit 2020\" alt=\"Basel entl\u00e4sst Magnin nach Sieg \u2013 Lichtsteiner 10. Trainer seit 2020\"\/><\/p>\n<p>\n                                       \u00a9IMAGO\n                                    <\/p>\n<p>Der Artikel erschien in erster Fassung um 13:47 Uhr und wurde nach der Einstellung Lichtsteiners aktualisiert<\/p>\n<p>Ein spektakul\u00e4res 4:3 im Klassiker gegen den FC Z\u00fcrich hat <a title=\"Ludovic Magnin\" href=\"https:\/\/www.transfermarkt.de\/ludovic-magnin\/profil\/trainer\/27296\" rel=\"nofollow noopener\" target=\"_blank\">Ludovic Magnin<\/a> nicht gereicht, um seinen Job zu sichern. Der <a title=\"FC Basel 1893\" href=\"https:\/\/www.transfermarkt.de\/fc-basel-1893\/startseite\/verein\/26\" target=\"_blank\" rel=\"nofollow noopener\">FC Basel<\/a> hat den ehemaligen Bundesliga-Profi nach etwas mehr als einem halben Jahr am Montagmittag freigestellt. Nachdem die Zeitung \u201eBlick\u201c den langj\u00e4hrigen Schweizer Nationalspieler <a title=\"Stephan Lichtsteiner\" href=\"https:\/\/www.transfermarkt.de\/stephan-lichtsteiner\/profil\/trainer\/95081\" rel=\"nofollow noopener\" target=\"_blank\">Stephan Lichtsteiner<\/a> am Montag als Favoriten auf die Nachfolge benannt hatte, best\u00e4tigte der FCB am Abend die Verpflichtung.<\/p>\n<p><\/p>\n<p>Magnin folgte erst im Sommer auf <a title=\"Fabio Celestini\" href=\"https:\/\/www.transfermarkt.de\/fabio-celestini\/profil\/trainer\/17687\" rel=\"nofollow noopener\" target=\"_blank\">Fabio Celestini<\/a>, den es nach dem Gewinn des Doubles nach Russland zu ZSKA Moskau zog. In 33 Partien holte der 46-J\u00e4hrige im Schnitt 1,58 Punkte. In der Europa League ist Basel nach zwei Siegen aus sieben Spielen f\u00fcr das Weiterkommen auf Sch\u00fctzenhilfe angewiesen, in der Super League liegt man <a href=\"https:\/\/www.transfermarkt.de\/super-league\/tabelle\/wettbewerb\/C1\/saison_id\/2025\" target=\"_blank\" rel=\"nofollow noopener\">zehn Punkte hinter \u00dcberraschungs-Spitzenreiter FC Thun<\/a>.<\/p>\n<p><\/p>\n<p>\u201eIn den Wochen und Monaten vor der Winterpause hatten wir das Gef\u00fchl, dass unsere Leistungen stagnierten und wir nicht mehr die Konstanz auf den Platz brachten, die es f\u00fcr unsere ambitionierten Ziele braucht. Die ersten drei Spiele im neuen Jahr, darunter das Unentschieden zuhause gegen den FC Sion, sowie vor allem der ungen\u00fcgende Auftritt ausw\u00e4rts in Salzburg, entsprachen dann auch nicht den Erwartungen der sportlichen Leitung \u2013 die erhoffte Trendwende blieb trotz einer guten Vorbereitung aus. Stand heute k\u00f6nnen wir einige unserer Ziele noch erreichen. Aus diesem Grund haben wir uns dazu entschieden, diesen Schritt, der uns alles andere als leichtf\u00e4llt, zu vollziehen\u201c, sagte Sportdirektor <a title=\"Daniel Stucki\" href=\"https:\/\/www.transfermarkt.de\/daniel-stucki\/profil\/trainer\/62587\" rel=\"nofollow noopener\" target=\"_blank\">Daniel Stucki<\/a> \u00fcber die Entlassung von Magnin.<\/p>\n<p>\nNati-Ikone Lichtsteiner folgt auf Magnin beim FC Basel<\/p>\n<p>Der FC Basel hat mit Lichtsteiner bereits einen Nachfolger Magnin ausfindig verpflichtet. Urspr\u00fcnglich liefen laut \u201eBlick\u201c Verhandlungen dar\u00fcber, ob er im Sommer die U23 des Klubs \u00fcbernimmt, nun wird er Cheftrainer bei den Profis. Lichtsteiner, der zuletzt beim Schweizer Viertligisten FC Wettswil-Bonstetten unter Vertrag stand, <a href=\"https:\/\/www.transfermarkt.de\/fc-basel-1893\/mitarbeiterhistorie\/verein\/26\" rel=\"nofollow noopener\" target=\"_blank\">ist der zehnte Trainer in Basel seit 2020<\/a>. Den Verein kennt er schon aus einer T\u00e4tigkeit als Jugendcoach zwischen 2022 und 2024. Als Ex-Profi von unter anderem Juventus, Lazio und Arsenal ist er einer der hochdekoriertesten Schweizer Fu\u00dfballer seiner Generation. In der Bundesliga war Lichtsteiner vor seinem Karriereende ein Jahr beim FC Augsburg aktiv.<\/p>\n<p>Basel-Manager Stucki sagte \u00fcber die Verpflichtung: \u201eWir kennen Stephan bereits aus der Nachwuchsabteilung und ich habe dort schon \u00fcber zwei Jahre mit ihm direkt zusammengearbeitet. Er bringt ein gro\u00dfes taktisches Verst\u00e4ndnis mit und versteht es seit jeher, seine Teams mitzurei\u00dfen und als Kollektiv besser zu machen. Uns ist bewusst, dass er in einer anspruchsvollen Phase zu uns st\u00f6\u00dft, in der in kurzer Zeit richtungsweisende Spiele anstehen. Und dies ohne wirkliche Erfahrung als Cheftrainer auf Profiniveau. Aber unser gro\u00dfes Ziel ist es, langfristig und nachhaltig zu planen. Stephan kennt Drucksituationen aus seiner Aktivzeit bestens und obwohl er noch kein Team auf h\u00f6chstem Niveau trainiert hat, trauen wir ihm diese Aufgabe zu 100 Prozent zu. Er ist detailversessen und ein Perfektionist mit einem klaren Plan. Hinzu kommt eine riesige Winner-Mentalit\u00e4t, die uns in der aktuellen Situation sofort helfen wird.\u201c<\/p>\n<p><\/p>\n","protected":false},"excerpt":{"rendered":"Ex-FCA-Profi \u00fcbernimmt\u00a0 \u00a9IMAGO Der Artikel erschien in erster Fassung um 13:47 Uhr und wurde nach der Einstellung Lichtsteiners&hellip;\n","protected":false},"author":2,"featured_media":749158,"comment_status":"","ping_status":"","sticky":false,"template":"","format":"standard","meta":{"footnotes":"","_share_on_mastodon":"0"},"categories":[136],"tags":[29,94772,30,67587,265,171145,64942],"class_list":["post-749157","post","type-post","status-publish","format-standard","has-post-thumbnail","category-sport","tag-deutschland","tag-fc-basel-1893","tag-germany","tag-ludovic-magnin","tag-sport","tag-stephan-lichtsteiner","tag-super-league"],"share_on_mastodon":{"url":"https:\/\/pubeurope.com\/@de\/115963492050877949","error":""},"_links":{"self":[{"href":"https:\/\/www.europesays.com\/de\/wp-json\/wp\/v2\/posts\/749157","targetHints":{"allow":["GET"]}}],"collection":[{"href":"https:\/\/www.europesays.com\/de\/wp-json\/wp\/v2\/posts"}],"about":[{"href":"https:\/\/www.europesays.com\/de\/wp-json\/wp\/v2\/types\/post"}],"author":[{"embeddable":true,"href":"https:\/\/www.europesays.com\/de\/wp-json\/wp\/v2\/users\/2"}],"replies":[{"embeddable":true,"href":"https:\/\/www.europesays.com\/de\/wp-json\/wp\/v2\/comments?post=749157"}],"version-history":[{"count":0,"href":"https:\/\/www.europesays.com\/de\/wp-json\/wp\/v2\/posts\/749157\/revisions"}],"wp:featuredmedia":[{"embeddable":true,"href":"https:\/\/www.europesays.com\/de\/wp-json\/wp\/v2\/media\/749158"}],"wp:attachment":[{"href":"https:\/\/www.europesays.com\/de\/wp-json\/wp\/v2\/media?parent=749157"}],"wp:term":[{"taxonomy":"category","embeddable":true,"href":"https:\/\/www.europesays.com\/de\/wp-json\/wp\/v2\/categories?post=749157"},{"taxonomy":"post_tag","embeddable":true,"href":"https:\/\/www.europesays.com\/de\/wp-json\/wp\/v2\/tags?post=749157"}],"curies":[{"name":"wp","href":"https:\/\/api.w.org\/{rel}","templated":true}]}}