{"id":749642,"date":"2026-01-27T01:51:22","date_gmt":"2026-01-27T01:51:22","guid":{"rendered":"https:\/\/www.europesays.com\/de\/749642\/"},"modified":"2026-01-27T01:51:22","modified_gmt":"2026-01-27T01:51:22","slug":"vogelgrippe-bei-kuh-in-den-niederlanden-was-bedeutet-das","status":"publish","type":"post","link":"https:\/\/www.europesays.com\/de\/749642\/","title":{"rendered":"Vogelgrippe bei Kuh in den Niederlanden \u2013 Was bedeutet das?"},"content":{"rendered":"<p>Dem Bericht der Ministerin zufolge war auf dem Hof in der niederl\u00e4ndischen Provinz Friesland am 26. Dezember eine Katze gestorben, bei ihr wurde eine H5N1-Infektion nachgewiesen. Am 15. Januar wurden die Milchk\u00fche des Betriebs untersucht. Symptome hatte zu diesem Zeitpunkt keines der Tiere. In den Proben fanden sich bei einer Kuh Antik\u00f6rper gegen die Vogelgrippe H5N1.<\/p>\n<p>Antik\u00f6rper entstehen w\u00e4hrend einer Infektion durch die Immunantwort des K\u00f6rpers. Die Kuh hatte dem Bericht zufolge im Dezember eine Euterentz\u00fcndung und Atemprobleme gehabt \u2013 typische Symptome bei einer Milchkuh mit Vogelgrippe. Weitere am 22. Januar genommene Proben von anderen K\u00fchen des Hofes blieben unauff\u00e4llig.\u00a0<\/p>\n","protected":false},"excerpt":{"rendered":"Dem Bericht der Ministerin zufolge war auf dem Hof in der niederl\u00e4ndischen Provinz Friesland am 26. Dezember eine&hellip;\n","protected":false},"author":2,"featured_media":749643,"comment_status":"","ping_status":"","sticky":false,"template":"","format":"standard","meta":{"footnotes":""},"categories":[3977],"tags":[331,332,165448,167062,13,14,15,12,4017,4018,4016,64,4019,4020],"class_list":{"0":"post-749642","1":"post","2":"type-post","3":"status-publish","4":"format-standard","5":"has-post-thumbnail","7":"category-usa","8":"tag-aktuelle-nachrichten","9":"tag-aktuelle-news","10":"tag-dpa-import","11":"tag-dpa-wissenschaft","12":"tag-headlines","13":"tag-nachrichten","14":"tag-news","15":"tag-schlagzeilen","16":"tag-united-states","17":"tag-united-states-of-america","18":"tag-us","19":"tag-usa","20":"tag-vereinigte-staaten","21":"tag-vereinigte-staaten-von-amerika"},"share_on_mastodon":{"url":"https:\/\/pubeurope.com\/@de\/115964561812865473","error":""},"_links":{"self":[{"href":"https:\/\/www.europesays.com\/de\/wp-json\/wp\/v2\/posts\/749642","targetHints":{"allow":["GET"]}}],"collection":[{"href":"https:\/\/www.europesays.com\/de\/wp-json\/wp\/v2\/posts"}],"about":[{"href":"https:\/\/www.europesays.com\/de\/wp-json\/wp\/v2\/types\/post"}],"author":[{"embeddable":true,"href":"https:\/\/www.europesays.com\/de\/wp-json\/wp\/v2\/users\/2"}],"replies":[{"embeddable":true,"href":"https:\/\/www.europesays.com\/de\/wp-json\/wp\/v2\/comments?post=749642"}],"version-history":[{"count":0,"href":"https:\/\/www.europesays.com\/de\/wp-json\/wp\/v2\/posts\/749642\/revisions"}],"wp:featuredmedia":[{"embeddable":true,"href":"https:\/\/www.europesays.com\/de\/wp-json\/wp\/v2\/media\/749643"}],"wp:attachment":[{"href":"https:\/\/www.europesays.com\/de\/wp-json\/wp\/v2\/media?parent=749642"}],"wp:term":[{"taxonomy":"category","embeddable":true,"href":"https:\/\/www.europesays.com\/de\/wp-json\/wp\/v2\/categories?post=749642"},{"taxonomy":"post_tag","embeddable":true,"href":"https:\/\/www.europesays.com\/de\/wp-json\/wp\/v2\/tags?post=749642"}],"curies":[{"name":"wp","href":"https:\/\/api.w.org\/{rel}","templated":true}]}}