{"id":749725,"date":"2026-01-27T02:37:17","date_gmt":"2026-01-27T02:37:17","guid":{"rendered":"https:\/\/www.europesays.com\/de\/749725\/"},"modified":"2026-01-27T02:37:17","modified_gmt":"2026-01-27T02:37:17","slug":"lok-report-oesterreich-architekturwettbewerb-eroeffnet-weg-fuer-zentrales-stadtentwicklungsprojekt-in-krems","status":"publish","type":"post","link":"https:\/\/www.europesays.com\/de\/749725\/","title":{"rendered":"LOK Report &#8211; \u00d6sterreich: Architekturwettbewerb er\u00f6ffnet Weg f\u00fcr zentrales Stadtentwicklungsprojekt in Krems"},"content":{"rendered":"<p><img loading=\"lazy\" decoding=\"async\" src=\"https:\/\/www.europesays.com\/de\/wp-content\/uploads\/2026\/01\/20197287shopkl.jpg\" alt=\"20197287shopkl\" width=\"300\" height=\"180\"\/><br \/>Foto\u00a0im Jahr 2019: Dr. Jochen Christoph.<\/p>\n<p>Die Modernisierung der Bahn erm\u00f6glicht in Krems eines der bedeutendsten Stadtentwicklungsprojekte Nieder\u00f6sterreichs. Ein zukunftsorientierter, nachhaltiger Bahnbetrieb macht zentrale Fl\u00e4chen frei und schafft die Grundlage f\u00fcr neue Stadtquartiere, in denen nachhaltige Mobilit\u00e4t, urbane Qualit\u00e4t und zeitgem\u00e4\u00dfe Nutzungskonzepte zusammengef\u00fchrt werden.<\/p>\n<p><img loading=\"lazy\" decoding=\"async\" src=\"https:\/\/www.europesays.com\/de\/wp-content\/uploads\/2026\/01\/krems.jpg\" alt=\"krems\" width=\"606\" height=\"306\" style=\"margin: 3px;\"\/><\/p>\n<p>Mit dem Start des st\u00e4dtebaulichen Realisierungswettbewerbs am 15. J\u00e4nner hat die Entwicklung eines der bedeutendsten Stadtquartiere in Nieder\u00f6sterreich eine entscheidende Phase erreicht. Durch die Modernisierung des Bahnverkehrs und die Umstellung des Z\u00fcge auf den Zulaufstrecken auf elektrische Antriebstechnologien werden rund um den Bahnhof Krems in den kommenden Jahren etwa 34.000 m\u00b2 Fl\u00e4che frei. Diese werden in enger Zusammenarbeit zwischen der Stadt Krems und den \u00d6BB zu einem zukunftsweisenden, nachhaltigen Stadtquartier transformiert.<\/p>\n<p><strong>Qualit\u00e4tsgesicherter Wettbewerb in zwei Stufen<\/strong><\/p>\n<p>Der Wettbewerb ist europaweit offen ausgeschrieben und wird in zwei Stufen durchgef\u00fchrt. Die Ergebnisse sollen bis Herbst 2026 vorliegen. Nach Abschluss des Wettbewerbs folgen Verhandlungen mit dem Siegerteam zur Erstellung eines st\u00e4dtebaulichen Leitbildes und eines Masterplans samt Qualit\u00e4tenkatalog, der die Grundlage f\u00fcr die weitere Entwicklung bildet.<\/p>\n<p>Die Jury setzt sich aus Expertinnen und Experten der \u00d6BB, der Stadt Krems und externen Fachleuten zusammen. B\u00fcrgermeister Peter Molnar und Stadtrat G\u00fcnter Herz begleiten den Prozess als Berater des Preisgerichts. Den Vorsitz f\u00fchrt Architekt Martin Kohlbauer, unterst\u00fctzt von Architektin Marlies Breuss als stellvertretende Vorsitzende. Erg\u00e4nzt wird das Gremium durch renommierte Expert:innen aus Architektur, St\u00e4dtebau, Stadtentwicklung und Landschaftsplanung.<\/p>\n<p>\u201eDer Wettbewerb ist ein entscheidender Schritt, um f\u00fcr Krems ein qualit\u00e4tsvolles und zukunftsf\u00e4higes Stadtquartier zu entwickeln. Der Einsatz moderner, nachhaltiger Mobilit\u00e4tssysteme schafft nicht nur die Grundlage f\u00fcr einen klimafreundlichen Bahnverkehr, sondern erm\u00f6glicht auch im Bereich der Stadtentwicklung klimafreundliche, zukunftsorientierte L\u00f6sungen. Unser Anspruch ist es, Mobilit\u00e4t, Nachhaltigkeit und Lebensqualit\u00e4t zu verbinden und damit langfristigen Mehrwert f\u00fcr die gesamte Region zu schaffen\u201c, so Silvia Angelo, Vorst\u00e4ndin \u00d6BB-Infrastruktur AG.<\/p>\n<p><strong>St\u00e4dtebauliche Leitlinien und Nutzungsschwerpunkte<\/strong><\/p>\n<p>\u201eMit dem neuen Stadtquartier am Bahnhof Krems er\u00f6ffnet sich f\u00fcr Krems eine einmalige Chance. Wir schaffen hier gemeinsam mit den \u00d6BB ein nachhaltiges und zukunftsorientiertes Musterprojekt, das leistbares Wohnen, Mobilit\u00e4t, B\u00fcrofl\u00e4chen und Lebensqualit\u00e4t miteinander verbindet \u2013 und das alles in unmittelbarer N\u00e4he zur Altstadt\u201c, betont B\u00fcrgermeister Peter Molnar.<\/p>\n<p>Die Entwicklung des neuen Quartiers orientiert sich an den st\u00e4dtischen Leitlinien, insbesondere am \u00d6rtlichen Entwicklungskonzept \u201eKrems 2040\u201c. Vorgesehen ist eine Bebauung, die die innenst\u00e4dtische Lage optimal nutzt, den Charakter der Umgebung respektiert und die Welterbevertr\u00e4glichkeit sicherstellt. Hochh\u00e4user sind somit nicht vorgesehen. Im Mittelpunkt steht ein Nutzungsmix, der der gesamten Bev\u00f6lkerung zugutekommt \u2013 von klassischen und leistbaren Wohnformen \u00fcber Angebote f\u00fcr junge Familien und Seniorinnen und Senioren bis hin zu betreutem Wohnen sowie m\u00f6glichen R\u00e4umen f\u00fcr Bildung, Gesundheit, Dienstleistungen und Veranstaltungen.<\/p>\n<p><strong>Gr\u00fcnr\u00e4ume, Mobilit\u00e4t und Verbindung der Stadtteile<\/strong><\/p>\n<p>Erg\u00e4nzend sollen hochwertige Gr\u00fcn- und Freifl\u00e4chen entstehen, die nach einem Gesamtkonzept gestaltet und \u00f6ffentlich zug\u00e4nglich sind. Die bestehenden Gr\u00fcnstrukturen werden somit weitergef\u00fchrt und gest\u00e4rkt. Gleichzeitig wird die Durchwegung zwischen den Stadtteilen Altstadt und Mitterau deutlich verbessert. Das gesamte Quartier soll k\u00fcnftig autofrei erschlossen werden, was einen wichtigen Beitrag zu Klimaschutz, Aufenthaltsqualit\u00e4t und nachhaltiger Mobilit\u00e4t leistet.<\/p>\n<p><strong>\u00d6BB als zentraler Entwicklungspartner in \u00d6sterreich<\/strong><\/p>\n<p>Der Entwicklungsprozess basiert auf einem Grundsatz\u00fcbereinkommen zwischen \u00d6BB und Stadt Krems, das 2024 abgeschlossen wurde. Das Projekt reiht sich in eine Serie erfolgreicher Stadtentwicklungen der \u00d6BB ein. In Wien entstehen aktuell mit dem Neuen Landgut, dem Nordbahnhof und dem Nordwestbahnhof neue, lebendige Stadtteile, die weit \u00fcber \u00d6sterreich hinaus Beachtung finden. Auch in Waidhofen a\/d Ybbs, Linz, Villach und Wiener Neustadt werden k\u00fcnftig ehemalige Bahnareale in moderne, nachhaltige Quartiere verwandelt. Mit dem Projekt in Krems setzen die \u00d6BB diese Entwicklung konsequent fort und unterstreichen ihre Rolle als einer der wichtigsten Stadtentwicklungspartner des Landes \u2013 immer in enger Zusammenarbeit mit den jeweiligen Standortgemeinden.<\/p>\n<p>Pressemeldung \u00d6BB<\/p>\n","protected":false},"excerpt":{"rendered":"Foto\u00a0im Jahr 2019: Dr. Jochen Christoph. Die Modernisierung der Bahn erm\u00f6glicht in Krems eines der bedeutendsten Stadtentwicklungsprojekte Nieder\u00f6sterreichs.&hellip;\n","protected":false},"author":2,"featured_media":749726,"comment_status":"","ping_status":"","sticky":false,"template":"","format":"standard","meta":{"footnotes":"","_share_on_mastodon":"0"},"categories":[1775],"tags":[1793,29,4031,214,4033,30,1794,2776,2264,4032,2332,215,601],"class_list":["post-749725","post","type-post","status-publish","format-standard","has-post-thumbnail","category-kunst-und-design","tag-art-and-design","tag-deutschland","tag-eisenbahn","tag-entertainment","tag-ferroviaire","tag-germany","tag-kunst-und-design","tag-logistik","tag-museum","tag-railways","tag-transport","tag-unterhaltung","tag-verkehr"],"share_on_mastodon":{"url":"https:\/\/pubeurope.com\/@de\/115964742455224366","error":""},"_links":{"self":[{"href":"https:\/\/www.europesays.com\/de\/wp-json\/wp\/v2\/posts\/749725","targetHints":{"allow":["GET"]}}],"collection":[{"href":"https:\/\/www.europesays.com\/de\/wp-json\/wp\/v2\/posts"}],"about":[{"href":"https:\/\/www.europesays.com\/de\/wp-json\/wp\/v2\/types\/post"}],"author":[{"embeddable":true,"href":"https:\/\/www.europesays.com\/de\/wp-json\/wp\/v2\/users\/2"}],"replies":[{"embeddable":true,"href":"https:\/\/www.europesays.com\/de\/wp-json\/wp\/v2\/comments?post=749725"}],"version-history":[{"count":0,"href":"https:\/\/www.europesays.com\/de\/wp-json\/wp\/v2\/posts\/749725\/revisions"}],"wp:featuredmedia":[{"embeddable":true,"href":"https:\/\/www.europesays.com\/de\/wp-json\/wp\/v2\/media\/749726"}],"wp:attachment":[{"href":"https:\/\/www.europesays.com\/de\/wp-json\/wp\/v2\/media?parent=749725"}],"wp:term":[{"taxonomy":"category","embeddable":true,"href":"https:\/\/www.europesays.com\/de\/wp-json\/wp\/v2\/categories?post=749725"},{"taxonomy":"post_tag","embeddable":true,"href":"https:\/\/www.europesays.com\/de\/wp-json\/wp\/v2\/tags?post=749725"}],"curies":[{"name":"wp","href":"https:\/\/api.w.org\/{rel}","templated":true}]}}