{"id":749830,"date":"2026-01-27T03:45:13","date_gmt":"2026-01-27T03:45:13","guid":{"rendered":"https:\/\/www.europesays.com\/de\/749830\/"},"modified":"2026-01-27T03:45:13","modified_gmt":"2026-01-27T03:45:13","slug":"rheinmetall-plant-satellitenkooperation-mit-ohb","status":"publish","type":"post","link":"https:\/\/www.europesays.com\/de\/749830\/","title":{"rendered":"Rheinmetall plant Satellitenkooperation mit OHB"},"content":{"rendered":"<p>Bundeswehr-Auftrag <\/p>\n<p>R\u00fcstungsgigant will ins All expandieren<\/p>\n<p>27.01.2026 &#8211; 03:51 UhrLesedauer: 2 Min.<\/p>\n<p><a href=\"#focus-0\" class=\"transition-colors duration-200 block text-current relative\" data-sctrack=\"FocusGalleryImage.Reference\"><img fetchpriority=\"high\" data-testid=\"Opener.Image\" style=\"--lqipURL:url('https:\/\/images.t-online.de\/2026\/01\/-hnRwOAPlpy0\/0x209:4000x2250\/fit-in\/150x0\/filters:blur(25)\/image.jpg')\"   loading=\"eager\" src=\"https:\/\/www.europesays.com\/de\/wp-content\/uploads\/2026\/01\/1769485513_318_image.jpg\" alt=\"imago images 0825221321\" title=\"imago images 0825221321\" width=\"4000\" height=\"2250\" class=\"bg-[url:var(--lqipURL)] bg-cover bg-center flex h-full w-full max-w-full\" decoding=\"async\"\/><img style=\"--width:32;--height:32\" loading=\"lazy\" src=\"https:\/\/duesseldorf.t-online.de\/s\/paper\/_next\/static\/media\/zoom-in.f7dae02f.svg\" alt=\"Vergr\u00f6\u00dfern des Bildes\" title=\"Vergr\u00f6\u00dfern des Bildes\" class=\"block h-[calc(var(--height)_\/_16_*_1rem)] w-[calc(var(--width)_\/_16_*_1rem)] max-w-none absolute bottom-8 right-8 rounded-4 bg-snow p-8\" decoding=\"async\"\/><\/a><\/p>\n<p>Die Konzernzentrale der Rheinmetall AG (Archivbild): Das D\u00fcsseldorfer R\u00fcstungsunternehmen will in Zukunft noch enger mit einem Bremer Satellitenhersteller kooperieren. (Quelle: IMAGO\/Malte Ossowski\/SVEN SIMON)<\/p>\n<p class=\"font-bold text-18 leading-17\">Zehn Milliarden Euro im Visier: Rheinmetall will mit OHB um einen Bundeswehr-Auftrag werben. Was das Projekt f\u00fcr den D\u00fcsseldorfer Konzern bedeuten k\u00f6nnte.<\/p>\n<p class=\"text-18 leading-17\">Der D\u00fcsseldorfer R\u00fcstungskonzern Rheinmetall weitet sein Satellitengesch\u00e4ft aus. Nach der erfolgreichen Partnerschaft mit dem finnischen Unternehmen Iceye im Dezember steht nun eine <a class=\"transition-colors duration-200 cursor-pointer text-inherit no-underline text-salemsfur md:hover:text-magenta md:hover:border-magenta md:focus:text-magenta border-current border-b border-solid break-words\" href=\"https:\/\/bremen.t-online.de\/region\/bremen\/id_101101264\/bremer-satellitenhersteller-ohb-kooperation-mit-rheinmetall-geplant.html\" data-sctrack=\"BodyAnchor\" rel=\"nofollow noopener\" target=\"_blank\">Zusammenarbeit mit dem Bremer Satellitenhersteller OHB im Raum<\/a>. Beide Firmen wollen gemeinsam um einen Gro\u00dfauftrag der Bundeswehr konkurrieren.<\/p>\n<p class=\"text-18 leading-17\">Wie das &#8222;Handelsblatt&#8220; und die &#8222;Financial Times&#8220; berichten, geht es um das bisher gr\u00f6\u00dfte Satellitenprojekt der deutschen Streitkr\u00e4fte. Der potenzielle Auftragswert: bis zu zehn Milliarden Euro. Die Bundeswehr plant den Aufbau eines milit\u00e4rischen Satellitennetzwerks, das Panzer, Schiffe und Soldaten miteinander verbinden soll. Bis zu 200 Satelliten sollen bis 2029 im Einsatz sein. Das System \u00e4hnelt technisch dem kommerziellen Starlink-Netz von Elon Musks SpaceX.<\/p>\n<p class=\"text-18 leading-17\">Bereits im Februar k\u00f6nnte die offizielle Ausschreibung starten, hei\u00dft es in den Berichten. Neben Rheinmetall und OHB hat auch der Luftfahrtkonzern Airbus Interesse signalisiert.<\/p>\n<p class=\"text-18 leading-17\">F\u00fcr Rheinmetall, das traditionell vor allem Panzer, Munition und Artillerie produziert, ist es ein weiterer Schritt zur Diversifizierung. Die Auftragsb\u00fccher des Konzerns sind durch den Ukraine-Krieg so gef\u00fcllt wie nie zuvor. Das gr\u00f6\u00dfte Werk steht im nieders\u00e4chsischen Unterl\u00fc\u00df, die Zentrale in D\u00fcsseldorf.<\/p>\n<p class=\"text-18 leading-17\">Die Kooperation mit Iceye im Dezember brachte Rheinmetall bereits einen Auftrag \u00fcber 1,7 Milliarden Euro ein. Dabei ging es um satellitengest\u00fctzte Aufkl\u00e4rung. F\u00fcr die Produktion gr\u00fcndete der Konzern ein Joint Venture mit dem finnischen Partner. Ab dem zweiten oder dritten Quartal 2026 sollen im Rheinmetall-Werk in Neuss Satelliten vom Band laufen. Die bisherige Autoteile-Fertigung dort wird aufgegeben, stattdessen entstehen Milit\u00e4rg\u00fcter und Weltraumtechnik.<\/p>\n<p class=\"text-18 leading-17\">An der B\u00f6rse reagierte die Rheinmetall-Aktie am Nachmittag leicht negativ mit einem Minus von gut einem Prozent.<\/p>\n<p class=\"text-18 leading-17\">Hintergrund der Aktivit\u00e4ten ist die erste Weltraumsicherheitsstrategie der Bundesregierung vom November. Deutschland soll &#8222;glaubw\u00fcrdig abschreckungs- und verteidigungsf\u00e4hig&#8220; werden, so das Ziel. Der Fokus liegt auf dem Schutz von Satelliten und Kommunikationsinfrastruktur. Das Verteidigungsministerium will bis 2030 insgesamt 35 Milliarden Euro daf\u00fcr bereitstellen.<\/p>\n","protected":false},"excerpt":{"rendered":"Bundeswehr-Auftrag R\u00fcstungsgigant will ins All expandieren 27.01.2026 &#8211; 03:51 UhrLesedauer: 2 Min. Die Konzernzentrale der Rheinmetall AG (Archivbild):&hellip;\n","protected":false},"author":2,"featured_media":749831,"comment_status":"","ping_status":"","sticky":false,"template":"","format":"standard","meta":{"footnotes":"","_share_on_mastodon":"0"},"categories":[1831],"tags":[722,3176,685,3364,29,3405,30,31897,1209,57973,740,62347],"class_list":["post-749830","post","type-post","status-publish","format-standard","has-post-thumbnail","category-duesseldorf","tag-722","tag-3176","tag-bundeswehr","tag-de","tag-deutschland","tag-duesseldorf","tag-germany","tag-konzernzentrale","tag-nordrhein-westfalen","tag-ohb","tag-rheinmetall","tag-ruestungsunternehmen"],"share_on_mastodon":{"url":"https:\/\/pubeurope.com\/@de\/115965009978722562","error":""},"_links":{"self":[{"href":"https:\/\/www.europesays.com\/de\/wp-json\/wp\/v2\/posts\/749830","targetHints":{"allow":["GET"]}}],"collection":[{"href":"https:\/\/www.europesays.com\/de\/wp-json\/wp\/v2\/posts"}],"about":[{"href":"https:\/\/www.europesays.com\/de\/wp-json\/wp\/v2\/types\/post"}],"author":[{"embeddable":true,"href":"https:\/\/www.europesays.com\/de\/wp-json\/wp\/v2\/users\/2"}],"replies":[{"embeddable":true,"href":"https:\/\/www.europesays.com\/de\/wp-json\/wp\/v2\/comments?post=749830"}],"version-history":[{"count":0,"href":"https:\/\/www.europesays.com\/de\/wp-json\/wp\/v2\/posts\/749830\/revisions"}],"wp:featuredmedia":[{"embeddable":true,"href":"https:\/\/www.europesays.com\/de\/wp-json\/wp\/v2\/media\/749831"}],"wp:attachment":[{"href":"https:\/\/www.europesays.com\/de\/wp-json\/wp\/v2\/media?parent=749830"}],"wp:term":[{"taxonomy":"category","embeddable":true,"href":"https:\/\/www.europesays.com\/de\/wp-json\/wp\/v2\/categories?post=749830"},{"taxonomy":"post_tag","embeddable":true,"href":"https:\/\/www.europesays.com\/de\/wp-json\/wp\/v2\/tags?post=749830"}],"curies":[{"name":"wp","href":"https:\/\/api.w.org\/{rel}","templated":true}]}}