{"id":750260,"date":"2026-01-27T08:01:13","date_gmt":"2026-01-27T08:01:13","guid":{"rendered":"https:\/\/www.europesays.com\/de\/750260\/"},"modified":"2026-01-27T08:01:13","modified_gmt":"2026-01-27T08:01:13","slug":"koelner-cdu-zentrale-besetzt-polizei-im-einsatz","status":"publish","type":"post","link":"https:\/\/www.europesays.com\/de\/750260\/","title":{"rendered":"K\u00f6lner CDU-Zentrale besetzt \u2013 Polizei im Einsatz"},"content":{"rendered":"<p>&#8222;Rheinmetall entwaffnen&#8220; <\/p>\n<p>Aktivisten besetzen K\u00f6lner CDU-Zentrale \u2013 Polizei im Einsatz<\/p>\n<p>27.01.2026 &#8211; 08:42 UhrLesedauer: 2 Min.<\/p>\n<p><a href=\"#focus-0\" class=\"transition-colors duration-200 block text-current relative\" data-sctrack=\"FocusGalleryImage.Reference\"><img fetchpriority=\"high\" data-testid=\"Opener.Image\" style=\"--lqipURL:url('https:\/\/images.t-online.de\/2026\/01\/nBBu0hcpF1Rq\/0x123:4000x2250\/fit-in\/150x0\/filters:blur(25)\/das-logo-der-koelner-cdu-an-der-parteizentrale-archivbild-aktivisten-haben-die-raeumlichkeiten-der-partei-in-der-koelner-innenstad-zeitweise-besetzt.jpg')\"   loading=\"eager\" src=\"https:\/\/www.europesays.com\/de\/wp-content\/uploads\/2026\/01\/das-logo-der-koelner-cdu-an-der-parteizentrale-archivbild-aktivisten-haben-die-raeumlichkeiten-der-p.jpeg\" alt=\"Das Logo der K\u00f6lner CDU an der Parteizentrale (Archivbild): Aktivisten haben die R\u00e4umlichkeiten der Partei in der K\u00f6lner Innenstad zeitweise besetzt.\" title=\"Das Logo der K\u00f6lner CDU an der Parteizentrale (Archivbild): Aktivisten haben die R\u00e4umlichkeiten der Partei in der K\u00f6lner Innenstad zeitweise besetzt.\" width=\"4000\" height=\"2250\" class=\"bg-[url:var(--lqipURL)] bg-cover bg-center flex h-full w-full max-w-full\" decoding=\"async\"\/><img style=\"--width:32;--height:32\" loading=\"lazy\" src=\"https:\/\/koeln.t-online.de\/s\/paper\/_next\/static\/media\/zoom-in.f7dae02f.svg\" alt=\"Vergr\u00f6\u00dfern des Bildes\" title=\"Vergr\u00f6\u00dfern des Bildes\" class=\"block h-[calc(var(--height)_\/_16_*_1rem)] w-[calc(var(--width)_\/_16_*_1rem)] max-w-none absolute bottom-8 right-8 rounded-4 bg-snow p-8\" decoding=\"async\"\/><\/a><\/p>\n<p>Das Logo der K\u00f6lner CDU an der Parteizentrale (Archivbild): Aktivisten haben die R\u00e4umlichkeiten der Partei in der K\u00f6lner Innenstad zeitweise besetzt. (Quelle: Christoph Hardt via www.imago-images.de)<\/p>\n<p class=\"font-bold text-18 leading-17\">Polizeieinsatz an der K\u00f6lner CDU-Zentrale: In der Innenstadt haben mehrere Aktivisten die R\u00e4ume der Partei besetzt.<\/p>\n<p class=\"text-18 leading-17\">Rund ein Dutzend Aktivisten der <a class=\"transition-colors duration-200 cursor-pointer text-inherit no-underline text-salemsfur md:hover:text-magenta md:hover:border-magenta md:focus:text-magenta border-current border-b border-solid break-words\" href=\"https:\/\/koeln.t-online.de\/region\/koeln\/id_100896042\/koeln-klimaaktivisten-seilen-sich-von-hohenzollernbruecke-ab.html\" data-sctrack=\"BodyAnchor\" target=\"_blank\" rel=\"noopener\">Gruppe &#8222;Rheinmetall entwaffnen&#8220;<\/a> hat am Montagnachmittag die <a class=\"transition-colors duration-200 cursor-pointer text-inherit no-underline text-salemsfur md:hover:text-magenta md:hover:border-magenta md:focus:text-magenta border-current border-b border-solid break-words\" href=\"https:\/\/koeln.t-online.de\/region\/koeln\/id_100663624\/koeln-parteizentralen-von-cdu-und-spd-mit-farbe-beschmiert-.html\" data-sctrack=\"BodyAnchor\" target=\"_blank\" rel=\"noopener\">Parteizentrale der K\u00f6lner CDU<\/a> in der Innenstadt besetzt. Das erkl\u00e4rte die Partei in einer Pressemitteilung. Die Aktivisten h\u00e4tten sich unter falschem Vorwand Zutritt zur Kreisgesch\u00e4ftsstelle verschafft und wollten mit der Parteif\u00fchrung sprechen, erkl\u00e4rte die CDU weiter.<\/p>\n<p class=\"text-18 leading-17\">Die K\u00f6lner Polizei best\u00e4tigte einen Einsatz am Montagnachmittag. Ermittelt werde wegen Hausfriedensbruch und Versto\u00dfes gegen das Versammlungsgesetz. Die Einsatzkr\u00e4fte konnten die Aktivisten nach rund zwei Stunden aus der Zentrale f\u00fchren. Zum Zeitpunkt der Besetzung hatten sich zwei Mitarbeiter in der Parteizentrale befunden, teilte die K\u00f6lner CDU mit.<\/p>\n<p class=\"text-18 leading-17\">Die <a class=\"transition-colors duration-200 cursor-pointer text-inherit no-underline text-salemsfur md:hover:text-magenta md:hover:border-magenta md:focus:text-magenta border-current border-b border-solid break-words\" href=\"https:\/\/koeln.t-online.de\/region\/koeln\/id_100735076\/koeln-cdu-politikerin-serap-gueler-hadert-mit-vorurteilen.html\" data-sctrack=\"BodyAnchor\" target=\"_blank\" rel=\"noopener\">Kreisvorsitzende Serap G\u00fcler<\/a> verurteilte die Aktion scharf: &#8222;Als CDU K\u00f6ln verurteilen wir diese Form des Protests aufs Sch\u00e4rfste. Wer f\u00fcr sich f\u00fcr Rechtsstaatlichkeit einsetzen will, aber gleichzeitig Recht und Ordnung mit F\u00fc\u00dfen tritt, entlarvt sich selbst als undemokratisch.&#8220; Man halte Meinungsverschiedenheiten aus und stehe jederzeit zum Dialog zur Verf\u00fcgung.<\/p>\n<p class=\"text-18 leading-17\">&#8222;Hausfriedensbruch und Drohungen gegen\u00fcber unseren Mitarbeitern werden allerdings nie dazu f\u00fchren, dass ein vern\u00fcnftiges Gespr\u00e4ch entsteht. Insbesondere verurteilen wir, dass unsere Mitarbeiter dieser einsch\u00fcchternden Situation ausgesetzt wurden&#8220;, so G\u00fcler weiter. Die Partei werde den Vorfall strafrechtlich verfolgen lassen.<\/p>\n<p class=\"text-18 leading-17\">Laut einem Video, das &#8222;Rheinmetall entwaffnen&#8220; in den sozialen Medien ver\u00f6ffentlichte, ging es bei der Aktion um die Lage im kurdisch verwalteten Teil von Nordsyrien. Die genauen Hintergr\u00fcnde der Aktion sind allerdings unklar.<\/p>\n","protected":false},"excerpt":{"rendered":"&#8222;Rheinmetall entwaffnen&#8220; Aktivisten besetzen K\u00f6lner CDU-Zentrale \u2013 Polizei im Einsatz 27.01.2026 &#8211; 08:42 UhrLesedauer: 2 Min. Das Logo&hellip;\n","protected":false},"author":2,"featured_media":750261,"comment_status":"","ping_status":"","sticky":false,"template":"","format":"standard","meta":{"footnotes":""},"categories":[1828],"tags":[31,29,30,2065,1420,1209,4419,121,740,455],"class_list":{"0":"post-750260","1":"post","2":"type-post","3":"status-publish","4":"format-standard","5":"has-post-thumbnail","7":"category-koeln","8":"tag-cdu","9":"tag-deutschland","10":"tag-germany","11":"tag-innenstadt","12":"tag-koeln","13":"tag-nordrhein-westfalen","14":"tag-parteizentrale","15":"tag-polizei","16":"tag-rheinmetall","17":"tag-serap-gueler"},"share_on_mastodon":{"url":"https:\/\/pubeurope.com\/@de\/115966016614309980","error":""},"_links":{"self":[{"href":"https:\/\/www.europesays.com\/de\/wp-json\/wp\/v2\/posts\/750260","targetHints":{"allow":["GET"]}}],"collection":[{"href":"https:\/\/www.europesays.com\/de\/wp-json\/wp\/v2\/posts"}],"about":[{"href":"https:\/\/www.europesays.com\/de\/wp-json\/wp\/v2\/types\/post"}],"author":[{"embeddable":true,"href":"https:\/\/www.europesays.com\/de\/wp-json\/wp\/v2\/users\/2"}],"replies":[{"embeddable":true,"href":"https:\/\/www.europesays.com\/de\/wp-json\/wp\/v2\/comments?post=750260"}],"version-history":[{"count":0,"href":"https:\/\/www.europesays.com\/de\/wp-json\/wp\/v2\/posts\/750260\/revisions"}],"wp:featuredmedia":[{"embeddable":true,"href":"https:\/\/www.europesays.com\/de\/wp-json\/wp\/v2\/media\/750261"}],"wp:attachment":[{"href":"https:\/\/www.europesays.com\/de\/wp-json\/wp\/v2\/media?parent=750260"}],"wp:term":[{"taxonomy":"category","embeddable":true,"href":"https:\/\/www.europesays.com\/de\/wp-json\/wp\/v2\/categories?post=750260"},{"taxonomy":"post_tag","embeddable":true,"href":"https:\/\/www.europesays.com\/de\/wp-json\/wp\/v2\/tags?post=750260"}],"curies":[{"name":"wp","href":"https:\/\/api.w.org\/{rel}","templated":true}]}}