{"id":750364,"date":"2026-01-27T08:59:11","date_gmt":"2026-01-27T08:59:11","guid":{"rendered":"https:\/\/www.europesays.com\/de\/750364\/"},"modified":"2026-01-27T08:59:11","modified_gmt":"2026-01-27T08:59:11","slug":"duisburg-dortmund-hagen-gezieltes-einwandern-in-sozialsysteme-nrw-metropolen-kuerzen-1181-mal-buergergeld-fuer-migranten","status":"publish","type":"post","link":"https:\/\/www.europesays.com\/de\/750364\/","title":{"rendered":"Duisburg, Dortmund, Hagen: \u201eGezieltes Einwandern in Sozialsysteme\u201c \u2013 NRW-Metropolen k\u00fcrzen 1181 Mal B\u00fcrgergeld f\u00fcr Migranten"},"content":{"rendered":"<p>Vier Ruhrgebietsst\u00e4dte haben im vergangenen Jahr mehr als 1100 bulgarischen und rum\u00e4nischen EU-B\u00fcrgern Sozialleistungen gestrichen und sie zur Ausreise verpflichtet. Wer nur ein paar Stunden arbeitet, soll nicht von den Sozialsystemen profitieren.<\/p>\n<p class=\"is-first-paragraph\" data-external=\"Article.FirstParagraph\">Die Armutszuwanderung aus S\u00fcdosteuropa hat mehrere Ruhrgebietsst\u00e4dte zum Eingreifen gezwungen: Duisburg, Gelsenkirchen, Dortmund und Hagen (Nordrhein-Westfalen) haben im vergangenen Jahr insgesamt 1181 bulgarischen und rum\u00e4nischen EU-B\u00fcrgern Sozialleistungen entzogen und eine Ausreiseverpflichtung verh\u00e4ngt. <\/p>\n<p>Das ergab eine Recherche des <a class=\"is-link c-block-items__link is-external c-link--rich-text-renderer\" href=\"https:\/\/www1.wdr.de\/nachrichten\/ruhrgebiet\/ruhrgebiet-zuwanderung-sozialsystem-arbeit-100.html\" target=\"_blank\" title=\"(Link wird in einem neuen Tab ge\u00f6ffnet)\" rel=\"nofollow noopener\" data-internal-tracking-enabled=\"true\" data-internal-tracking=\"{&quot;action&quot;:&quot;click&quot;,&quot;label&quot;:&quot;link&quot;,&quot;name&quot;:&quot;Inline Element&quot;,&quot;data&quot;:{&quot;source&quot;:&quot;&quot;,&quot;target&quot;:&quot;https:\/\/www1.wdr.de\/nachrichten\/ruhrgebiet\/ruhrgebiet-zuwanderung-sozialsystem-arbeit-100.html&quot;,&quot;trackingName&quot;:&quot;&quot;,&quot;trackingLabel&quot;:&quot;&quot;}}\">WDR<\/a> auf Basis von Angaben der Kommunen. Zwischen den St\u00e4dten gibt es dabei Unterschiede: W\u00e4hrend Gelsenkirchen in 506 F\u00e4llen Sozialleistungen strich, waren es in Duisburg 556, in Dortmund 116 und in Hagen lediglich drei F\u00e4lle.<\/p>\n<p>Die Ma\u00dfnahmen sind rechtlich m\u00f6glich, wenn Betroffene nachweislich nicht oder nicht ausreichend durch Arbeit zu ihrem Lebensunterhalt beitragen. In solchen F\u00e4llen kann die f\u00fcr EU-B\u00fcrger geltende Arbeitnehmerfreiz\u00fcgigkeit entzogen werden, wie es die EU-Regelungen vorsehen. <\/p>\n<p>7000 Migranten aus Rum\u00e4nien und Bulgarien in Hagen<\/p>\n<p>Allein in dem 190.000-Einwohner-Ort Hagen leben nach Angaben der Stadt rund 7000 zugewanderte Menschen aus Rum\u00e4nien und Bulgarien, viele von ihnen Roma. 55 Prozent von ihnen beziehen Leistungen des Jobcenters, was die Stadt j\u00e4hrlich rund zehn Millionen Euro koste, sagte Hagens neuer Oberb\u00fcrgermeister Dennis Rehbein (CDU). <\/p>\n<p>Grunds\u00e4tzlich brauche Hagen Zuwanderung in Arbeit, betonte Rehbein. \u201eAber das gezielte Einwandern in Sozialsysteme, und das gibt es durchaus, das sorgt auf der breiten Fl\u00e4che f\u00fcr Ablehnung\u201c, sagte er.<\/p>\n<p>\u201eMenschen sind da strikt gegen und selbst Menschen mit Migrationshintergrund sagen mir, da muss man doch gegen vorgehen. Das ist unfair, weil die sich zum Teil hier ganz viel aufgebaut und selbst erarbeitet haben und jetzt sehen, dass es auch einfacher geht.\u201c <\/p>\n<p>Trotzdem hat Hagen im vergangenen Jahr nur dreimal Sozialleistungen entzogen. Rehbein ist erst seit Kurzem im Amt und k\u00fcndigte an, diese M\u00f6glichkeit k\u00fcnftig h\u00e4ufiger zu nutzen.  <\/p>\n<p>Zugleich fordert er h\u00f6here H\u00fcrden auf EU-Ebene. \u201eZur Zeit gilt die EU-Regel: Wer mindestens 5,5 Stunden pro Woche arbeitet, ist Arbeitnehmer und hat Anspruch auf Sozialleistungen\u201c, sagte Rehbein. \u201eDie Regel ist viel zu wenig. Das sind dann wenige Hundert Euro im Monat, die reichen, um als Arbeitnehmer zu gelten. Davon kann man in Deutschland schlicht nicht leben.\u201c <\/p>\n<p>Die Beh\u00f6rden haben einen Ermessensspielraum. In anderen Ruhrgebietsst\u00e4dten wird deutlich konsequenter vorgegangen. In Gelsenkirchen entscheidet die Ausl\u00e4nderbeh\u00f6rde nach strengeren Ma\u00dfst\u00e4ben. Wer weniger als ein Drittel seines Lebensunterhalts selbst verdient, verliert dort in der Regel den Arbeitnehmerstatus.<\/p>\n<p>\u201eDiese Voraussetzungen reichen dann eben nicht, um die Arbeitnehmereigenschaft begr\u00fcnden zu k\u00f6nnen\u201c, sagte ein Teamleiter der Ausl\u00e4nderbeh\u00f6rde Gelsenkirchen dem WDR. \u201eDann erlassen wir diese Verlustfeststellung f\u00fcr die Eltern und auch die Kinder und im Ergebnis ist dieser Familienverband dann eben ausreisepflichtig.\u201c Gerichte h\u00e4tten diese Praxis mehrfach best\u00e4tigt.  <\/p>\n<p>Kritik kommt von der Dortmunder Fachanw\u00e4ltin f\u00fcr Migrationsrecht Lisa Chiarelli. \u201eGelsenkirchen ist eher eine Ausl\u00e4nderbeh\u00f6rde, bei der man sich als Migrationsrechtlerin schon mal die Z\u00e4hne ausbei\u00dft, ein bisschen ein harter Hund\u201c, sagte sie. <\/p>\n<p>\u201eIst einer faul, dann ist das eben so\u201c<\/p>\n<p>Ein Generalverdacht ist den Beh\u00f6rden untersagt. Pr\u00fcfungen seien nur zul\u00e4ssig, wenn Hinweise etwa von anderen Beh\u00f6rden vorliegen. Zudem m\u00fcssten Entscheidungen \u00fcber die reine Aktenlage hinausgehen, betonte Chiarelli.<\/p>\n<p>\u201eWenn ich jetzt einen Bescheid bekomme und vor mir sitzt ein Mandant und der sagt, ich konnte nicht arbeiten, weil meine Frau vor einem Jahr einen Schlaganfall hatte und ein Kind behindert ist, dann muss man das der Ausl\u00e4nderbeh\u00f6rde darlegen und dann verstehen die das auch\u201c, sagte sie.\u201eIst einer faul, dann ist das eben so. Dann kann ich auch nichts machen.\u201c Es handele sich stets um Einzelfallentscheidungen, bei denen individuelle Schicksale gepr\u00fcft w\u00fcrden. <\/p>\n<p>Gleichzeitig sei der Umgang der Beh\u00f6rden insgesamt h\u00e4rter geworden.\u201eAbsolut, weil der politische Konsens einfach dahingeht, dass gewollt ist, dass die Ausl\u00e4nderbeh\u00f6rden die Daumenschrauben anlegen\u201c, sagte Chiarelli. \u201eDer Wind wird einfach rauer.\u201c <\/p>\n<p>coh<\/p>\n","protected":false},"excerpt":{"rendered":"Vier Ruhrgebietsst\u00e4dte haben im vergangenen Jahr mehr als 1100 bulgarischen und rum\u00e4nischen EU-B\u00fcrgern Sozialleistungen gestrichen und sie zur&hellip;\n","protected":false},"author":2,"featured_media":750365,"comment_status":"","ping_status":"","sticky":false,"template":"","format":"standard","meta":{"footnotes":""},"categories":[1838],"tags":[15323,28206,3364,29,3715,30,119820,48612,110,1209,12024,41382],"class_list":{"0":"post-750364","1":"post","2":"type-post","3":"status-publish","4":"format-standard","5":"has-post-thumbnail","7":"category-duisburg","8":"tag-balken-inbox","9":"tag-bulgarien","10":"tag-de","11":"tag-deutschland","12":"tag-duisburg","13":"tag-germany","14":"tag-jobcenter-ks","15":"tag-migration-ks","16":"tag-newsteam","17":"tag-nordrhein-westfalen","18":"tag-rumaenien","19":"tag-sozialsystem"},"share_on_mastodon":{"url":"https:\/\/pubeurope.com\/@de\/115966244497771749","error":""},"_links":{"self":[{"href":"https:\/\/www.europesays.com\/de\/wp-json\/wp\/v2\/posts\/750364","targetHints":{"allow":["GET"]}}],"collection":[{"href":"https:\/\/www.europesays.com\/de\/wp-json\/wp\/v2\/posts"}],"about":[{"href":"https:\/\/www.europesays.com\/de\/wp-json\/wp\/v2\/types\/post"}],"author":[{"embeddable":true,"href":"https:\/\/www.europesays.com\/de\/wp-json\/wp\/v2\/users\/2"}],"replies":[{"embeddable":true,"href":"https:\/\/www.europesays.com\/de\/wp-json\/wp\/v2\/comments?post=750364"}],"version-history":[{"count":0,"href":"https:\/\/www.europesays.com\/de\/wp-json\/wp\/v2\/posts\/750364\/revisions"}],"wp:featuredmedia":[{"embeddable":true,"href":"https:\/\/www.europesays.com\/de\/wp-json\/wp\/v2\/media\/750365"}],"wp:attachment":[{"href":"https:\/\/www.europesays.com\/de\/wp-json\/wp\/v2\/media?parent=750364"}],"wp:term":[{"taxonomy":"category","embeddable":true,"href":"https:\/\/www.europesays.com\/de\/wp-json\/wp\/v2\/categories?post=750364"},{"taxonomy":"post_tag","embeddable":true,"href":"https:\/\/www.europesays.com\/de\/wp-json\/wp\/v2\/tags?post=750364"}],"curies":[{"name":"wp","href":"https:\/\/api.w.org\/{rel}","templated":true}]}}