{"id":750492,"date":"2026-01-27T10:10:11","date_gmt":"2026-01-27T10:10:11","guid":{"rendered":"https:\/\/www.europesays.com\/de\/750492\/"},"modified":"2026-01-27T10:10:11","modified_gmt":"2026-01-27T10:10:11","slug":"frankreich-sagt-microsoft-teams-und-zoom-den-kampf-an","status":"publish","type":"post","link":"https:\/\/www.europesays.com\/de\/750492\/","title":{"rendered":"Frankreich sagt Microsoft Teams und Zoom den Kampf an"},"content":{"rendered":"<p>Frankreich weitet seine souver\u00e4ne Videokonferenzsoftware Visio auf alle staatlichen Dienste aus. Bis 2027 sollen rund 200.000 Beamte auf die Plattform umsteigen. Visio wird von der Direction Interminist\u00e9rielle du Num\u00e9rique (DINUM) entwickelt und soll die Abh\u00e4ngigkeit von au\u00dfereurop\u00e4ischen Anbietern wie Microsoft Teams, Zoom, Google Meet, Webex und GoTo Meeting beenden.<\/p>\n<p>        Weiterlesen nach der Anzeige<\/p>\n<p>Nach einer einj\u00e4hrigen Pilotphase mit 40.000 Nutzern folgt jetzt die Einf\u00fchrung f\u00fcr 200.000 Nutzer. Den Anfang macht das franz\u00f6sische Forschungszentrum CNRS mit 34.000 Mitarbeitern und 120.000 assoziierten Forschern, die Krankenversicherung Assurance Maladie sowie die Generaldirektion f\u00fcr \u00f6ffentliche Finanzen (DGFiP). Das Verteidigungsministerium soll im ersten Quartal 2026 folgen. Das CNRS hat bereits angek\u00fcndigt, seinen bisherigen Zoom-Vertrag bis Ende M\u00e4rz 2026 zu beenden.<\/p>\n<p>\u201eDieses Projekt zeigt konkret, wie entschlossen der Premierminister und die Regierung sind, die digitale Unabh\u00e4ngigkeit des Landes zur\u00fcckzuerobern\u201c, erkl\u00e4rte David Amiel, Minister f\u00fcr \u00f6ffentlichen Dienst und Staatsreform, bei einem Besuch im CNRS-Labor I2BC in Gif-sur-Yvette. \u201eWir k\u00f6nnen nicht das Risiko eingehen, dass unser wissenschaftlicher Austausch, unsere sensiblen Daten und unsere strategischen Innovationen au\u00dfereurop\u00e4ischen Akteuren ausgesetzt sind.\u201c<\/p>\n<p>Open Source und franz\u00f6sisches Hosting<\/p>\n<p>Visio basiert auf Open-Source-Komponenten und wird in Frankreich gehostet. Die Infrastruktur betreibt Outscale, eine Tochter von Dassault Syst\u00e8mes, die \u00fcber die SecNumCloud-Zertifizierung der franz\u00f6sischen Cybersicherheitsbeh\u00f6rde ANSSI verf\u00fcgt. Diese Zertifizierung garantiert, dass alle Daten auf franz\u00f6sischem Boden bleiben und nicht der US-Jurisdiktion unterliegen. Die Plattform ist DSGVO-konform und wurde speziell f\u00fcr den Einsatz im \u00f6ffentlichen Dienst entwickelt.<\/p>\n<p>Die Software unterst\u00fctzt Videokonferenzen mit bis zu 150 Teilnehmern und bietet Funktionen wie Aufzeichnung, Bildschirmfreigabe, Chat und Reaktionen. Ein besonderes Feature ist die automatische Transkription mit Speaker-Diarisierung, entwickelt vom franz\u00f6sischen Startup Pyannote. F\u00fcr Sommer 2026 sind Echtzeit-Untertitel geplant, die das KI-Labor Kyutai entwickelt. Kyutai wird mit rund 300 Millionen Euro von Investoren wie Xavier Niel und Rodolphe Saad\u00e9 finanziert.<\/p>\n<p>Teil der digitalen Souver\u00e4nit\u00e4tsstrategie<\/p>\n<p>        Weiterlesen nach der Anzeige<\/p>\n<p>Visio ist in die Arbeitsumgebung La Suite integriert, die weitere souver\u00e4ne Tools wie den sicheren Messaging-Dienst Tchap und <a href=\"https:\/\/www.heise.de\/news\/Kollaborationstool-Docs-erhaelt-Kommentarfunktion-und-neues-Design-11101385.html\" target=\"_blank\" rel=\"noopener\">Docs<\/a> umfasst. Laut Nutzer-Feedback aus der Pilotphase funktioniert die Plattform \u201eperformant und ohne Fehler\u201c. Ein Forscher des INRAE lobte: \u201eEin wirklich tolles Tool, vielen Dank f\u00fcr diese Entwicklung!\u201c<\/p>\n<p>Die franz\u00f6sische Regierung verspricht sich von der Umstellung erhebliche Kosteneinsparungen: Pro 100.000 Nutzern soll j\u00e4hrlich rund eine Million Euro an Lizenzgeb\u00fchren f\u00fcr kommerzielle Anbieter entfallen. Diese Berechnung basiert auf den aktuellen Kosten f\u00fcr Lizenzen von Teams, Zoom und anderen Diensten. Details hierzu finden sich in der <a href=\"https:\/\/presse.economie.gouv.fr\/souverainete-numerique-letat-generalise-visio-sa-solution-de-visioconference-securisee-et-souveraine-a-destination-des-agents-publics\/\" rel=\"external noopener\" target=\"_blank\">Mitteilung des Wirtschaftsministeriums zur Visio-Initiative<\/a>.<\/p>\n<p>Der franz\u00f6sische Vorsto\u00df f\u00fcgt sich in eine breitere europ\u00e4ische Bewegung f\u00fcr mehr digitale Souver\u00e4nit\u00e4t ein. Das EU-Parlament forderte k\u00fcrzlich eine Losl\u00f6sung von US-Tech-Riesen und mehr Investitionen in heimische KI- und Open-Source-Anwendungen. Auch Deutschland und Frankreich arbeiten bei Cloud-Sicherheitsstandards zusammen, wie beim <a href=\"https:\/\/www.heise.de\/news\/Deutsch-franzoesischer-Digitalgipfel-Kooperation-fuer-sichere-Cloud-11082116.html\" rel=\"external noopener\" target=\"_blank\">deutsch-franz\u00f6sischen Digitalgipfel<\/a> deutlich wurde. Eine <a href=\"https:\/\/www.heise.de\/news\/Bitkom-Studie-Unternehmen-sind-auf-internationale-Datentransfers-angewiesen-11137226.html\" rel=\"external noopener\" target=\"_blank\">Bitkom-Studie<\/a> zeigt die Dimension des Unterfangens: 62 Prozent der deutschen Unternehmen \u00fcbertragen personenbezogene Daten ins Ausland \u2013 90 Prozent davon nutzen Videokonferenzsysteme, 61 Prozent transferieren Daten in die USA.<\/p>\n<p>(<a class=\"redakteurskuerzel__link\" href=\"https:\/\/www.heise.de\/news\/mailto:fo@heise.de\" title=\"Moritz F\u00f6rster\" target=\"_blank\" rel=\"noopener\">fo<\/a>)<\/p>\n<p>\n      Dieser Link ist leider nicht mehr g\u00fcltig.\n    <\/p>\n<p>Links zu verschenkten Artikeln werden ung\u00fcltig,<br \/>\n      wenn diese \u00e4lter als 7\u00a0Tage sind oder zu oft aufgerufen wurden.\n    <\/p>\n<p><strong>Sie ben\u00f6tigen ein heise+ Paket, um diesen Artikel zu lesen. Jetzt eine Woche unverbindlich testen \u2013 ohne Verpflichtung!<\/strong><\/p>\n","protected":false},"excerpt":{"rendered":"Frankreich weitet seine souver\u00e4ne Videokonferenzsoftware Visio auf alle staatlichen Dienste aus. Bis 2027 sollen rund 200.000 Beamte auf&hellip;\n","protected":false},"author":2,"featured_media":750493,"comment_status":"","ping_status":"","sticky":false,"template":"","format":"standard","meta":{"footnotes":""},"categories":[3974],"tags":[331,332,140894,32257,548,663,3934,3980,156,13,196,39869,14,11756,15,24469,12,64,60427,55,153590],"class_list":{"0":"post-750492","1":"post","2":"type-post","3":"status-publish","4":"format-standard","5":"has-post-thumbnail","7":"category-frankreich","8":"tag-aktuelle-nachrichten","9":"tag-aktuelle-news","10":"tag-data-act","11":"tag-digitale-souveraenitaet","12":"tag-eu","13":"tag-europa","14":"tag-europe","15":"tag-france","16":"tag-frankreich","17":"tag-headlines","18":"tag-it","19":"tag-microsoft-teams","20":"tag-nachrichten","21":"tag-netzpolitik","22":"tag-news","23":"tag-open-source","24":"tag-schlagzeilen","25":"tag-usa","26":"tag-videokonferenzen","27":"tag-wirtschaft","28":"tag-zoom"},"share_on_mastodon":{"url":"https:\/\/pubeurope.com\/@de\/115966523650126267","error":""},"_links":{"self":[{"href":"https:\/\/www.europesays.com\/de\/wp-json\/wp\/v2\/posts\/750492","targetHints":{"allow":["GET"]}}],"collection":[{"href":"https:\/\/www.europesays.com\/de\/wp-json\/wp\/v2\/posts"}],"about":[{"href":"https:\/\/www.europesays.com\/de\/wp-json\/wp\/v2\/types\/post"}],"author":[{"embeddable":true,"href":"https:\/\/www.europesays.com\/de\/wp-json\/wp\/v2\/users\/2"}],"replies":[{"embeddable":true,"href":"https:\/\/www.europesays.com\/de\/wp-json\/wp\/v2\/comments?post=750492"}],"version-history":[{"count":0,"href":"https:\/\/www.europesays.com\/de\/wp-json\/wp\/v2\/posts\/750492\/revisions"}],"wp:featuredmedia":[{"embeddable":true,"href":"https:\/\/www.europesays.com\/de\/wp-json\/wp\/v2\/media\/750493"}],"wp:attachment":[{"href":"https:\/\/www.europesays.com\/de\/wp-json\/wp\/v2\/media?parent=750492"}],"wp:term":[{"taxonomy":"category","embeddable":true,"href":"https:\/\/www.europesays.com\/de\/wp-json\/wp\/v2\/categories?post=750492"},{"taxonomy":"post_tag","embeddable":true,"href":"https:\/\/www.europesays.com\/de\/wp-json\/wp\/v2\/tags?post=750492"}],"curies":[{"name":"wp","href":"https:\/\/api.w.org\/{rel}","templated":true}]}}