{"id":750517,"date":"2026-01-27T10:25:11","date_gmt":"2026-01-27T10:25:11","guid":{"rendered":"https:\/\/www.europesays.com\/de\/750517\/"},"modified":"2026-01-27T10:25:11","modified_gmt":"2026-01-27T10:25:11","slug":"suchte-er-schutz-vor-der-kaelte-feuerwehr-dresden-findet-toten-43-in-tiefgarage-regional","status":"publish","type":"post","link":"https:\/\/www.europesays.com\/de\/750517\/","title":{"rendered":"Suchte er Schutz vor der K\u00e4lte?: Feuerwehr Dresden findet Toten (43) in Tiefgarage | Regional"},"content":{"rendered":"<p><a class=\"skip-content skip-content--link\" href=\"#in-content-skip-link-target-v-0-0\">TTS-Player \u00fcberspringen\u21b5<\/a><a id=\"in-content-skip-link-target-v-0-0\" class=\"skip-content--target-link-hidden skip-content skip-content--target-link\" href=\"#in-content-skip-link-target-v-0-0\">Artikel weiterlesen<\/a><\/p>\n<p>Dresden (Sachsen) \u2013 <b>Als die Brandmeldeanlage ansprang, gingen die Einsatzkr\u00e4fte von einem Feuer in der Tiefgarage aus. Doch dann machte die Feuerwehr eine schreckliche Entdeckung.<\/b><\/p>\n<p>Toter Mann im Traforaum<\/p>\n<p>Am Montagmorgen ging der Alarm bei der <a href=\"https:\/\/www.bild.de\/themen\/organisationen\/feuerwehr\/politik-nachrichten-news-fotos-videos-20421624.bild.html\" class=\"text-link\" target=\"_blank\" rel=\"noopener\">Feuerwehr<\/a> ein. In der Tiefgarage am Wiener Platz gleich beim Hauptbahnhof <a href=\"https:\/\/www.bild.de\/regional\/dresden\/dresden-regional\/home-16327670.bild.html\" class=\"text-link\" target=\"_blank\" rel=\"noopener\">Dresden<\/a> entdeckten die Einsatzkr\u00e4fte Rauch, der aus einem Traforaum str\u00f6mte. Darin fanden sie einen leblosen Mann. Er war nicht mehr zu retten.<\/p>\n<p>Die <a href=\"https:\/\/www.bild.de\/regional\/aktuelles\/polizei\/polizeieinsatz-alle-infos-76681760.bild.html\" class=\"text-link\" target=\"_blank\" rel=\"noopener\">Polizei<\/a> best\u00e4tigte BILD: Es handelt sich um einen 43-J\u00e4hrigen ohne festen Wohnsitz. Wie genau er starb, ist noch unklar. Von einem Fremdverschulden gehen die Ermittler derzeit nicht aus. Der Sprecher: \u201eAuch f\u00fcr einen m\u00f6glichen Suizid gibt es derzeit keine Anhaltspunkte.\u201c<\/p>\n<p><img decoding=\"async\" width=\"992\" height=\"558\" alt=\"Der Mann wurde in einer Tiefgarage am Hauptbahnhof gefunden\" src=\"https:\/\/www.europesays.com\/de\/wp-content\/uploads\/2026\/01\/c971fa1507c2f402b6b42d4a921f6440,3301582.jpeg\"   class=\"landscape\" loading=\"lazy\"\/><\/p>\n<p class=\"fig__caption__text\">Der Mann wurde in einer Tiefgarage am Hauptbahnhof gefunden<\/p>\n<p>Foto: picture alliance \/ dts-Agentur<\/p>\n<p>Mehr zum ThemaPolizei Dresden ermittelt<\/p>\n<p>M\u00f6glich, dass der Mann in dem Raum Schutz vor der Winterk\u00e4lte suchte und sich vielleicht ein Feuer machte, um sich zu w\u00e4rmen. Die giftigen Rauchgase in dem kleinen Raum k\u00f6nnten ihn bet\u00e4ubt und get\u00f6tet haben. Was genau passierte, ist im Moment noch Gegenstand der Ermittlungen.<\/p>\n","protected":false},"excerpt":{"rendered":"TTS-Player \u00fcberspringen\u21b5Artikel weiterlesen Dresden (Sachsen) \u2013 Als die Brandmeldeanlage ansprang, gingen die Einsatzkr\u00e4fte von einem Feuer in der&hellip;\n","protected":false},"author":2,"featured_media":750518,"comment_status":"","ping_status":"","sticky":false,"template":"","format":"standard","meta":{"footnotes":""},"categories":[1835],"tags":[2037,2919,3364,29,2386,985,23828,30,33656,121,859,45,6062,76646],"class_list":{"0":"post-750517","1":"post","2":"type-post","3":"status-publish","4":"format-standard","5":"has-post-thumbnail","7":"category-dresden","8":"tag-bahnhof","9":"tag-brand","10":"tag-de","11":"tag-deutschland","12":"tag-dresden","13":"tag-feuerwehr","14":"tag-garage","15":"tag-germany","16":"tag-obdachlos","17":"tag-polizei","18":"tag-sachsen","19":"tag-texttospeech","20":"tag-todesopfer","21":"tag-ungeklaerte-todesursache"},"share_on_mastodon":{"url":"https:\/\/pubeurope.com\/@de\/115966582784601905","error":""},"_links":{"self":[{"href":"https:\/\/www.europesays.com\/de\/wp-json\/wp\/v2\/posts\/750517","targetHints":{"allow":["GET"]}}],"collection":[{"href":"https:\/\/www.europesays.com\/de\/wp-json\/wp\/v2\/posts"}],"about":[{"href":"https:\/\/www.europesays.com\/de\/wp-json\/wp\/v2\/types\/post"}],"author":[{"embeddable":true,"href":"https:\/\/www.europesays.com\/de\/wp-json\/wp\/v2\/users\/2"}],"replies":[{"embeddable":true,"href":"https:\/\/www.europesays.com\/de\/wp-json\/wp\/v2\/comments?post=750517"}],"version-history":[{"count":0,"href":"https:\/\/www.europesays.com\/de\/wp-json\/wp\/v2\/posts\/750517\/revisions"}],"wp:featuredmedia":[{"embeddable":true,"href":"https:\/\/www.europesays.com\/de\/wp-json\/wp\/v2\/media\/750518"}],"wp:attachment":[{"href":"https:\/\/www.europesays.com\/de\/wp-json\/wp\/v2\/media?parent=750517"}],"wp:term":[{"taxonomy":"category","embeddable":true,"href":"https:\/\/www.europesays.com\/de\/wp-json\/wp\/v2\/categories?post=750517"},{"taxonomy":"post_tag","embeddable":true,"href":"https:\/\/www.europesays.com\/de\/wp-json\/wp\/v2\/tags?post=750517"}],"curies":[{"name":"wp","href":"https:\/\/api.w.org\/{rel}","templated":true}]}}