{"id":750521,"date":"2026-01-27T10:27:12","date_gmt":"2026-01-27T10:27:12","guid":{"rendered":"https:\/\/www.europesays.com\/de\/750521\/"},"modified":"2026-01-27T10:27:12","modified_gmt":"2026-01-27T10:27:12","slug":"die-allos-hof-manufaktur-und-ecotone-erreichen-rekord-bewertung-bei-b","status":"publish","type":"post","link":"https:\/\/www.europesays.com\/de\/750521\/","title":{"rendered":"Die Allos Hof-Manufaktur und Ecotone erreichen Rekord-Bewertung bei B &#8230;"},"content":{"rendered":"<p class=\"date\">27.01.2026 \u2013 11:12<\/p>\n<p class=\"customer\">\n                        <a class=\"story-customer\" title=\"weiter zum newsroom von Allos Hof-Manufaktur\" href=\"https:\/\/www.presseportal.de\/nr\/150626\" target=\"_blank\" rel=\"noopener\">Allos Hof-Manufaktur<\/a>\n                    <\/p>\n<p><a class=\"glightbox-pseudo event-trigger\" href=\"https:\/\/cache.pressmailing.net\/thumbnail\/story_hires\/507815ee-a0a4-4d63-b209-2daba4eff4fe\/Pressebild_01_Eike_Mehlhop.JPG.jpg\" data-description=\"\" data-category=\"medialightbox\" data-action=\"click\" data-label=\"single\" data-value=\"69788f92270000fd2c8c9ad2\" target=\"_blank\" rel=\"noopener\"><img decoding=\"async\" height=\"540\" with=\"720\" src=\"https:\/\/www.europesays.com\/de\/wp-content\/uploads\/2026\/01\/die-allos-hof-manufaktur-und-ecotone-erreichen-rekord-bewertung-bei-b-corp-rezertifizierung.jpeg\"   alt=\"Die Allos Hof-Manufaktur und Ecotone erreichen Rekord-Bewertung bei B CORP\u2122-Rezertifizierung\" class=\"single\"\/><\/a><\/p>\n<p class=\"story-download-headline\">Ein Dokument<\/p>\n<ul class=\"story-download-list\">\n<li class=\"story-download-list-item\"><a href=\"https:\/\/www.presseportal.de\/download\/document\/69788f93270000fd2c8c9af7-pressemitteilung-all-zertifizierung.pdf\" target=\"_blank\" rel=\"noopener\">Pressemitteilung All~-Zertifizierung.pdf<br \/>PDF &#8211; 172 kB<\/a><\/li>\n<\/ul>\n<p><b>DIE ALLOS HOF-MANUFAKTUR UND ECOTONE ERREICHEN REKORD-BEWERTUNG BEI B CORP\u2122-REZERTIFIZIERUNG<\/b><\/p>\n<p><b>Die Allos Hof-Manufaktur erreicht gemeinsam mit Ecotone 123,7 Punkte bei der <\/b><br \/>\n  <b>aktuellen <\/b><br \/>\n  <b>B Corp- Rezertifizierung. Dies ist die h\u00f6chste B Corp\u2122-Bewertung unter den gro\u00dfen Lebensmittelunternehmen weltweit.<\/b><\/p>\n<p>Die Allos Hof-Manufaktur unterstreicht gemeinsam mit der europ\u00e4ischen Ecotone Gruppe erneut ihr konsequentes Engagement f\u00fcr nachhaltige Lebensmittelproduktion: Ecotone hat seine B Corp\u2122-Zertifizierung im Jahr 2025 mit einem au\u00dfergew\u00f6hnlichen Rekordscore von 123,7 Punkten erneuert. Damit ist Ecotone das weltweit leistungsst\u00e4rkste B Corp\u2122-zertifizierte Lebensmittelunternehmen mit mehr als 1.000 Mitarbeitenden im Hinblick auf sozialen und \u00f6kologischen Impact.<\/p>\n<p>Als Teil der Ecotone Gruppe ist die Allos Hof-Manufaktur integraler Bestandteil dieses Erfolgs. Die erneute Zertifizierung best\u00e4tigt den gemeinsamen Anspruch, wirtschaftliche Leistungsf\u00e4higkeit mit sozialem und \u00f6kologischem Impact zu verbinden \u2013 mit Bio-Lebensmitteln, pflanzenbasierter Ern\u00e4hrung und agro\u00f6kologischen Praktiken im Zentrum des Gesch\u00e4ftsmodells.<\/p>\n<p>Gesch\u00e4ftsf\u00fchrer der Allos Hof-Manufaktur, Eike Mehlhop, freut sich: \u201eAls Teil der europ\u00e4ischen Ecotone Gruppe sind wir stolz auf die erneute B Corp\u2122-Zertifizierung mit herausragenden 123,7 Punkten. Sie ist f\u00fcr uns weit mehr als ein G\u00fctesiegel \u2013 sie best\u00e4tigt unseren konsequenten Weg, biologische Landwirtschaft, faire Partnerschaften und echte Nachhaltigkeit in den Mittelpunkt unseres Handelns zu stellen. Dieses Ergebnis zeigt, dass ein wirtschaftlich erfolgreiches Gesch\u00e4ftsmodell und der Schutz unserer nat\u00fcrlichen Ressourcen sich nicht ausschlie\u00dfen, sondern sich gegenseitig st\u00e4rken. Wir sind stolz auf diesen gemeinsamen Erfolg und sehen ihn zugleich als Verpflichtung, unseren Beitrag f\u00fcr eine zukunftsf\u00e4hige, enkeltaugliche Lebensmittelwirtschaft weiter zu erh\u00f6hen.\u201c<\/p>\n<p>Mit diesem Ergebnis z\u00e4hlt Ecotone \u2013 und damit auch die Allos Hof-Manufaktur \u2013 zu einer kleinen Gruppe von Lebensmittelunternehmen, die die Marke von 100 Punkten \u00fcberschreiten. Zum Vergleich: F\u00fcr die B Corp\u2122-Zertifizierung sind 80 Punkte erforderlich, der Medianwert liegt bei 50,9 Punkten.<\/p>\n<p><b>Ein konsequenter B Corp\u2122-Weg \u2013 auch f\u00fcr die Allos Hof-Manufaktur<\/b><\/p>\n<p>Seit mehreren Jahren nutzt die Allos Hof-Manufaktur als Teil der Ecotone Gruppe die B Corp\u2122-Zertifizierung als zentrales Instrument, um ihr Engagement f\u00fcr Umwelt, Gesellschaft und verantwortungsvolle Unternehmensf\u00fchrung messbar weiterzuentwickeln. Innerhalb der Ecotone Gruppe steht sie f\u00fcr eine klare Ausrichtung auf biologische, vegetarische und vegane Lebensmittel sowie f\u00fcr den Schutz und die F\u00f6rderung der Biodiversit\u00e4t.<\/p>\n<p><b>Mitarbeitende, Klima und Biodiversit\u00e4t im Mittelpunkt<\/b><\/p>\n<p>F\u00fcr die Allos Hof-Manufaktur spielen die Mitarbeitenden eine zentrale Rolle: Nachhaltigkeitsziele f\u00fcr alle Besch\u00e4ftigten, kontinuierliche Awareness-Initiativen sowie der klare Einsatz f\u00fcr Diversit\u00e4t und Gleichstellung pr\u00e4gen die Unternehmenskultur innerhalb der Gruppe.<\/p>\n<p>Die strukturellen Leitplanken des Gesch\u00e4ftsmodells \u2013 Bio als Grundlage, pflanzenbasiert als Treiber, biodiverse Anbauprojekte\u2013 bilden f\u00fcr die Allos Hof-Manufaktur die Basis ihres t\u00e4glichen Handelns.<\/p>\n<p><b>B Corp\u2122 als Motor f\u00fcr Wandel<\/b><\/p>\n<p>Die Allos Hof-Manufaktur ist \u00fcber Ecotone Teil der globalen B Corp\u2122-Community von rund 10.000 Unternehmen, die sich f\u00fcr eine gerechtere und verantwortungsvollere Wirtschaft einsetzen \u2013 und zeigt, dass nachhaltige Ern\u00e4hrung und unternehmerischer Erfolg Hand in Hand gehen k\u00f6nnen.<\/p>\n<p><b>Pressekontakt<\/b><\/p>\n<p>Jana Alfke | FLUENT AG |  <a target=\"_blank\" class=\"uri-ext outbound\" rel=\"noopener\" href=\"https:\/\/www.presseportal.de\/pm\/150626\/mailto:jana.alfke@fluent.ag\">jana.alfke@fluent.ag<\/a> | T: +49 40 24 82 12 430<\/p>\n","protected":false},"excerpt":{"rendered":"27.01.2026 \u2013 11:12 Allos Hof-Manufaktur Ein Dokument Pressemitteilung All~-Zertifizierung.pdfPDF &#8211; 172 kB DIE ALLOS HOF-MANUFAKTUR UND ECOTONE ERREICHEN&hellip;\n","protected":false},"author":2,"featured_media":750522,"comment_status":"","ping_status":"","sticky":false,"template":"","format":"standard","meta":{"footnotes":""},"categories":[1824],"tags":[3477,2420,3364,29,30,178,180,179,181],"class_list":{"0":"post-750521","1":"post","2":"type-post","3":"status-publish","4":"format-standard","5":"has-post-thumbnail","7":"category-bremen","8":"tag-bild","9":"tag-bremen","10":"tag-de","11":"tag-deutschland","12":"tag-germany","13":"tag-presse","14":"tag-pressemeldung","15":"tag-pressemitteilung","16":"tag-pressemitteilungen"},"share_on_mastodon":{"url":"https:\/\/pubeurope.com\/@de\/115966590656447148","error":""},"_links":{"self":[{"href":"https:\/\/www.europesays.com\/de\/wp-json\/wp\/v2\/posts\/750521","targetHints":{"allow":["GET"]}}],"collection":[{"href":"https:\/\/www.europesays.com\/de\/wp-json\/wp\/v2\/posts"}],"about":[{"href":"https:\/\/www.europesays.com\/de\/wp-json\/wp\/v2\/types\/post"}],"author":[{"embeddable":true,"href":"https:\/\/www.europesays.com\/de\/wp-json\/wp\/v2\/users\/2"}],"replies":[{"embeddable":true,"href":"https:\/\/www.europesays.com\/de\/wp-json\/wp\/v2\/comments?post=750521"}],"version-history":[{"count":0,"href":"https:\/\/www.europesays.com\/de\/wp-json\/wp\/v2\/posts\/750521\/revisions"}],"wp:featuredmedia":[{"embeddable":true,"href":"https:\/\/www.europesays.com\/de\/wp-json\/wp\/v2\/media\/750522"}],"wp:attachment":[{"href":"https:\/\/www.europesays.com\/de\/wp-json\/wp\/v2\/media?parent=750521"}],"wp:term":[{"taxonomy":"category","embeddable":true,"href":"https:\/\/www.europesays.com\/de\/wp-json\/wp\/v2\/categories?post=750521"},{"taxonomy":"post_tag","embeddable":true,"href":"https:\/\/www.europesays.com\/de\/wp-json\/wp\/v2\/tags?post=750521"}],"curies":[{"name":"wp","href":"https:\/\/api.w.org\/{rel}","templated":true}]}}