{"id":750594,"date":"2026-01-27T11:06:13","date_gmt":"2026-01-27T11:06:13","guid":{"rendered":"https:\/\/www.europesays.com\/de\/750594\/"},"modified":"2026-01-27T11:06:13","modified_gmt":"2026-01-27T11:06:13","slug":"stromausfall-berlin-millionen-belohnung-fuer-aufklaerung-ausgesetzt","status":"publish","type":"post","link":"https:\/\/www.europesays.com\/de\/750594\/","title":{"rendered":"Stromausfall Berlin: Millionen-Belohnung f\u00fcr Aufkl\u00e4rung ausgesetzt"},"content":{"rendered":"<p>            <img loading=\"lazy\" decoding=\"async\" class=\"ts-image\" src=\"https:\/\/www.europesays.com\/de\/wp-content\/uploads\/2026\/01\/rbb-audio-rbb24-26-01-2026-sabine-mueller-100.jpg\" alt=\"Archivbild: Einsatzkr\u00e4fte der Polizei stehen an der Brandstelle einer Kabelbr\u00fccke vor dem Kraftwerk Lichterfelde am Teltowkanal. (Quelle: dpa\/Kappeler)\" title=\"Audio: rbb24 Inforadio | 26.01.2026 | Sabine M\u00fcller | dpa\/Kappeler\"\/><\/p>\n<p class=\"metatextline\">Stand: 27.01.2026 10:22 Uhr<\/p>\n<p class=\"article-head__shorttext\">\n        <strong>Vor drei Wochen wurde die Stromversorgung von Teilen Berlins durch einen Anschlag lahmgelegt. Nun wurde auf der Suche nach den T\u00e4tern eine Millionenbelohnung ausgesetzt. Senatorin Spranger sprach von einem &#8222;einmaligen Vorgang&#8220;.<\/strong>\n    <\/p>\n<ul class=\"bulletpoint-list \">\n<li>Nach Brandanschlag auf Stromversorgung: Hohe Belohnung f\u00fcr Hinweise<\/li>\n<li>Innensenatorin Spranger spricht von &#8222;einmaligem Vorgang&#8220;<\/li>\n<li>Ermittler erhoffen sich Hilfe bei Aufkl\u00e4rung von &#8222;Terrorismus&#8220;<\/li>\n<\/ul>\n<p class=\"textabsatz m-ten m-offset-one l-eight l-offset-two columns twelve\">Das Bundeskriminalamt (BKA) und der Generalbundesanwalt beim Bundesgerichtshof (GBA) bitten die Bev\u00f6lkerung um Hinweise auf die T\u00e4ter, die Anfang Januar durch einen Brandanschlag mehrere Starkstromkabel in Berlin besch\u00e4digt haben.<\/p>\n<p>F\u00fcr Hinweise, die zur Aufkl\u00e4rung des <a href=\"https:\/\/www.rbb24.de\/panorama\/beitrag\/2025\/09\/stromausfall-berlin-suedosten-anschlag.html\" title=\"Anschlags auf die Stromversorgung im Berliner S\u00fcdwesten\" class=\"textlink--extern\" target=\"_blank\" rel=\"noopener\">Anschlags auf die Stromversorgung im Berliner S\u00fcdwesten<\/a> f\u00fchren, ist demnach eine Belohnung von bis zu einer Million Euro ausgelobt.<\/p>\n<p>Wie das Bundeskriminalamt am Dienstag mitteilte, l\u00e4uft der Zeugenaufruf bis zum 24. Februar 2026. &#8222;F\u00fcr Angaben, die bis zu diesem Zeitpunkt eingehen und zur Ermittlung des oder der T\u00e4ter f\u00fchren, ist eine Belohnung von bis zu einer Million Euro durch das BKA ausgesetzt&#8220;, hei\u00dft es.<\/p>\n<p>Die Berliner Innensenatorin Iris Spranger (SPD) hatte dies am Montag im Innenausschuss des Abgeordnetenhauses bereits best\u00e4tigt. Hinweise nimmt die Bundespolizei eigenen Aussagen zufolge telefonisch oder online bis zum 24. Februar entgegen.<\/p>\n<p class=\"textabsatz m-ten m-offset-one l-eight l-offset-two columns twelve\">Spranger sprach von einem &#8222;einmaligen Vorgang&#8220;. Sie k\u00f6nne sich nicht erinnern, dass der Bund einen Zeugenaufruf &#8222;in so einer Gr\u00f6\u00dfenordnung und in so einer Situation&#8220; schonmal gemacht habe. Ziel der hohen Belohnung ist es laut Spranger, &#8222;mit dem BKA und dem Generalbundesanwalt&#8220; einen Akt von &#8222;Terrorismus&#8220; aufzukl\u00e4ren.<\/p>\n<p>Durch den Brandanschlag auf eine Kabelbr\u00fccke Anfang Januar waren vor\u00fcbergehend 45.000 Haushalte und 2.200 Gewerbeeinheiten ohne Strom. Eine linksextremistische &#8222;Vulkangruppe&#8220; <a href=\"https:\/\/www.rbb24.de\/panorama\/beitrag\/2026\/01\/berlin-suedwesten-stromausfall-vulkangruppe-bekennerschreiben-brandanschlag.html\" title=\"bekannte sich dazu\" class=\"textlink--extern\" target=\"_blank\" rel=\"noopener\">bekannte sich dazu<\/a>.<\/p>\n<p>    Generalbundesanwalt ermittelt<\/p>\n<p class=\"textabsatz m-ten m-offset-one l-eight l-offset-two columns twelve\">Am Tag des Blackouts erhielt der rbb ein Bekennerschreiben, unterzeichnet mit &#8222;Vulkangruppe \u2013 Den Herrschenden den Saft abdrehen&#8220;. Der Staatsschutz h\u00e4lt das Schreiben f\u00fcr authentisch. Inzwischen <a href=\"https:\/\/www.rbb24.de\/politik\/beitrag\/2026\/01\/karlsruhe-bundesanwaltschaft-ermittlungen-stromnetz-berlin-brandanschlag.html\" title=\"ermittelt der Generalbundesanwalt\" class=\"textlink--extern\" target=\"_blank\" rel=\"noopener\">ermittelt der Generalbundesanwalt<\/a> wegen des Verdachts der Mitgliedschaft in einer terroristischen Vereinigung, der verfassungsfeindlichen Sabotage, der Brandstiftung und der St\u00f6rung \u00f6ffentlicher Betriebe.<\/p>\n<p>Der Name &#8222;Vulkangruppe&#8220; ist den Ermittlern seit 2011 bekannt. Nach Informationen des Verfassungsschutzes bestehen sogenannte Vulkangruppen seit dem Jahr 2011 und ver\u00fcben seitdem<a href=\"https:\/\/www.rbb24.de\/politik\/beitrag\/2026\/01\/vulkangruppe-switch-off-linksextremismus-berlin-blackout-stromausfall-zehlendorf.html\" title=\" Brandanschl\u00e4ge in Berlin und Brandenburg\" class=\"textlink--extern\" target=\"_blank\" rel=\"noopener\"> Brandanschl\u00e4ge in Berlin und Brandenburg<\/a>. Ziele sind zumeist Kabelsch\u00e4chte an Bahntrassen, aber auch Funkmasten oder Datenleitungen, teilweise auch Firmenfahrzeuge. So kam es unter anderem zu zwei Brandanschl\u00e4gen auf die Stromversorgung des US-Autobauers Tesla in Gr\u00fcnheide.<\/p>\n<p>In Regierungskreisen wird die hohe Belohnung als Zeichen daf\u00fcr gesehen, dass den Ermittlern bisher jede Spur zu den T\u00e4tern fehlt.<\/p>\n<p class=\"textabsatz m-ten m-offset-one l-eight l-offset-two columns twelve\">Sendung: rbb24 Inforadio, 26.01.2026, 15:20 Uhr<\/p>\n<p>                                        <a class=\"backlink__link\" href=\"https:\/\/www.rbb24.de\/panorama\/beitrag\/2026\/01\/berlin-stromausfall-hinweise-belohnung-million-taeter-polizei.html\" target=\"_blank\" rel=\"noopener\"><\/p>\n<p>                                                <img decoding=\"async\" src=\"https:\/\/images.tagesschau.de\/image\/898f19c3-6760-4be2-a33f-1fa765216ec2\/AAABlap_olM\/AAABmyZDc0k\/original\/lra-rbb-logo-100.svg\" alt=\"Rundfunk Berlin-Brandenburg\"\/><\/p>\n<p>                                        <\/a><\/p>\n","protected":false},"excerpt":{"rendered":"Stand: 27.01.2026 10:22 Uhr Vor drei Wochen wurde die Stromversorgung von Teilen Berlins durch einen Anschlag lahmgelegt. Nun&hellip;\n","protected":false},"author":2,"featured_media":750595,"comment_status":"","ping_status":"","sticky":false,"template":"","format":"standard","meta":{"footnotes":""},"categories":[5],"tags":[296,13,14,15,12,5667,10,8,9,11],"class_list":{"0":"post-750594","1":"post","2":"type-post","3":"status-publish","4":"format-standard","5":"has-post-thumbnail","7":"category-nachrichten","8":"tag-berlin","9":"tag-headlines","10":"tag-nachrichten","11":"tag-news","12":"tag-schlagzeilen","13":"tag-stromausfall","14":"tag-top-news","15":"tag-top-meldungen","16":"tag-topmeldungen","17":"tag-topnews"},"share_on_mastodon":{"url":"https:\/\/pubeurope.com\/@de\/115966744326399989","error":""},"_links":{"self":[{"href":"https:\/\/www.europesays.com\/de\/wp-json\/wp\/v2\/posts\/750594","targetHints":{"allow":["GET"]}}],"collection":[{"href":"https:\/\/www.europesays.com\/de\/wp-json\/wp\/v2\/posts"}],"about":[{"href":"https:\/\/www.europesays.com\/de\/wp-json\/wp\/v2\/types\/post"}],"author":[{"embeddable":true,"href":"https:\/\/www.europesays.com\/de\/wp-json\/wp\/v2\/users\/2"}],"replies":[{"embeddable":true,"href":"https:\/\/www.europesays.com\/de\/wp-json\/wp\/v2\/comments?post=750594"}],"version-history":[{"count":0,"href":"https:\/\/www.europesays.com\/de\/wp-json\/wp\/v2\/posts\/750594\/revisions"}],"wp:featuredmedia":[{"embeddable":true,"href":"https:\/\/www.europesays.com\/de\/wp-json\/wp\/v2\/media\/750595"}],"wp:attachment":[{"href":"https:\/\/www.europesays.com\/de\/wp-json\/wp\/v2\/media?parent=750594"}],"wp:term":[{"taxonomy":"category","embeddable":true,"href":"https:\/\/www.europesays.com\/de\/wp-json\/wp\/v2\/categories?post=750594"},{"taxonomy":"post_tag","embeddable":true,"href":"https:\/\/www.europesays.com\/de\/wp-json\/wp\/v2\/tags?post=750594"}],"curies":[{"name":"wp","href":"https:\/\/api.w.org\/{rel}","templated":true}]}}