{"id":750621,"date":"2026-01-27T11:23:14","date_gmt":"2026-01-27T11:23:14","guid":{"rendered":"https:\/\/www.europesays.com\/de\/750621\/"},"modified":"2026-01-27T11:23:14","modified_gmt":"2026-01-27T11:23:14","slug":"telekom-antenne-sendet-bald-von-neuem-standort-in-werther-haller-kreisblatt","status":"publish","type":"post","link":"https:\/\/www.europesays.com\/de\/750621\/","title":{"rendered":"Telekom-Antenne sendet bald von neuem Standort in Werther | Haller Kreisblatt"},"content":{"rendered":"<p id=\"absatz1\" class=\"em_text\">Werther. Bisher stehen in Werther ausschlie\u00dflich Provisorien &#8211; und so wird es wohl zun\u00e4chst auch bleiben. Alle drei gro\u00dfen Mobilfunkanbieter Telekom, Vodafone und Telefonica\/O2 haben ihre Antennen auf verschiedene mobile Masten im Innenstadtbereich geschraubt. Ein fester Mast, f\u00fcr den bereits ein Standort am Teutoburger-Wald-Weg gefunden ist und der eigentlich bereits seit 2024 stehen sollte, ist weiter nicht in Sicht. Daf\u00fcr gibt es jetzt Pl\u00e4ne, die Telekom-Antenne umzusiedeln.<\/p>\n<p id=\"absatz2\" class=\"em_text\">Dass es bislang keine Dauerl\u00f6sung gibt, ist vermutlich der Eile zuzuschreiben, mit der sich die Anbieter nach 2020 eine Alternative suchen mussten. Davor hatten sie viele Jahre lang ihre Antennen auf dem Dach des ehemaligen H.-W.-Meyer-Geb\u00e4udes an der Engerstra\u00dfe platziert. Als die Immobilie jedoch vor sechs Jahren den Besitzer wechselte und abgerissen werden sollte, mussten sich die Telekommunikations-Unternehmen andere Standorte suchen.<\/p>\n<p id=\"absatz3\" class=\"em_text\">Die Telekom schaffte es am schnellsten: Sie montierte Anfang 2022 ihre Antenne auf einen mobilen Masten nahe der Bielefelder Stra\u00dfe gegen\u00fcber der Ampelschule. Ein Jahr sp\u00e4ter folgte Vodafone mit einem mobilen Masten auf dem Freibadgel\u00e4nde, das ihr die Stadt zur Verf\u00fcgung stellte. Und 2024 zog schlie\u00dflich auch der O2-Mutterkonzern Telefonica nach, der 2024 seinen Masten nahe dem Friedhofgel\u00e4nde aufbaute. Jetzt steht also wieder eine Ver\u00e4nderung an.<\/p>\n<p>Telekom-Antenne in Werthers Zentrum wechselt in die N\u00e4he des Hofes Venghaus<\/p>\n<p class=\"em_text\">Wie B\u00fcrgermeister Veith Lemmen im j\u00fcngsten Ausschuss f\u00fcr Digitales mitteilte, soll der Mast der Telekom an den Teutoburger-Wald-Weg auf eine freie Fl\u00e4che neben der Hofstelle Venghaus wechseln. Wann dies passieren soll, stehe noch nicht fest.<\/p>\n<p id=\"absatz5\"><b class=\"bold\">Lesen Sie auch:<\/b> <a href=\"https:\/\/www.haller-kreisblatt.de\/lokal\/werther\/23880653_Loesung-fuer-die-Mobilfunk-Wueste-Werther-ist-in-Sicht.html\" target=\"_blank\" rel=\"noopener\">L\u00f6sung f\u00fcr die \u201eMobilfunk-W\u00fcste\u201c Werther ist in Sicht<\/a><\/p>\n<p id=\"absatz6\" class=\"em_text\">Hauptamtsleiter Guido Neugebauer erl\u00e4uterte auf Anfrage, dass dies f\u00fcr eine \u00dcbergangsphase gedacht sei, bevor der endg\u00fcltige, feste Funkmast errichtet wird. Wann dies sein wird, k\u00f6nne er allerdings nicht sagen. Sagte aber, dass die Standortsuche f\u00fcr das Provisorium eine gewisse Zeit in Anspruch genommen habe, da der Mast innenstadtnah und gleichzeitig m\u00f6glichst hoch liegen muss, um optimale Sendeeigenschaften zu gew\u00e4hrleisten.<\/p>\n<p id=\"absatz7\" class=\"em_text\">Wie das \u201eHaller Kreisblatt\u201c 2024 berichtet hatte, ist der feste Mobilfunkturm ebenfalls am Teutoburger-Wald-Weg nahe der Sch\u00fctzenklause vorgesehen. Er soll um die 40 Meter hoch sein und &#8211; wenn sich die Unternehmen einig werden &#8211; die Antennen aller drei Anbieter aufnehmen.<\/p>\n<p id=\"absatz8\"><b class=\"bold\">Aktuelle News bekommen Sie t\u00e4glich \u00fcber den<\/b> <a data-auth=\"NotApplicable\" data-linkindex=\"0\" href=\"https:\/\/whatsapp.com\/channel\/0029VagU0FW1SWsxhmHz2v0q\" rel=\"noreferrer noopener\" target=\"_blank\" title=\"https:\/\/whatsapp.com\/channel\/0029VagU0FW1SWsxhmHz2v0q\">WhatsApp-Kanal des HK<\/a> <\/p>\n","protected":false},"excerpt":{"rendered":"Werther. Bisher stehen in Werther ausschlie\u00dflich Provisorien &#8211; und so wird es wohl zun\u00e4chst auch bleiben. Alle drei&hellip;\n","protected":false},"author":2,"featured_media":750622,"comment_status":"","ping_status":"","sticky":false,"template":"","format":"standard","meta":{"footnotes":""},"categories":[1841],"tags":[1605,102818,3364,11437,29,54921,30,1611,1606,734,19081,164252,29716,1613,15640,1209,17016,171377,18098,6715],"class_list":{"0":"post-750621","1":"post","2":"type-post","3":"status-publish","4":"format-standard","5":"has-post-thumbnail","7":"category-bielefeld","8":"tag-bielefeld","9":"tag-cnt_aufmacher","10":"tag-de","11":"tag-deutsche-telekom","12":"tag-deutschland","13":"tag-engerstrae","14":"tag-germany","15":"tag-label_informiere-mich","16":"tag-label_m-80","17":"tag-meta_artikelklasse_nachricht","18":"tag-meta_copyrights_hk","19":"tag-meta_eo_zusammenfassung","20":"tag-meta_themen_netzwelt","21":"tag-meta_userneeds_informieremich","22":"tag-mobilfunk","23":"tag-nordrhein-westfalen","24":"tag-standort","25":"tag-telefnica-s-a","26":"tag-vodafone","27":"tag-werther"},"share_on_mastodon":{"url":"https:\/\/pubeurope.com\/@de\/115966810769772473","error":""},"_links":{"self":[{"href":"https:\/\/www.europesays.com\/de\/wp-json\/wp\/v2\/posts\/750621","targetHints":{"allow":["GET"]}}],"collection":[{"href":"https:\/\/www.europesays.com\/de\/wp-json\/wp\/v2\/posts"}],"about":[{"href":"https:\/\/www.europesays.com\/de\/wp-json\/wp\/v2\/types\/post"}],"author":[{"embeddable":true,"href":"https:\/\/www.europesays.com\/de\/wp-json\/wp\/v2\/users\/2"}],"replies":[{"embeddable":true,"href":"https:\/\/www.europesays.com\/de\/wp-json\/wp\/v2\/comments?post=750621"}],"version-history":[{"count":0,"href":"https:\/\/www.europesays.com\/de\/wp-json\/wp\/v2\/posts\/750621\/revisions"}],"wp:featuredmedia":[{"embeddable":true,"href":"https:\/\/www.europesays.com\/de\/wp-json\/wp\/v2\/media\/750622"}],"wp:attachment":[{"href":"https:\/\/www.europesays.com\/de\/wp-json\/wp\/v2\/media?parent=750621"}],"wp:term":[{"taxonomy":"category","embeddable":true,"href":"https:\/\/www.europesays.com\/de\/wp-json\/wp\/v2\/categories?post=750621"},{"taxonomy":"post_tag","embeddable":true,"href":"https:\/\/www.europesays.com\/de\/wp-json\/wp\/v2\/tags?post=750621"}],"curies":[{"name":"wp","href":"https:\/\/api.w.org\/{rel}","templated":true}]}}