{"id":750643,"date":"2026-01-27T11:35:24","date_gmt":"2026-01-27T11:35:24","guid":{"rendered":"https:\/\/www.europesays.com\/de\/750643\/"},"modified":"2026-01-27T11:35:24","modified_gmt":"2026-01-27T11:35:24","slug":"accor-expandiert-in-europa-und-uebersee-tageskarte","status":"publish","type":"post","link":"https:\/\/www.europesays.com\/de\/750643\/","title":{"rendered":"Accor expandiert in Europa und \u00dcbersee: Tageskarte"},"content":{"rendered":"<p>Accor erweitert die internationale Pr\u00e4senz durch eine Reihe von Neuer\u00f6ffnungen und Vertragsabschl\u00fcssen im Premium- und Luxussegment. Im letzten Quartal 2025 sowie durch strategische Neuzug\u00e4nge f\u00fcr die kommenden Jahre vergr\u00f6\u00dfert der Konzern sein Portfolio in Europa, Asien und Ozeanien. Ein Schwerpunkt liegt dabei auf der Einf\u00fchrung von Marken in neuen Regionen sowie dem Ausbau der Handwritten Collection und der Emblems Collection.<\/p>\n<p>Markteintritte und Portfolioerg\u00e4nzungen in Europa<\/p>\n<p>In Europa verzeichnete Accor zwischen Juli und Dezember 2025 mehrere Markteintritte. In Ungarn wurde im Juli das YOU Hotel Budapest als Teil der Handwritten Collection er\u00f6ffnet, gefolgt vom Lycium Hotel Debrecen im Dezember. In den Niederlanden nahm im Oktober das Hotel Maison Maastricht Centrum den Betrieb auf, das ebenfalls dieser Kollektion angeh\u00f6rt. Zu den weiteren Etappen der Expansion in Europa geh\u00f6ren das Novotel Malta Sliema, das im Oktober 2025 das Deb\u00fct der Marke auf Malta markierte, sowie das im selben Monat er\u00f6ffnete Novotel Zagreb in Kroatien. Rum\u00e4nien verzeichnete im Dezember 2025 die Er\u00f6ffnung des Mercure Bucharest Cantemir, w\u00e4hrend in Gro\u00dfbritannien im November das Lucknam Park Hotel &amp; Spa als Teil der Emblems Collection in das Portfolio integriert wurde.<\/p>\n<p>Strategische Planungen f\u00fcr die kommenden Jahre<\/p>\n<p>Neben den erfolgten Er\u00f6ffnungen sicherte sich Accor durch neue Vertr\u00e4ge langfristige Projekte. In Kroatien ist f\u00fcr das Jahr 2026 die Er\u00f6ffnung des M\u00f6venpick Hotel &amp; Residences Kvarner Bay geplant. F\u00fcr den britischen Markt wurde ein Vertrag f\u00fcr das M\u00f6venpick Hampshire-Old Thorns unterzeichnet, dessen Inbetriebnahme f\u00fcr 2027 vorgesehen ist. An der albanischen Riviera wird die Gruppe voraussichtlich im Jahr 2028 mit dem Swiss\u00f4tel Vlora vertreten sein. Diese Projekte sollen die Position der Gruppe in touristisch relevanten K\u00fcstenregionen und etablierten M\u00e4rkten weiter festigen.<\/p>\n<p>Expansion in Asien und Ozeanien<\/p>\n<p>Auch au\u00dferhalb Europas setzt Accor auf eine verst\u00e4rkte Pr\u00e4senz. In Ozeanien wurde im Oktober 2025 das TRIBE Auckland Fort Street in Neuseeland er\u00f6ffnet. F\u00fcr den asiatischen Raum k\u00fcndigte die Gruppe das M\u00f6venpick Manila Bay Westside auf den Philippinen an, das nach Unternehmensangaben das weltweit gr\u00f6\u00dfte Hotel dieser Marke werden soll. Zudem befinden sich in dieser Region die Raffles Residences Bali als Teil der Luxusstrategie in der Planung. Die Gruppe betreibt aktuell \u00fcber 5.700 Hotels und rund 45 Marken in 110 L\u00e4ndern.\u00a0<\/p>\n<p>\u00a0<\/p>\n","protected":false},"excerpt":{"rendered":"Accor erweitert die internationale Pr\u00e4senz durch eine Reihe von Neuer\u00f6ffnungen und Vertragsabschl\u00fcssen im Premium- und Luxussegment. Im letzten&hellip;\n","protected":false},"author":2,"featured_media":750644,"comment_status":"","ping_status":"","sticky":false,"template":"","format":"standard","meta":{"footnotes":"","_share_on_mastodon":"0"},"categories":[3933],"tags":[26525,331,332,171387,548,663,158,3934,3935,171391,171386,13,10353,171390,171385,58995,14,15,171388,12,171389],"class_list":["post-750643","post","type-post","status-publish","format-standard","has-post-thumbnail","category-eu","tag-accor","tag-aktuelle-nachrichten","tag-aktuelle-news","tag-emblems-collection","tag-eu","tag-europa","tag-europaeische-union","tag-europe","tag-european-union","tag-expansion-gastgewerbe","tag-handwritten-collection","tag-headlines","tag-hotellerie","tag-hotelmarkt-europa","tag-hotelneueroeffnungen","tag-moevenpick","tag-nachrichten","tag-news","tag-novotel","tag-schlagzeilen","tag-swissotel"],"share_on_mastodon":{"url":"https:\/\/pubeurope.com\/@de\/115966858027254221","error":""},"_links":{"self":[{"href":"https:\/\/www.europesays.com\/de\/wp-json\/wp\/v2\/posts\/750643","targetHints":{"allow":["GET"]}}],"collection":[{"href":"https:\/\/www.europesays.com\/de\/wp-json\/wp\/v2\/posts"}],"about":[{"href":"https:\/\/www.europesays.com\/de\/wp-json\/wp\/v2\/types\/post"}],"author":[{"embeddable":true,"href":"https:\/\/www.europesays.com\/de\/wp-json\/wp\/v2\/users\/2"}],"replies":[{"embeddable":true,"href":"https:\/\/www.europesays.com\/de\/wp-json\/wp\/v2\/comments?post=750643"}],"version-history":[{"count":0,"href":"https:\/\/www.europesays.com\/de\/wp-json\/wp\/v2\/posts\/750643\/revisions"}],"wp:featuredmedia":[{"embeddable":true,"href":"https:\/\/www.europesays.com\/de\/wp-json\/wp\/v2\/media\/750644"}],"wp:attachment":[{"href":"https:\/\/www.europesays.com\/de\/wp-json\/wp\/v2\/media?parent=750643"}],"wp:term":[{"taxonomy":"category","embeddable":true,"href":"https:\/\/www.europesays.com\/de\/wp-json\/wp\/v2\/categories?post=750643"},{"taxonomy":"post_tag","embeddable":true,"href":"https:\/\/www.europesays.com\/de\/wp-json\/wp\/v2\/tags?post=750643"}],"curies":[{"name":"wp","href":"https:\/\/api.w.org\/{rel}","templated":true}]}}