{"id":750739,"date":"2026-01-27T12:28:12","date_gmt":"2026-01-27T12:28:12","guid":{"rendered":"https:\/\/www.europesays.com\/de\/750739\/"},"modified":"2026-01-27T12:28:12","modified_gmt":"2026-01-27T12:28:12","slug":"merz-windenergie-ist-nur-uebergangstechnologie-politik","status":"publish","type":"post","link":"https:\/\/www.europesays.com\/de\/750739\/","title":{"rendered":"Merz: Windenergie ist nur \u201e\u00dcbergangstechnologie\u201c | Politik"},"content":{"rendered":"<p><a class=\"skip-content skip-content--link\" href=\"#in-content-skip-link-target-v-0-0\">TTS-Player \u00fcberspringen\u21b5<\/a><a id=\"in-content-skip-link-target-v-0-0\" class=\"skip-content--target-link-hidden skip-content skip-content--target-link\" href=\"#in-content-skip-link-target-v-0-0\">Artikel weiterlesen<\/a><\/p>\n<p>Hamburg\u00a0\u2013 <b>Windrad-Hasser aufgepasst! Laut Kanzler werden die Rotor-T\u00fcrme nicht ewig in der Landschaft herumstehen. Sie seien nur eine \u201e\u00dcbergangstechnologie\u201c\u00a0\u2013\u00a0denn es kommt etwas Besseres! Zwar beschloss Bundeskanzler <\/b><a href=\"https:\/\/www.bild.de\/politik\/leute\/friedrich-merz\/friedrich-merz-alle-infos-76682054.bild.html\" class=\"text-link\" target=\"_blank\" rel=\"noopener\"><b>Friedrich Merz<\/b><\/a><b> (70, CDU) beim Nordseegipfel in Hamburg mit anderen Regierungschefs (u.\u00a0a. aus D\u00e4nemark, Belgien, den Niederlanden und Norwegen) den <\/b><a href=\"https:\/\/www.bild.de\/politik\/inland\/mit-nordsee-staaten-merz-schliesst-energie-pakt-gegen-trump-6977553aa7f057aeb6045c9c\" class=\"text-link\" target=\"_blank\" rel=\"noopener\"><b>Windkraft-Turbo<\/b><\/a><b> f\u00fcr Offshore-Anlagen. <\/b><\/p>\n<p>Aber der Kanzler sagte auch: Die Windenergie werde uns \u201ezehn Jahre, 20 Jahre, vielleicht 30 Jahre begleiten\u201c. Denn seine Hoffnung liege woanders: Deutschland solle dann \u201eden ersten Fusionsreaktor der Welt ans Netz nehmen\u201c. Dann werde Strom so g\u00fcnstig, \u201edass es keine anderen Erzeugungsmethoden mehr brauche\u201c.<\/p>\n<p>Mehr zum ThemaMerken: \u201eFusionsenergie\u201c<\/p>\n<p>Bei der Kernfusion verschmelzen Atomkerne zu einem neuen, schwereren Kern \u2013\u00a0anders als bei der klassischen Kernenergie, bei der die Atome gespalten werden. An der Energiegewinnung durch Kernfusion wird bislang noch geforscht. Die Bundesregierung hatte Anfang Oktober eine milliardenschwere F\u00f6rderung f\u00fcr diesen Bereich bewilligt.<br \/>\nDabei wird enorme Energie frei. In Sternen l\u00e4uft dieser Prozess seit Milliarden Jahren \u2013 auch das Strahlen der Sonne entsteht so, wenn Wasserstoffatome zu Helium werden. Ziel der Forschung ist es, diesen Vorgang technisch nachzubilden und die Energie nutzbar zu machen.<\/p>\n<p>Kernfusion wie bei Sonne und Sternen f\u00fcr alle<\/p>\n<p>Ein theoretischer Vorteil gegen\u00fcber der klassischen Atomkraft: Bei der Kernfusion entstehen nur indirekt und in deutlich geringerem Umfang radioaktive Abf\u00e4lle. Eine unkontrollierbare Kettenreaktion wie bei der Kernspaltung gilt in einem Fusionskraftwerk zudem als nicht m\u00f6glich.<br \/>\nDie Realit\u00e4t sieht bislang allerdings ern\u00fcchternd aus. Trotz jahrzehntelanger Forschung ist es bisher nicht gelungen, aus Versuchsanlagen nennenswert Energie zu gewinnen. Meist wird f\u00fcr den Betrieb mehr Energie ben\u00f6tigt, als am Ende freigesetzt wird. Friedrich Merz zeigte sich dennoch \u00fcberzeugt, dass die Technologie in zehn bis 20 Jahren verf\u00fcgbar sein werde.<\/p>\n<p>Fortschritts-Pessimisten und Umweltsch\u00fctzer sind dagegen mal wieder skeptisch. Sie warnen davor, dass die Kernfusion falsche Hoffnungen wecken k\u00f6nne. Zudem stehe der Fokus auf gro\u00dfe Kraftwerke einer m\u00f6glichst dezentralen Energieversorgung mit erneuerbaren Energien entgegen.<\/p>\n","protected":false},"excerpt":{"rendered":"TTS-Player \u00fcberspringen\u21b5Artikel weiterlesen Hamburg\u00a0\u2013 Windrad-Hasser aufgepasst! Laut Kanzler werden die Rotor-T\u00fcrme nicht ewig in der Landschaft herumstehen. Sie&hellip;\n","protected":false},"author":2,"featured_media":750740,"comment_status":"","ping_status":"","sticky":false,"template":"","format":"standard","meta":{"footnotes":""},"categories":[5],"tags":[27705,1149,597,13,14,15,12,4747,45,10,8,9,11,10156],"class_list":{"0":"post-750739","1":"post","2":"type-post","3":"status-publish","4":"format-standard","5":"has-post-thumbnail","7":"category-nachrichten","8":"tag-bild-am-sonntag","9":"tag-energie","10":"tag-forschung","11":"tag-headlines","12":"tag-nachrichten","13":"tag-news","14":"tag-schlagzeilen","15":"tag-sonne","16":"tag-texttospeech","17":"tag-top-news","18":"tag-top-meldungen","19":"tag-topmeldungen","20":"tag-topnews","21":"tag-weltall"},"share_on_mastodon":{"url":"https:\/\/pubeurope.com\/@de\/115967066534986020","error":""},"_links":{"self":[{"href":"https:\/\/www.europesays.com\/de\/wp-json\/wp\/v2\/posts\/750739","targetHints":{"allow":["GET"]}}],"collection":[{"href":"https:\/\/www.europesays.com\/de\/wp-json\/wp\/v2\/posts"}],"about":[{"href":"https:\/\/www.europesays.com\/de\/wp-json\/wp\/v2\/types\/post"}],"author":[{"embeddable":true,"href":"https:\/\/www.europesays.com\/de\/wp-json\/wp\/v2\/users\/2"}],"replies":[{"embeddable":true,"href":"https:\/\/www.europesays.com\/de\/wp-json\/wp\/v2\/comments?post=750739"}],"version-history":[{"count":0,"href":"https:\/\/www.europesays.com\/de\/wp-json\/wp\/v2\/posts\/750739\/revisions"}],"wp:featuredmedia":[{"embeddable":true,"href":"https:\/\/www.europesays.com\/de\/wp-json\/wp\/v2\/media\/750740"}],"wp:attachment":[{"href":"https:\/\/www.europesays.com\/de\/wp-json\/wp\/v2\/media?parent=750739"}],"wp:term":[{"taxonomy":"category","embeddable":true,"href":"https:\/\/www.europesays.com\/de\/wp-json\/wp\/v2\/categories?post=750739"},{"taxonomy":"post_tag","embeddable":true,"href":"https:\/\/www.europesays.com\/de\/wp-json\/wp\/v2\/tags?post=750739"}],"curies":[{"name":"wp","href":"https:\/\/api.w.org\/{rel}","templated":true}]}}