{"id":750750,"date":"2026-01-27T12:34:10","date_gmt":"2026-01-27T12:34:10","guid":{"rendered":"https:\/\/www.europesays.com\/de\/750750\/"},"modified":"2026-01-27T12:34:10","modified_gmt":"2026-01-27T12:34:10","slug":"ergebnisse-von-jugend-musiziert-regionalwettbewerb-2026","status":"publish","type":"post","link":"https:\/\/www.europesays.com\/de\/750750\/","title":{"rendered":"Ergebnisse von \u201eJugend musiziert\u201c Regionalwettbewerb 2026"},"content":{"rendered":"<p>      INFO<\/p>\n<p>            <b class=\"block text-black-solid dark:text-white-solid font-headlines text-90 font-medium mb-8\"><br \/>\n    Die Ergebnisse des Regionalwettbewerbs<br \/>\n    <\/b><\/p>\n<p class=\"link-child-black dark:link-child-white text-black-solid dark:text-white-solid font-sans text-50 leading-md richtext link-child-black dark:link-child-white font-sans text-50 !leading-md mb-6 desktop:mb-8 last:mb-0\"><strong class=\"font-bold dark:text-white-solid\">Solowertungen<\/strong><\/p>\n<p class=\"link-child-black dark:link-child-white text-black-solid dark:text-white-solid font-sans text-50 leading-md richtext link-child-black dark:link-child-white font-sans text-50 !leading-md mb-6 desktop:mb-8 last:mb-0\"><strong class=\"font-bold dark:text-white-solid\">Klavier<br \/><\/strong>Altersgruppe (AG) Ia: Osman Bera Aykol, 25 Punkte, 1. Preis<br \/>AG\u2005Ib: Victoria E\u00dfer, 19 Punkte, 2. Preis; Julian David Hamburg, 21 Punkte, 1. Preis; Shun Kondo, 25 Punkte, 1 Preis; Gabriel Milner, 22 Punkte, 1. Preis; Fritz Minh Winkelmann, 17 Punkte, 2. Preis; Eileen Hanyu Zhang, 25 Punkte, 1. Preis<br \/>AG\u2005II: Greta Deling, 22 Punkte, 1. Preis; Anna Koop, 22 Punkte, 1. Preis; Medina Paulu\u00dfen, 20 Punkte, 2. Preis; Noah Vu, 20 Punkte, 2. Preis<br \/>AG\u2005III: Larissa Paulu\u00dfen, 21 Punkte, 1. Preis; Ratmir Dorzweiler, 18 Punkte, 2. Preis<br \/>AG\u2005IV: Maria Derr, 20 Punkte, 2. Preis; Michelle Gruber, 23. Punkt,e 1. Preis und Weiterleitung zum Landeswettbewerb (LW)<\/p>\n<p class=\"link-child-black dark:link-child-white text-black-solid dark:text-white-solid font-sans text-50 leading-md richtext link-child-black dark:link-child-white font-sans text-50 !leading-md mb-6 desktop:mb-8 last:mb-0\"><strong class=\"font-bold dark:text-white-solid\">Harfe<br \/><\/strong>AG\u2005Ia: Lars Yuchen Fu, 25 Punkte 1. Preis<\/p>\n<p class=\"link-child-black dark:link-child-white text-black-solid dark:text-white-solid font-sans text-50 leading-md richtext link-child-black dark:link-child-white font-sans text-50 !leading-md mb-6 desktop:mb-8 last:mb-0\"><strong class=\"font-bold dark:text-white-solid\">Gesang<\/strong><br \/>AG\u2005VI: Rumen Marinov, 24 Punkte, 1. Preis, LW<\/p>\n<p class=\"link-child-black dark:link-child-white text-black-solid dark:text-white-solid font-sans text-50 leading-md richtext link-child-black dark:link-child-white font-sans text-50 !leading-md mb-6 desktop:mb-8 last:mb-0\"><strong class=\"font-bold dark:text-white-solid\">Gitarre (Pop)<\/strong><\/p>\n<p class=\"link-child-black dark:link-child-white text-black-solid dark:text-white-solid font-sans text-50 leading-md richtext link-child-black dark:link-child-white font-sans text-50 !leading-md mb-6 desktop:mb-8 last:mb-0\">AG\u2005Ib: Elias Devesa Fernandes, 23 Punkte, 1. Preis<br \/>AG\u2005II: Kilian Leon Paulu\u00dfen. 23 Punkte, 1. Preis, LW<\/p>\n<p class=\"link-child-black dark:link-child-white text-black-solid dark:text-white-solid font-sans text-50 leading-md richtext link-child-black dark:link-child-white font-sans text-50 !leading-md mb-6 desktop:mb-8 last:mb-0\"><strong class=\"font-bold dark:text-white-solid\">Ensemblebewertungen<\/strong><\/p>\n<p class=\"link-child-black dark:link-child-white text-black-solid dark:text-white-solid font-sans text-50 leading-md richtext link-child-black dark:link-child-white font-sans text-50 !leading-md mb-6 desktop:mb-8 last:mb-0\"><strong class=\"font-bold dark:text-white-solid\">Streicherensembles (gleiche Instrumente)<br \/><\/strong>AG\u2005II: Xinyue Jiang, Jakob Yihan Li, Hannah Unzen, Lizzy Chenxi Xu, 25 Punkte, 1. Preis, LW<br \/>AG\u2005IV: Frieda Pagels, Tobias Nowak, 23 Punkte, 1. Preis, LW<\/p>\n<p class=\"link-child-black dark:link-child-white text-black-solid dark:text-white-solid font-sans text-50 leading-md richtext link-child-black dark:link-child-white font-sans text-50 !leading-md mb-6 desktop:mb-8 last:mb-0\"><strong class=\"font-bold dark:text-white-solid\">Streicherensembles (gemischte Instrumente)<br \/><\/strong>AG\u2005Ib: Nika Wiebe, Claire Pan, Sophie Risters 25 Punkte 1. Preis<br \/>AG\u2005II: Lina Wilms, Jakob Yihan Li, Larissa Paulu\u00dfen, Rory Gillett, 22 Punkte, 2. Preis<br \/>AG\u2005IV: Ben Lennartz, Viktoria Derr, Ayse K\u00fcbra \u00d6zegen, Maxim Prigunkov, 23 Punkte, 1. Preis, LW<\/p>\n<p class=\"link-child-black dark:link-child-white text-black-solid dark:text-white-solid font-sans text-50 leading-md richtext link-child-black dark:link-child-white font-sans text-50 !leading-md mb-6 desktop:mb-8 last:mb-0\"><strong class=\"font-bold dark:text-white-solid\">Holzblasensembles (gleiche Instrumente)<br \/><\/strong>AG\u2005II: Leo Maximilian Borsch, Greta Kames, Katarina Kaut, Theresa Vogt, 24 Punkte, 1. Preis, LW; Samuel Steinfels, Amely Schl\u00fcter, Ella Kl\u00f6ckner, 25 Punkte, 1. Preis, LW; Lynn Schl\u00fcter, Lina Lube, Nathanael Herold, Merle Ursprung, 25 Punkte, 1. Preis, LW<br \/>AG\u2005III: Ryan Sun, DaoYuan Qi, Amida-Sophie Paulu\u00dfen, 24\u2005Punkte, 1. Preis, LW<br \/>AG\u2005IV: Marlon Chen, Songzi Sophie Chen, 21 Punkte, 1. Preis<br \/>AG\u2005V: Ronja Fiona Fischer, Jana Charlotte Schoenmakers, 22 Punkte, 1. Preis; Jana Schroeren, Vincent Pernot, Julie Marie Schmitz, Charlotte R\u00fctten, 23 Punkte, 1. Preis, LW<br \/>AG\u2005VI: Maya Eckardt, Liliane Klara Steidel, 24 Punkte, 1. Preis, LW<\/p>\n<p class=\"link-child-black dark:link-child-white text-black-solid dark:text-white-solid font-sans text-50 leading-md richtext link-child-black dark:link-child-white font-sans text-50 !leading-md mb-6 desktop:mb-8 last:mb-0\"><strong class=\"font-bold dark:text-white-solid\">Holzblasensembles (gemischte Instrumente)<br \/><\/strong>AG\u2005IV: Therese Anna Dorothea H\u00fcttenberger, Calla Berner, 23 Punkte, 1. Preis, LW<\/p>\n<p class=\"link-child-black dark:link-child-white text-black-solid dark:text-white-solid font-sans text-50 leading-md richtext link-child-black dark:link-child-white font-sans text-50 !leading-md mb-6 desktop:mb-8 last:mb-0\"><strong class=\"font-bold dark:text-white-solid\">Blechblasensembles (gleiche Instrumente)<br \/><\/strong>AG\u2005III: Karl Florian Couson, Mathilda St\u00fc\u00dfer, Elena Schumacher, 23. Punkte, 1. Preis, LW<br \/>AG\u2005V: Pauline St\u00fc\u00dfer, Sebastian Faber, 23 Punkte, 1. Preis, LW<\/p>\n<p class=\"link-child-black dark:link-child-white text-black-solid dark:text-white-solid font-sans text-50 leading-md richtext link-child-black dark:link-child-white font-sans text-50 !leading-md mb-6 desktop:mb-8 last:mb-0\"><strong class=\"font-bold dark:text-white-solid\">Blechblasensembles (gemischte Instrumente)<br \/><\/strong>AG\u2005Ib: Frieda Engel, Vincent Worms, Clemens Matthies, Maximilian D\u00f6hla, Jakob Unzen, 23 Punkte, 1. Preis<br \/>AG\u2005II: Caspar Matthies, Johann Amir Attarzadeh, Benjamin Couson, Lotte Emonds, Lotta Hegeler, 20. Punkte, 2. Preis<\/p>\n<p class=\"link-child-black dark:link-child-white text-black-solid dark:text-white-solid font-sans text-50 leading-md richtext link-child-black dark:link-child-white font-sans text-50 !leading-md mb-6 desktop:mb-8 last:mb-0\"><strong class=\"font-bold dark:text-white-solid\">Akkordeon-Kammermusik<br \/><\/strong>AG\u2005Ib: Taissja Zimmermanns, Frida Glassmacher, Evan Tobias Heider, 18 Punkte, 2. Preis<br \/>AG\u2005II: Kieran Fairhurst, Konstantin M\u00fcller, 21 Punkte, 1. Preis; Mathilda Elise Kramer, Kenza Djama, 18 Punkte, 2. Preis<br \/>AG\u2005IV Emma Doby, Zhixing Zhang, Lukas Kr\u00fcgerke, Malin Rupprecht, 25 Punkte, 1. Preis, LW<br \/>AG\u2005IV: Carla Thelen, Lutz Waldemar, 23 Punkte, 1. Preis, LW<\/p>\n","protected":false},"excerpt":{"rendered":"INFO Die Ergebnisse des Regionalwettbewerbs Solowertungen KlavierAltersgruppe (AG) Ia: Osman Bera Aykol, 25 Punkte, 1. PreisAG\u2005Ib: Victoria E\u00dfer,&hellip;\n","protected":false},"author":2,"featured_media":750751,"comment_status":"","ping_status":"","sticky":false,"template":"","format":"standard","meta":{"footnotes":""},"categories":[1849],"tags":[139974,171439,3364,29,548,663,3934,30,13,1635,171438,7739,169253,136915,4455,1116,18572,14,15,1209,12,20413,23084,18183],"class_list":{"0":"post-750750","1":"post","2":"type-post","3":"status-publish","4":"format-standard","5":"has-post-thumbnail","7":"category-moenchengladbach","8":"tag-akkordeon","9":"tag-akkordeonmusik","10":"tag-de","11":"tag-deutschland","12":"tag-eu","13":"tag-europa","14":"tag-europe","15":"tag-germany","16":"tag-headlines","17":"tag-jugend","18":"tag-kenza","19":"tag-kreis","20":"tag-kreismusikschule","21":"tag-mathilda","22":"tag-moenchengladbach","23":"tag-musikschule","24":"tag-musiziert","25":"tag-nachrichten","26":"tag-news","27":"tag-nordrhein-westfalen","28":"tag-schlagzeilen","29":"tag-schwalmtal","30":"tag-stueck","31":"tag-viersen"},"share_on_mastodon":{"url":"https:\/\/pubeurope.com\/@de\/115967090004412934","error":""},"_links":{"self":[{"href":"https:\/\/www.europesays.com\/de\/wp-json\/wp\/v2\/posts\/750750","targetHints":{"allow":["GET"]}}],"collection":[{"href":"https:\/\/www.europesays.com\/de\/wp-json\/wp\/v2\/posts"}],"about":[{"href":"https:\/\/www.europesays.com\/de\/wp-json\/wp\/v2\/types\/post"}],"author":[{"embeddable":true,"href":"https:\/\/www.europesays.com\/de\/wp-json\/wp\/v2\/users\/2"}],"replies":[{"embeddable":true,"href":"https:\/\/www.europesays.com\/de\/wp-json\/wp\/v2\/comments?post=750750"}],"version-history":[{"count":0,"href":"https:\/\/www.europesays.com\/de\/wp-json\/wp\/v2\/posts\/750750\/revisions"}],"wp:featuredmedia":[{"embeddable":true,"href":"https:\/\/www.europesays.com\/de\/wp-json\/wp\/v2\/media\/750751"}],"wp:attachment":[{"href":"https:\/\/www.europesays.com\/de\/wp-json\/wp\/v2\/media?parent=750750"}],"wp:term":[{"taxonomy":"category","embeddable":true,"href":"https:\/\/www.europesays.com\/de\/wp-json\/wp\/v2\/categories?post=750750"},{"taxonomy":"post_tag","embeddable":true,"href":"https:\/\/www.europesays.com\/de\/wp-json\/wp\/v2\/tags?post=750750"}],"curies":[{"name":"wp","href":"https:\/\/api.w.org\/{rel}","templated":true}]}}