{"id":750845,"date":"2026-01-27T13:25:09","date_gmt":"2026-01-27T13:25:09","guid":{"rendered":"https:\/\/www.europesays.com\/de\/750845\/"},"modified":"2026-01-27T13:25:09","modified_gmt":"2026-01-27T13:25:09","slug":"so-nervenaufreibend-ist-es-tickets-fuer-das-k-pop-konzert-zu-ergattern","status":"publish","type":"post","link":"https:\/\/www.europesays.com\/de\/750845\/","title":{"rendered":"So nervenaufreibend ist es, Tickets f\u00fcr das K-Pop-Konzert zu ergattern"},"content":{"rendered":"<p class=\"mb-6 text-xs md:text-m lg:text-l font-serif group-[.font-sans]:font-sans \">\n    Kennen Sie BTS? Nein, das ist kein K\u00fcrzel f\u00fcr \u201eBreite T\u00fcrsteher\u201c oder irgendein System am Auto. BTS steht f\u00fcr Bangtan Sonyeondan, was wiederum der Name einer ziemlich bekannten s\u00fcdkoreanischen Boygroup ist. \u00dcbersetzen l\u00e4sst sich Bangtan Sonyeondan in etwa mit \u201ekugelsicherer Pfadfinder\u201c\u2026\n  <\/p>\n<ul data-module-id=\"DragDropModule\" class=\"flex flex-wrap justify-start group-[.no-bookmarks]:hidden\">\n<li class=\"mb-3 mr-3\">\n    Axel Schmidt<\/p>\n<p>      Icon Haken im Kreis gesetzt<\/p>\n<p>      Icon Plus im Kreis<\/p>\n<\/li>\n<li class=\"mb-3 mr-3\">\n    87719 Mindelheim<\/p>\n<p>      Icon Haken im Kreis gesetzt<\/p>\n<p>      Icon Plus im Kreis<\/p>\n<\/li>\n<li class=\"mb-3 mr-3\">\n    Boygroup<\/p>\n<p>      Icon Haken im Kreis gesetzt<\/p>\n<p>      Icon Plus im Kreis<\/p>\n<\/li>\n<\/ul>\n","protected":false},"excerpt":{"rendered":"Kennen Sie BTS? Nein, das ist kein K\u00fcrzel f\u00fcr \u201eBreite T\u00fcrsteher\u201c oder irgendein System am Auto. BTS steht&hellip;\n","protected":false},"author":2,"featured_media":750846,"comment_status":"","ping_status":"","sticky":false,"template":"","format":"standard","meta":{"footnotes":""},"categories":[1827],"tags":[2721,1624,513,772,55550,171446,29,663,30,109309,1268,210,613],"class_list":{"0":"post-750845","1":"post","2":"type-post","3":"status-publish","4":"format-standard","5":"has-post-thumbnail","7":"category-muenchen","8":"tag-allianz-arena","9":"tag-asien","10":"tag-auto","11":"tag-bayern","12":"tag-boygroup","13":"tag-chuck-norris","14":"tag-deutschland","15":"tag-europa","16":"tag-germany","17":"tag-huerdenlauf","18":"tag-muenchen","19":"tag-nordamerika","20":"tag-suedkorea"},"share_on_mastodon":{"url":"https:\/\/pubeurope.com\/@de\/115967290439874334","error":""},"_links":{"self":[{"href":"https:\/\/www.europesays.com\/de\/wp-json\/wp\/v2\/posts\/750845","targetHints":{"allow":["GET"]}}],"collection":[{"href":"https:\/\/www.europesays.com\/de\/wp-json\/wp\/v2\/posts"}],"about":[{"href":"https:\/\/www.europesays.com\/de\/wp-json\/wp\/v2\/types\/post"}],"author":[{"embeddable":true,"href":"https:\/\/www.europesays.com\/de\/wp-json\/wp\/v2\/users\/2"}],"replies":[{"embeddable":true,"href":"https:\/\/www.europesays.com\/de\/wp-json\/wp\/v2\/comments?post=750845"}],"version-history":[{"count":0,"href":"https:\/\/www.europesays.com\/de\/wp-json\/wp\/v2\/posts\/750845\/revisions"}],"wp:featuredmedia":[{"embeddable":true,"href":"https:\/\/www.europesays.com\/de\/wp-json\/wp\/v2\/media\/750846"}],"wp:attachment":[{"href":"https:\/\/www.europesays.com\/de\/wp-json\/wp\/v2\/media?parent=750845"}],"wp:term":[{"taxonomy":"category","embeddable":true,"href":"https:\/\/www.europesays.com\/de\/wp-json\/wp\/v2\/categories?post=750845"},{"taxonomy":"post_tag","embeddable":true,"href":"https:\/\/www.europesays.com\/de\/wp-json\/wp\/v2\/tags?post=750845"}],"curies":[{"name":"wp","href":"https:\/\/api.w.org\/{rel}","templated":true}]}}