{"id":750865,"date":"2026-01-27T13:36:21","date_gmt":"2026-01-27T13:36:21","guid":{"rendered":"https:\/\/www.europesays.com\/de\/750865\/"},"modified":"2026-01-27T13:36:21","modified_gmt":"2026-01-27T13:36:21","slug":"corbusierhaus-in-westend-wohnen-auf-zeit-in-der-architektur-ikone","status":"publish","type":"post","link":"https:\/\/www.europesays.com\/de\/750865\/","title":{"rendered":"Corbusierhaus in Westend \u2013 Wohnen auf Zeit in der Architektur-Ikone"},"content":{"rendered":"<p>Brutalismus in Berlin <\/p>\n<p>Geheimtipp f\u00fcr Architektur-Fans: Wohnen im Corbusierhaus<\/p>\n<ul class=\"grid grid-flow-col gap-4\" aria-label=\"Autorenbilder\">\n<li class=\"leading-0\"><img data-tb-author-image=\"\"  loading=\"lazy\" src=\"https:\/\/www.europesays.com\/de\/wp-content\/uploads\/2026\/01\/matti-hartmann.jpg\" alt=\"Matti Hartmann\" title=\"Matti Hartmann\" width=\"40\" height=\"40\" class=\"\" decoding=\"async\"\/><\/li>\n<\/ul>\n<p>Aktualisiert am 26.01.2026 &#8211; 21:32 UhrLesedauer: 3 Min.<\/p>\n<p><a href=\"#focus-0\" class=\"transition-colors duration-200 block text-current relative\" data-sctrack=\"FocusGalleryImage.Reference\"><img fetchpriority=\"high\" data-testid=\"Opener.Image\" style=\"--lqipURL:url('https:\/\/images.t-online.de\/2025\/04\/pAK0QF9r-jVI\/0x417:4000x2250\/fit-in\/150x0\/filters:blur(25)\/das-unter-denkmalschutz-stehende-corbusierhaus-in-berlin-es-war-teil-der-internationalen-bauausstellung-1957.jpg')\"   loading=\"eager\" src=\"https:\/\/www.europesays.com\/de\/wp-content\/uploads\/2026\/01\/das-unter-denkmalschutz-stehende-corbusierhaus-in-berlin-es-war-teil-der-internationalen-bauausstell.jpeg\" alt=\"Das unter Denkmalschutz stehende Corbusierhaus in Berlin: Es war Teil der Internationalen Bauausstellung 1957.\" title=\"Das unter Denkmalschutz stehende Corbusierhaus in Berlin: Es war Teil der Internationalen Bauausstellung 1957.\" width=\"4000\" height=\"2250\" class=\"bg-[url:var(--lqipURL)] bg-cover bg-center flex h-full w-full max-w-full\" decoding=\"async\"\/><img style=\"--width:32;--height:32\" loading=\"lazy\" src=\"https:\/\/berlin.t-online.de\/s\/paper\/_next\/static\/media\/zoom-in.f7dae02f.svg\" alt=\"Vergr\u00f6\u00dfern des Bildes\" title=\"Vergr\u00f6\u00dfern des Bildes\" class=\"block h-[calc(var(--height)_\/_16_*_1rem)] w-[calc(var(--width)_\/_16_*_1rem)] max-w-none absolute bottom-8 right-8 rounded-4 bg-snow p-8\" decoding=\"async\"\/><\/a><\/p>\n<p>Das unter Denkmalschutz stehende Corbusierhaus in Berlin: Es war Teil der Internationalen Bauausstellung 1957.<\/p>\n<p class=\"font-bold text-18 leading-17\">Le Corbusiers Sch\u00f6pfung hat Welterbe-Status, die Unesco lobt sie als &#8222;k\u00fcnstlerisches Meisterwerk&#8220;. Was kaum jemand wei\u00df: In Berlin kann man auf Zeit im Corbusierhaus wohnen.<\/p>\n<p class=\"text-18 leading-17\">Vom Olympiastadion in Berlin aus kann man das Haus sehen. Deutlich erhebt es sich \u00fcber die Villen der Nachbarschaft. Hinter den Loggien leuchtet die Fassade bunt in der Sonne. Und umgekehrt kann man vom Dach des Hauses ganz knapp unter das Dach des Olympiastadions gucken.<\/p>\n<p class=\"text-18 leading-17\">Es handelt sich um Le Corbusiers Unit\u00e9 d\u2019Habitation, Typ Berlin. Architekturinteressierte pilgern hierher, um sich das ber\u00fchmte Geb\u00e4ude des Brutalismus-Begr\u00fcnders anzusehen. Manche hoffen darauf, einen der Bewohner zu treffen, um kurz \u00fcber das Gef\u00fchl zu sprechen, in diesem ikonischen Bau zu leben. Wer Gl\u00fcck hat, darf vielleicht sogar einmal in eine der Wohnungen hineinsp\u00e4hen \u2013 und schw\u00e4rmt hinterher im Internet von dem Besuch.<\/p>\n<p class=\"text-18 leading-17\">Wer sich nicht darauf verlassen m\u00f6chte, kann aber auch einen anderen Weg gehen: Bei Airbnb gibt es die M\u00f6glichkeit, auf Zeit eines der Appartements zu mieten.<\/p>\n<p class=\"text-18 leading-17\">Die 33 Quadratmeter kleine, mietbare Einzimmerwohnung hat 2011 ein Architektur-Redakteur gekauft, der sie in ihren Originalzustand zur\u00fcckversetzen lie\u00df. Zwischen der innen liegenden K\u00fcche (2,56 x 1,50 m) und dem gro\u00dfen Wohnraum (4,06 x 5,45 m) befindet sich jetzt wieder die urspr\u00fcngliche Trennwand mit Glasschiebefenster. Au\u00dferdem kam bei der Renovierung von Wohnung 402 der originale, dunkelgr\u00fcne Linoleum-Boden unter einem zwischenzeitlich dar\u00fcber verlegten PVC-Belag zum Vorschein.<\/p>\n<p class=\"text-18 leading-17\">&#8222;Urspr\u00fcnglich hatte ich den Ehrgeiz, designaffige Menschen anzuziehen, zum Beispiel Architekturprofessoren im Auslandssemester&#8220;, schreibt der Inhaber der Wohnung t-online auf Anfrage \u00fcber sein Motiv. Weil in Berlin Wohnungen so knapp sind, seien mittlerweile aber insbesondere viele junge Menschen aus dem Ausland unter den Interessenten, die eine Zeit lang in Berlin arbeiten oder studieren wollen. Die Mindestmietzeit der Wohnung betr\u00e4gt 92 Tage.<\/p>\n","protected":false},"excerpt":{"rendered":"Brutalismus in Berlin Geheimtipp f\u00fcr Architektur-Fans: Wohnen im Corbusierhaus Aktualisiert am 26.01.2026 &#8211; 21:32 UhrLesedauer: 3 Min. Das&hellip;\n","protected":false},"author":2,"featured_media":750866,"comment_status":"","ping_status":"","sticky":false,"template":"","format":"standard","meta":{"footnotes":""},"categories":[1775],"tags":[2201,29065,1793,3872,296,55506,29,214,8081,30,171450,1794,171449,54348,2856,215],"class_list":{"0":"post-750865","1":"post","2":"type-post","3":"status-publish","4":"format-standard","5":"has-post-thumbnail","7":"category-kunst-und-design","8":"tag-2201","9":"tag-airbnb","10":"tag-art-and-design","11":"tag-ausflugstipp-berlin","12":"tag-berlin","13":"tag-brutalismus","14":"tag-deutschland","15":"tag-entertainment","16":"tag-geheimtipp","17":"tag-germany","18":"tag-internationale-bauausstellung","19":"tag-kunst-und-design","20":"tag-le-corbusier","21":"tag-marseille","22":"tag-unesco","23":"tag-unterhaltung"},"share_on_mastodon":{"url":"https:\/\/pubeurope.com\/@de\/115967333842627492","error":""},"_links":{"self":[{"href":"https:\/\/www.europesays.com\/de\/wp-json\/wp\/v2\/posts\/750865","targetHints":{"allow":["GET"]}}],"collection":[{"href":"https:\/\/www.europesays.com\/de\/wp-json\/wp\/v2\/posts"}],"about":[{"href":"https:\/\/www.europesays.com\/de\/wp-json\/wp\/v2\/types\/post"}],"author":[{"embeddable":true,"href":"https:\/\/www.europesays.com\/de\/wp-json\/wp\/v2\/users\/2"}],"replies":[{"embeddable":true,"href":"https:\/\/www.europesays.com\/de\/wp-json\/wp\/v2\/comments?post=750865"}],"version-history":[{"count":0,"href":"https:\/\/www.europesays.com\/de\/wp-json\/wp\/v2\/posts\/750865\/revisions"}],"wp:featuredmedia":[{"embeddable":true,"href":"https:\/\/www.europesays.com\/de\/wp-json\/wp\/v2\/media\/750866"}],"wp:attachment":[{"href":"https:\/\/www.europesays.com\/de\/wp-json\/wp\/v2\/media?parent=750865"}],"wp:term":[{"taxonomy":"category","embeddable":true,"href":"https:\/\/www.europesays.com\/de\/wp-json\/wp\/v2\/categories?post=750865"},{"taxonomy":"post_tag","embeddable":true,"href":"https:\/\/www.europesays.com\/de\/wp-json\/wp\/v2\/tags?post=750865"}],"curies":[{"name":"wp","href":"https:\/\/api.w.org\/{rel}","templated":true}]}}