{"id":750936,"date":"2026-01-27T14:15:12","date_gmt":"2026-01-27T14:15:12","guid":{"rendered":"https:\/\/www.europesays.com\/de\/750936\/"},"modified":"2026-01-27T14:15:12","modified_gmt":"2026-01-27T14:15:12","slug":"superlist-umwelt-europa-lidl-fuehrt-nachhaltigkeitsvergleich-europaeischer-lebensmittelhaendler-an-lebensmittelpraxis-de","status":"publish","type":"post","link":"https:\/\/www.europesays.com\/de\/750936\/","title":{"rendered":"Superlist Umwelt Europa &#8211; Lidl f\u00fchrt Nachhaltigkeitsvergleich europ\u00e4ischer Lebensmittelh\u00e4ndler an \u2013 Lebensmittelpraxis.de"},"content":{"rendered":"<p>                Beitrag teilen<\/p>\n<p>Lidl erreicht in vier L\u00e4ndern Spitzenpl\u00e4tze beim Nachhaltigkeitsvergleich Superlist Umwelt Europa. Als einziger deutscher H\u00e4ndler legt der Discounter einen detaillierten Fahrplan zur Emissionsreduktion bis 2050 vor. Rewe \u00fcberholt Aldi S\u00fcd im nationalen Vergleich.<\/p>\n<p>\n                                            Dienstag, 27. Januar 2026, 15:06 Uhr\n                                    <\/p>\n<p>\n                    Manuel Glasfort                <\/p>\n<p>                      Auf dem Weg zu mehr Nachhaltigkeit loten viele Lebensmittelh\u00e4ndler neue M\u00f6glichkeiten aus.                    <\/p>\n<p>                      Bildquelle: Getty Images\n                            <\/p>\n<p>Lidl hat sich in einem europ\u00e4ischen Nachhaltigkeitsvergleich als f\u00fchrender Lebensmittelh\u00e4ndler durchgesetzt. Der Discounter erreichte in vier L\u00e4ndern, darunter Deutschland, Spitzenpl\u00e4tze im Leistungsvergleich Superlist Umwelt Europa. Das teilte die Initiative hinter dem Vergleich mit, die von der niederl\u00e4ndischen Denkfabrik Questionmark geleitet wird. Als einziger deutscher H\u00e4ndler legte Lidl demnach einen detaillierten Fahrplan zur Emissionsreduktion vor, der neben kurz- und langfristigen Zielen f\u00fcr 2035 und 2050 auch die erwarteten Emissionsreduktionen je Lebensmittelkategorie aufzeigt.<\/p>\n<p>Die Analyse verglich 27 H\u00e4ndler in acht nationalen M\u00e4rkten und bewertete deren Leistungen in zwei Bereichen: die \u00dcbereinstimmung mit den Zielen des Pariser Klimaabkommens und die Anstrengungen, einen h\u00f6heren Anteil pflanzlicher Lebensmittel zu verkaufen. Laut einem Bericht von McKinsey und Eurocommerce gehen rund die H\u00e4lfte der Lieferkettenemissionen europ\u00e4ischer Superm\u00e4rkte auf tierische Produkte zur\u00fcck. Neben Lidl z\u00e4hlen\u00a0den Angaben zufolge Aldi S\u00fcd und Rewe zu den f\u00fcnf nachhaltigsten Lebensmitteleinzelh\u00e4ndlern Europas.<\/p>\n<p>Im nationalen Vergleich konnte Rewe Aldi S\u00fcd \u00fcberholen. Dies gelang dem Vollsortimenter nach Angaben der Initiative durch kombinierte Anstrengungen im Klimaschutz und bei der Proteinvielfalt. Edeka, Kaufland und Aldi Nord hinken bei den Nachhaltigkeitsleistungen noch hinterher. Aldi Nord arbeitet als einziger deutscher Einzelh\u00e4ndler noch ohne ein Netto-Null-Ziel, wie die Analyse ergab.<\/p>\n<p>Lidl und Rewe zahlen Lieferanten f\u00fcr Nachhaltigkeitsma\u00dfnahmen<\/p>\n<p>Viele europ\u00e4ische H\u00e4ndler verzeichnen einen Anstieg der Gesamtemissionen. Nur f\u00fcnf der 27 untersuchten Superm\u00e4rkte, darunter Kaufland und Rewe, haben es geschafft, ihre Emissionen zu senken. Europaweit l\u00e4sst bislang jeder dritte Supermarkt Ma\u00dfnahmen vermissen, um seine Proteinverk\u00e4ufe am Wohlergehen von Mensch und Planet auszurichten, hei\u00dft es in der Mitteilung. \u201eWer im europ\u00e4ischen Einzelhandel zukunftsf\u00e4hig sein will, muss Nachhaltigkeit als harten Wettbewerbsfaktor begreifen\u201c, zitierte die Initiative Florian Wall, Associate Director Germany bei Madre Brava.<\/p>\n<p>Lidl und Rewe unterst\u00fctzen nach eigenen Angaben ihre Lieferanten bei Nachhaltigkeitsma\u00dfnahmen. Lidl zahlt Milchlieferanten, die nachhaltige Praktiken umsetzen, einen Aufschlag. Rewe unterst\u00fctzt die Lieferanten seiner Eigenmarken-Produkte mit einem Klimaschutzfonds-Programm. Um die finanziellen Mittel zu erhalten, m\u00fcssen die Lieferanten quantifizierte und dauerhafte Ziele zur Emissionssenkung vorlegen.<\/p>\n","protected":false},"excerpt":{"rendered":"Beitrag teilen Lidl erreicht in vier L\u00e4ndern Spitzenpl\u00e4tze beim Nachhaltigkeitsvergleich Superlist Umwelt Europa. Als einziger deutscher H\u00e4ndler legt&hellip;\n","protected":false},"author":2,"featured_media":750937,"comment_status":"","ping_status":"","sticky":false,"template":"","format":"standard","meta":{"footnotes":""},"categories":[3933],"tags":[331,332,2938,548,663,158,3934,3935,13,2939,171462,14,15,872,12],"class_list":{"0":"post-750936","1":"post","2":"type-post","3":"status-publish","4":"format-standard","5":"has-post-thumbnail","7":"category-eu","8":"tag-aktuelle-nachrichten","9":"tag-aktuelle-news","10":"tag-aldi-sued","11":"tag-eu","12":"tag-europa","13":"tag-europaeische-union","14":"tag-europe","15":"tag-european-union","16":"tag-headlines","17":"tag-lidl","18":"tag-nachhaltigkeitsvergleich","19":"tag-nachrichten","20":"tag-news","21":"tag-rewe","22":"tag-schlagzeilen"},"share_on_mastodon":{"url":"https:\/\/pubeurope.com\/@de\/115967487051156717","error":""},"_links":{"self":[{"href":"https:\/\/www.europesays.com\/de\/wp-json\/wp\/v2\/posts\/750936","targetHints":{"allow":["GET"]}}],"collection":[{"href":"https:\/\/www.europesays.com\/de\/wp-json\/wp\/v2\/posts"}],"about":[{"href":"https:\/\/www.europesays.com\/de\/wp-json\/wp\/v2\/types\/post"}],"author":[{"embeddable":true,"href":"https:\/\/www.europesays.com\/de\/wp-json\/wp\/v2\/users\/2"}],"replies":[{"embeddable":true,"href":"https:\/\/www.europesays.com\/de\/wp-json\/wp\/v2\/comments?post=750936"}],"version-history":[{"count":0,"href":"https:\/\/www.europesays.com\/de\/wp-json\/wp\/v2\/posts\/750936\/revisions"}],"wp:featuredmedia":[{"embeddable":true,"href":"https:\/\/www.europesays.com\/de\/wp-json\/wp\/v2\/media\/750937"}],"wp:attachment":[{"href":"https:\/\/www.europesays.com\/de\/wp-json\/wp\/v2\/media?parent=750936"}],"wp:term":[{"taxonomy":"category","embeddable":true,"href":"https:\/\/www.europesays.com\/de\/wp-json\/wp\/v2\/categories?post=750936"},{"taxonomy":"post_tag","embeddable":true,"href":"https:\/\/www.europesays.com\/de\/wp-json\/wp\/v2\/tags?post=750936"}],"curies":[{"name":"wp","href":"https:\/\/api.w.org\/{rel}","templated":true}]}}