{"id":750954,"date":"2026-01-27T14:25:16","date_gmt":"2026-01-27T14:25:16","guid":{"rendered":"https:\/\/www.europesays.com\/de\/750954\/"},"modified":"2026-01-27T14:25:16","modified_gmt":"2026-01-27T14:25:16","slug":"gibt-es-nicht-im-onlineshop-individuelle-hoersysteme-vom-hoerakustiker","status":"publish","type":"post","link":"https:\/\/www.europesays.com\/de\/750954\/","title":{"rendered":"Gibt es nicht im Onlineshop: Individuelle H\u00f6rsysteme vom H\u00f6rakustiker"},"content":{"rendered":"<p class=\"date\">27.01.2026 \u2013 14:25<\/p>\n<p class=\"customer\">\n                        <a class=\"story-customer\" title=\"weiter zum newsroom von F\u00f6rdergemeinschaft Gutes H\u00f6ren (FGH)\" href=\"https:\/\/www.presseportal.de\/nr\/25206\" target=\"_blank\" rel=\"noopener\">F\u00f6rdergemeinschaft Gutes H\u00f6ren (FGH)<\/a>\n                    <\/p>\n<p><a class=\"glightbox event-trigger\" href=\"https:\/\/cache.pressmailing.net\/thumbnail\/story_hires\/d0c32547-b43c-4807-9ed1-4701c2475bbf\/FGH-Pressebild14.jpg.jpg\" data-description=\"H\u00f6rakustiker begleiten die H\u00f6rsystemanpassung im pers\u00f6nlichen Kontakt, optimieren Einstellungen, \u00fcberpr\u00fcfen Sitz und Handhabung und sorgen daf\u00fcr, dass H\u00f6rsysteme regelm\u00e4\u00dfig und richtig getragen werden. \/ Weiterer Text \u00fcber ots und www.presseportal.de\/nr\/25206 \/ Die Verwendung dieses Bildes f\u00fcr redaktionelle Zwecke ist unter Beachtung aller mitgeteilten Nutzungsbedingungen zul\u00e4ssig und dann auch honorarfrei. Ver\u00f6ffentlichung ausschlie\u00dflich mit Bildrechte-Hinweis.\" data-category=\"medialightbox\" data-action=\"click\" data-label=\"single\" data-value=\"6978bb67270000fd2c8d3362\" target=\"_blank\" rel=\"noopener\"><img decoding=\"async\" height=\"540\" with=\"720\" src=\"https:\/\/www.europesays.com\/de\/wp-content\/uploads\/2026\/01\/gibt-es-nicht-im-onlineshop-individuelle-h-rsysteme-vom-h-rakustiker.jpeg\"   alt=\"Gibt es nicht im Onlineshop: Individuelle H\u00f6rsysteme vom H\u00f6rakustiker\" class=\"single\"\/><\/a><\/p>\n<p><a data-category=\"citylink-story-view\" data-action=\"click\" data-label=\"Citylink in Meldungsansicht\" class=\"story-city event-trigger\" href=\"https:\/\/www.presseportal.de\/regional\/Hannover\" title=\"News aus Hannover \" target=\"_blank\" rel=\"noopener\">Hannover<\/a> (ots)<\/p>\n<p> Gesundheitsinformationen sind heute nur einen Klick im Internet entfernt. Das gilt auch f\u00fcr alle Fragen rund um die H\u00f6rgesundheit: Viele Menschen informieren sich heute zuerst online. Bei H\u00f6rminderungen, H\u00f6rger\u00e4ten und Online-H\u00f6rtests bietet das Internet schnelle Orientierung. Doch so hilfreich digitale Angebote f\u00fcr den ersten \u00dcberblick sind &#8211; sp\u00e4testens wenn es um gutes Verstehen im Alltag und die Versorgung mit H\u00f6rsystemen geht, endet der Onlineshop. Denn gutes H\u00f6ren ist kein Standardprodukt &#8211; es bedarf der pers\u00f6nlichen und professionellen Beratung durch einen H\u00f6rakustiker. <\/p>\n<p> Online-H\u00f6rtests k\u00f6nnen erste Hinweise liefern, ersetzen aber keine fachliche Diagnostik. Und H\u00f6rsysteme lassen sich nicht einfach wie Kopfh\u00f6rer bestellen, auspacken und sofort nutzen. Der Grund liegt in der Komplexit\u00e4t des H\u00f6rens selbst: Jeder Mensch h\u00f6rt anders &#8211; abh\u00e4ngig von Lebenssituation, H\u00f6rbiografie, H\u00f6rminderung und pers\u00f6nlichen Anspr\u00fcchen. Genau hier beginnt die Arbeit des H\u00f6rakustikers vor Ort. <\/p>\n<p> W\u00e4hrend Online-Angebote mit wenigen Klicks werben, setzt die H\u00f6rakustik auf Pr\u00e4zision, Erfahrung und pers\u00f6nliche N\u00e4he. Otoskopie, professionelle H\u00f6rtests, individuelle Beratung und Ohrabdrucknahmen erfordern direkte Interaktion. Vor allem aber braucht es Zeit, Zuh\u00f6ren und Verst\u00e4ndnis f\u00fcr das subjektive H\u00f6rerleben &#8211; etwas, das sich nicht digitalisieren l\u00e4sst. H\u00f6rakustiker sind qualifizierte Gesundheitshandwerker, die modernste Technik individuell anpassen und feinjustieren, bis Klang, Komfort und Sprachverstehen zusammenpassen. <\/p>\n<p> Denn die Anforderungen an gutes H\u00f6ren sind so vielf\u00e4ltig wie das Leben selbst: Gespr\u00e4che in Familie und Beruf, Verstehen in ger\u00e4uschvoller Umgebung, Telefonate, Musikgenuss oder Orientierung im Stra\u00dfenverkehr. Gleichzeitig treten H\u00f6rminderungen in ganz unterschiedlichen Formen auf &#8211; von Hoch- oder Tieftonschwerh\u00f6rigkeit bis hin zu Ger\u00e4uschempfindlichkeiten oder Ohrger\u00e4uschen. Diese Vielfalt macht klar: Eine erfolgreiche H\u00f6rsystemversorgung muss individuell konfiguriert werden. <\/p>\n<p> Hinzu kommt, dass H\u00f6rger\u00e4te nicht einfach gekauft werden, sondern Teil eines Anpassungsprozesses sind. In der Probephase sammeln Nutzer neue H\u00f6reindr\u00fccke, stellen Fragen, erleben St\u00e4rken und Schw\u00e4chen in verschiedenen Alltagssituationen. H\u00f6rakustiker begleiten diese extrem wichtige Phase eng, optimieren Einstellungen, \u00fcberpr\u00fcfen Sitz und Handhabung und sorgen daf\u00fcr, dass H\u00f6rsysteme regelm\u00e4\u00dfig und richtig getragen werden. Diese kontinuierliche Betreuung ist entscheidend f\u00fcr den langfristigen H\u00f6rerfolg &#8211; und online nicht leistbar. <\/p>\n<p> Nicht ohne Grund verweisen alle seri\u00f6sen Onlineportale rund um H\u00f6rgesundheit stets auf die pers\u00f6nliche Versorgung durch H\u00f6rakustiker. Die Suche nach einem qualifizierten Fachbetrieb in Wohnortn\u00e4he geh\u00f6rt heute zum Standardservice. Auch die F\u00f6rdergemeinschaft Gutes H\u00f6ren empfiehlt den direkten Weg zum Experten vor Ort. Die FGH-Partnerakustiker sind am Ohrbogen mit dem Punkt zu erkennen. Einen Fachbetrieb in der N\u00e4he findet man unter  <a target=\"_blank\" class=\"uri-ext outbound\" rel=\"noopener\" href=\"http:\/\/www.fgh-info.de\">www.fgh-info.de<\/a>. <\/p>\n<p><b>Fazit: Informationen lassen sich online finden &#8211; gutes H\u00f6ren entsteht im pers\u00f6nlichen Dialog. Und genau den gibt es nicht im Onlineshop.<\/b><\/p>\n<p>Verwendung und Nachdruck des Textes honorarfrei mit Quellennachweis: &#8222;FGH&#8220;<\/p>\n<p class=\"contact-headline\">Pressekontakt:<\/p>\n<p class=\"contact-text\">F\u00f6rdergemeinschaft Gutes H\u00f6ren GmbH<br \/>Karsten Mohr<br \/>0511\/76 333 6680 oder 0511\/76 333 666<br \/><a href=\"https:\/\/www.presseportal.de\/pm\/25206\/mailto: presse@fgh-info.de\" class=\"uri-mailto\" target=\"_blank\" rel=\"noopener\"> presse@fgh-info.de<\/a><\/p>\n<p class=\"originator\">Original-Content von: F\u00f6rdergemeinschaft Gutes H\u00f6ren (FGH), \u00fcbermittelt durch news aktuell<\/p>\n","protected":false},"excerpt":{"rendered":"27.01.2026 \u2013 14:25 F\u00f6rdergemeinschaft Gutes H\u00f6ren (FGH) Hannover (ots) Gesundheitsinformationen sind heute nur einen Klick im Internet entfernt.&hellip;\n","protected":false},"author":2,"featured_media":750955,"comment_status":"","ping_status":"","sticky":false,"template":"","format":"standard","meta":{"footnotes":""},"categories":[1836],"tags":[3477,3364,29,30,141,87322,53788,53789,171468,46,1411,178,180,179,181,624],"class_list":{"0":"post-750954","1":"post","2":"type-post","3":"status-publish","4":"format-standard","5":"has-post-thumbnail","7":"category-hannover","8":"tag-bild","9":"tag-de","10":"tag-deutschland","11":"tag-germany","12":"tag-gesundheit","13":"tag-hrakustiker","14":"tag-hren","15":"tag-hrgerte","16":"tag-hrsysteme","17":"tag-hannover","18":"tag-niedersachsen","19":"tag-presse","20":"tag-pressemeldung","21":"tag-pressemitteilung","22":"tag-pressemitteilungen","23":"tag-ratgeber"},"share_on_mastodon":{"url":"https:\/\/pubeurope.com\/@de\/115967526475163300","error":""},"_links":{"self":[{"href":"https:\/\/www.europesays.com\/de\/wp-json\/wp\/v2\/posts\/750954","targetHints":{"allow":["GET"]}}],"collection":[{"href":"https:\/\/www.europesays.com\/de\/wp-json\/wp\/v2\/posts"}],"about":[{"href":"https:\/\/www.europesays.com\/de\/wp-json\/wp\/v2\/types\/post"}],"author":[{"embeddable":true,"href":"https:\/\/www.europesays.com\/de\/wp-json\/wp\/v2\/users\/2"}],"replies":[{"embeddable":true,"href":"https:\/\/www.europesays.com\/de\/wp-json\/wp\/v2\/comments?post=750954"}],"version-history":[{"count":0,"href":"https:\/\/www.europesays.com\/de\/wp-json\/wp\/v2\/posts\/750954\/revisions"}],"wp:featuredmedia":[{"embeddable":true,"href":"https:\/\/www.europesays.com\/de\/wp-json\/wp\/v2\/media\/750955"}],"wp:attachment":[{"href":"https:\/\/www.europesays.com\/de\/wp-json\/wp\/v2\/media?parent=750954"}],"wp:term":[{"taxonomy":"category","embeddable":true,"href":"https:\/\/www.europesays.com\/de\/wp-json\/wp\/v2\/categories?post=750954"},{"taxonomy":"post_tag","embeddable":true,"href":"https:\/\/www.europesays.com\/de\/wp-json\/wp\/v2\/tags?post=750954"}],"curies":[{"name":"wp","href":"https:\/\/api.w.org\/{rel}","templated":true}]}}