{"id":750992,"date":"2026-01-27T14:46:11","date_gmt":"2026-01-27T14:46:11","guid":{"rendered":"https:\/\/www.europesays.com\/de\/750992\/"},"modified":"2026-01-27T14:46:11","modified_gmt":"2026-01-27T14:46:11","slug":"psv-eindhoven-bayern-muenchen-live-im-tv-und-stream-cl-uebertragung","status":"publish","type":"post","link":"https:\/\/www.europesays.com\/de\/750992\/","title":{"rendered":"PSV Eindhoven &#8211; Bayern M\u00fcnchen live im TV und Stream: CL-\u00dcbertragung"},"content":{"rendered":"<p class=\"mb-6 text-xs md:text-m lg:text-l font-serif group-[.font-sans]:font-sans \">\n    Die K\u00f6nigsklasse des europ\u00e4ischen Vereinsfu\u00dfballs steht vor dem letzten Spieltag ihres ersten Abschnitts in der Saison 25\/26. Die <a href=\"https:\/\/www.augsburger-allgemeine.de\/organisationen\/aa-champions-league\" target=\"_self\" class=\"underline \" rel=\"nofollow noopener\">Champions League<\/a> befindet sich seit der vergangenen Saison in einer Phase tiefgreifender Erneuerung. Das altbekannte Gruppensystem wurde abgeschafft und durch ein deutlich umfangreicheres Ligamodell ersetzt. Statt 32 Teams treten nun 36 Klubs in einem gemeinsamen Feld an, wobei jede Mannschaft acht Spiele gegen unterschiedlich zugeloste Gegner absolviert. Dieser Ansatz sorgt bewusst f\u00fcr mehr Varianz und erh\u00f6ht die Wahrscheinlichkeit \u00fcberraschender Konstellationen.\n  <\/p>\n<p class=\"mb-6 text-xs md:text-m lg:text-l font-serif group-[.font-sans]:font-sans \">\n    Alle Resultate flie\u00dfen in eine einzige Gesamttabelle ein, die sich nach jedem Spieltag neu sortiert. Dadurch entsteht ein Wettbewerb, der dynamischer wirkt als je zuvor: Platzierungen k\u00f6nnen sich schnell verschieben, und der Kampf um die begehrten R\u00e4nge f\u00fcr die K.o.-Phase wird sp\u00fcrbar intensiver. Genau diese permanente Bewegung ist Teil der strategischen Neuausrichtung der UEFA.\n  <\/p>\n<p class=\"mb-6 text-xs md:text-m lg:text-l font-serif group-[.font-sans]:font-sans \">\n    Am achten und letzten Spieltag der Ligaphase treten der niederl\u00e4ndische Club PSV Eindhoven und der deutsche Rekordmeister FC Bayern M\u00fcnchen gegeneinander an. Die Bayern rangieren mit satten 18 Punkten hinter Arsenal auf Platz 2 der Tabelle, der PSV steht mit m\u00fcden acht Z\u00e4hlern deutlich weiter s\u00fcdlich als der FCB \u2013 auf Rang 22. Die Niederl\u00e4nder sind aber nach wie vor im Rennen. Wir liefern Ihnen hier alle wichtigen Infos zu dem Match und dessen \u00dcbertragung.\n  <\/p>\n<p>            PSV Eindhoven vs. Bayern M\u00fcnchen in der Champions League: Datum, Uhrzeit \u2013 wann ist Ansto\u00df?<\/p>\n<p class=\"mb-6 text-xs md:text-m lg:text-l font-serif group-[.font-sans]:font-sans \">\n    Nach dem <a href=\"https:\/\/www.augsburger-allgemeine.de\/sport\/champions-league-25-26-beginn-spielplan-teams-und-termine-21-1-2026-109858202\" target=\"_self\" class=\"underline \" rel=\"nofollow noopener\">Spielplan der CL 2025\/26<\/a> reist der FCB am 28. Januar 2026 in die Niederlande und tritt dort gegen den PSV Eindhoven an. Der Ansto\u00df erfolgt um 21 Uhr, Ort des Geschehens ist das Philips Stadion. Die Arena ist ein Fu\u00dfballstadion in Eindhoven, Provinz Noord-Brabant. Es ist die Heimspielst\u00e4tte des aktuellen Gegners. Die Sportst\u00e4tte bietet 35.119 Pl\u00e4tze, davon 800 Logenpl\u00e4tze und 1308 Business-Sitze. Bei internationalen Spielen tr\u00e4gt sie den werbefreien Namen PSV Stadion.\n  <\/p>\n<p>            PSV Eindhoven gegen FCB live im TV und Stream: CL-\u00dcbertragung auch im Free-TV?<\/p>\n<p class=\"mb-6 text-xs md:text-m lg:text-l font-serif group-[.font-sans]:font-sans \">\n    Die Medienlandschaft rund um die Champions League hat sich radikal gewandelt. Die Spiele sind aus dem kostenlosen Fernsehen verschwunden und laufen inzwischen ausschlie\u00dflich \u00fcber Streamingdienste oder Pay-TV. Wer die K\u00f6nigsklasse live sehen m\u00f6chte, muss heute vorwiegend digitale Plattformen nutzen \u2013 im Free-TV findet das Turnier derzeit gar nicht mehr statt.\n  <\/p>\n<p class=\"mb-6 text-xs md:text-m lg:text-l font-serif group-[.font-sans]:font-sans \">\n    Den gr\u00f6\u00dften Teil der <a href=\"https:\/\/www.augsburger-allgemeine.de\/panorama\/tv\/cl-uebertragung-25-26-champions-league-live-im-tv-und-stream-sehen-21-1-2026-110383953\" target=\"_self\" class=\"underline \" rel=\"nofollow noopener\">\u00dcbertragungen<\/a> \u00fcbernimmt dabei DAZN. Der Anbieter zeigt nahezu alle Begegnungen, darunter s\u00e4mtliche Mittwochsspiele und den \u00fcberwiegenden Anteil der Partien am Dienstag. Auch eine Konferenz bleibt Teil des Programms, allerdings nur f\u00fcr jene Duelle, f\u00fcr die DAZN die entsprechenden Rechte besitzt.\n  <\/p>\n<p class=\"mb-6 text-xs md:text-m lg:text-l font-serif group-[.font-sans]:font-sans \">\n    Als zweiter Player tritt Amazon Prime Video auf, das ein deutlich kleineres, aber strategisch wertvolles Rechtepaket h\u00e4lt. Der Dienst konzentriert sich auf ausgew\u00e4hlte Topspiele am Dienstagabend und setzt damit bewusst auf Partien mit besonderer Aufmerksamkeit und hoher sportlicher Attraktivit\u00e4t.\n  <\/p>\n<p class=\"mb-6 text-xs md:text-m lg:text-l font-serif group-[.font-sans]:font-sans \">\n    F\u00fcr die Zuschauer bedeutet dieses Modell eine klare Z\u00e4sur: Wer m\u00f6glichst umfassend dabei sein will, ben\u00f6tigt in der Regel zwei kostenpflichtige Abos. Damit entfernt sich das Erlebnis nicht nur technisch, sondern auch finanziell sp\u00fcrbar von der fr\u00fcher selbstverst\u00e4ndlichen TV-Pr\u00e4senz des Wettbewerbs.\n  <\/p>\n<p class=\"mb-6 text-xs md:text-m lg:text-l font-serif group-[.font-sans]:font-sans \">\n    Die \u00dcbertragung der Begegnung PSV Eindhoven vs. Bayern M\u00fcnchen im \u00dcberblick:\n  <\/p>\n<ul rel=\"\" class=\"[&amp;&gt;li]:relative list-none  [&amp;&gt;li]:pl-[1.2em] [&amp;&gt;li]:marker:text-[0] [&amp;&gt;li]:relative [&amp;&gt;li]:before:absolute [&amp;&gt;li]:before:w-3 [&amp;&gt;li]:before:h-3 [&amp;&gt;li]:before:bg-brand [&amp;&gt;li]:before:left-0 [&amp;&gt;li]:before:top-[8px] [&amp;&gt;li]:before:rounded-full  my-5\">\n<li class=\" mb-3 text-xs md:text-m lg:text-l\">Spiel: PSV Eindhoven &#8211; Bayern M\u00fcnchen, Ligaphase der Champions League 2025\/2026, Spieltag 8 von\u00a08<\/li>\n<li class=\" mb-3 text-xs md:text-m lg:text-l\">Datum: Mittwoch, 28. Januar 2026<\/li>\n<li class=\" mb-3 text-xs md:text-m lg:text-l\">Uhrzeit: 21 Uhr<\/li>\n<li class=\" mb-3 text-xs md:text-m lg:text-l\">Ort: Philips Stadion, Eindhoven<\/li>\n<li class=\" mb-3 text-xs md:text-m lg:text-l\">\u00dcbertragung im Free-TV: &#8212;<\/li>\n<li class=\" mb-3 text-xs md:text-m lg:text-l\">\u00dcbertragung im Pay-TV: DAZN, Kommentar Adrian Geiler<\/li>\n<li class=\" mb-3 text-xs md:text-m lg:text-l\">\u00dcbertragung im Live-Stream: <a href=\"https:\/\/www.dazn.com\/de-DE\/news\/fussball\/psv-eindhoven-fc-bayern-muenchen-live-champions-league-die-uebertragung-auf-dazn\/idqx6kr9lx216akjivmu8mnu\" rel=\"nofollow noopener\" target=\"_blank\" class=\"underline \">DAZN<\/a><\/li>\n<\/ul>\n<p>            PSV Eindhoven &#8211; Bayern M\u00fcnchen in der Champions League: Gesamtbilanz der beiden Teams<\/p>\n<p class=\"mb-6 text-xs md:text-m lg:text-l font-serif group-[.font-sans]:font-sans \">\n    Die beiden Teams haben bisher acht gemeinsame Spiele absolviert, erfahren wir von <a href=\"https:\/\/www.fussballdaten.de\/vereine\/psv-eindhoven\/fc-bayern-muenchen\/\" rel=\"nofollow noopener\" target=\"_blank\" class=\"underline \">fussballdaten.de.<\/a> Die Bayern haben sechs davon gewonnen, es gab einen Sieg der Niederl\u00e4nder (CL-Gruppenphase am 26. Oktober 1999) und ein Unentschieden. Das Torverh\u00e4ltnis f\u00e4llt ebenfalls zugunsten der M\u00fcnchner aus: 14:6.\n  <\/p>\n<ul data-module-id=\"DragDropModule\" class=\"flex flex-wrap justify-start group-[.no-bookmarks]:hidden\">\n<li class=\"mb-3 mr-3\">\n    Claus Holscher<\/p>\n<p>      Icon Haken im Kreis gesetzt<\/p>\n<p>      Icon Plus im Kreis<\/p>\n<\/li>\n<li class=\"mb-3 mr-3\">\n    PSV Eindhoven<\/p>\n<p>      Icon Haken im Kreis gesetzt<\/p>\n<p>      Icon Plus im Kreis<\/p>\n<\/li>\n<li class=\"mb-3 mr-3\">\n    Champions League<\/p>\n<p>      Icon Haken im Kreis gesetzt<\/p>\n<p>      Icon Plus im Kreis<\/p>\n<\/li>\n<\/ul>\n","protected":false},"excerpt":{"rendered":"Die K\u00f6nigsklasse des europ\u00e4ischen Vereinsfu\u00dfballs steht vor dem letzten Spieltag ihres ersten Abschnitts in der Saison 25\/26. Die&hellip;\n","protected":false},"author":2,"featured_media":750993,"comment_status":"","ping_status":"","sticky":false,"template":"","format":"standard","meta":{"footnotes":"","_share_on_mastodon":"0"},"categories":[1827],"tags":[772,468,1931,29,81024,458,30,41172,1268,965,57008,684,1681,171475],"class_list":["post-750992","post","type-post","status-publish","format-standard","has-post-thumbnail","category-muenchen","tag-bayern","tag-champions-league","tag-dazn","tag-deutschland","tag-eindhoven","tag-fc-bayern-muenchen","tag-germany","tag-koenigsklasse","tag-muenchen","tag-niederlande","tag-psv-eindhoven","tag-tv","tag-uefa","tag-vereinsfussball"],"share_on_mastodon":{"url":"https:\/\/pubeurope.com\/@de\/115967609096485279","error":""},"_links":{"self":[{"href":"https:\/\/www.europesays.com\/de\/wp-json\/wp\/v2\/posts\/750992","targetHints":{"allow":["GET"]}}],"collection":[{"href":"https:\/\/www.europesays.com\/de\/wp-json\/wp\/v2\/posts"}],"about":[{"href":"https:\/\/www.europesays.com\/de\/wp-json\/wp\/v2\/types\/post"}],"author":[{"embeddable":true,"href":"https:\/\/www.europesays.com\/de\/wp-json\/wp\/v2\/users\/2"}],"replies":[{"embeddable":true,"href":"https:\/\/www.europesays.com\/de\/wp-json\/wp\/v2\/comments?post=750992"}],"version-history":[{"count":0,"href":"https:\/\/www.europesays.com\/de\/wp-json\/wp\/v2\/posts\/750992\/revisions"}],"wp:featuredmedia":[{"embeddable":true,"href":"https:\/\/www.europesays.com\/de\/wp-json\/wp\/v2\/media\/750993"}],"wp:attachment":[{"href":"https:\/\/www.europesays.com\/de\/wp-json\/wp\/v2\/media?parent=750992"}],"wp:term":[{"taxonomy":"category","embeddable":true,"href":"https:\/\/www.europesays.com\/de\/wp-json\/wp\/v2\/categories?post=750992"},{"taxonomy":"post_tag","embeddable":true,"href":"https:\/\/www.europesays.com\/de\/wp-json\/wp\/v2\/tags?post=750992"}],"curies":[{"name":"wp","href":"https:\/\/api.w.org\/{rel}","templated":true}]}}