{"id":751047,"date":"2026-01-27T15:17:18","date_gmt":"2026-01-27T15:17:18","guid":{"rendered":"https:\/\/www.europesays.com\/de\/751047\/"},"modified":"2026-01-27T15:17:18","modified_gmt":"2026-01-27T15:17:18","slug":"hochzeitstermine-in-den-staedten-des-landkreises-augsburg-diese-sind-besonders-gefragt","status":"publish","type":"post","link":"https:\/\/www.europesays.com\/de\/751047\/","title":{"rendered":"Hochzeitstermine in den St\u00e4dten des Landkreises Augsburg: Diese sind besonders gefragt"},"content":{"rendered":"<p class=\"mb-6 text-xs md:text-m lg:text-l font-serif group-[.font-sans]:font-sans \">\n    Die eigene Hochzeit, das Fest der Liebe \u2013 f\u00fcr viele der sch\u00f6nste Tag im Leben. Der sollte auch das passende Datum haben, am besten eins, das man sich gut merken kann. Da <a href=\"https:\/\/www.augsburger-allgemeine.de\/augsburg\/augsburg-heiraten-in-augsburg-am-26-6-2026-sind-schon-alle-termine-ausgebucht-113134909\" target=\"_self\" class=\"underline \" rel=\"nofollow noopener\">Zahlenspiele sehr beliebt sind<\/a>, dreht sich im Jahr 2026 alles um zwei besondere Termine: den 6. Juni, einen Samstag, und Freitag, 26. Juni. Wie eine Nachfrage bei den Standes\u00e4mtern im Landkreis Augsburg ergab, sind nur noch wenige Termine frei. Ob Hochzeiten an besonderen Terminen tats\u00e4chlich erfolgreich sind, wei\u00df die psychologische Beratungsstelle f\u00fcr Ehe-, Familien- und Lebensfragen der Di\u00f6zese Augsburg.\n  <\/p>\n<p>            \u201eSchnapszahlen\u201c gewinnen wieder an Beliebtheit<\/p>\n<p class=\"mb-6 text-xs md:text-m lg:text-l font-serif group-[.font-sans]:font-sans \">\n    <a href=\"https:\/\/www.augsburger-allgemeine.de\/schwabmuenchen\/landkreis-augsburg-das-bedeutet-die-neue-steuerpflicht-fuer-gemeinden-103614402\" target=\"_self\" class=\"underline \" rel=\"nofollow noopener\">In K\u00f6nigsbrunn ist der 6. Juni mit acht Eheschlie\u00dfungen<\/a> schon ausgebucht, am 26. Juni gibt es lediglich noch einen freien Termin am Vormittag, sagt Pressesprecherin Anke Maresch. Sie erkl\u00e4rt weiter, dass die Nachfrage nach den Schnapszahlen in der Vergangenheit deutlich abgenommen h\u00e4tte. Erst in diesem Jahr sei wieder eine Begeisterung f\u00fcr solche Termine sp\u00fcrbar. Auch in Neus\u00e4\u00df sind die beiden Schnapszahlen-Termine vollst\u00e4ndig ausgebucht. \u00dcberhaupt herrsche derzeit wieder eine gro\u00dfe Nachfrage nach Hochzeitsterminen, so der Leiter des Standesamtes. \u201eWie sich das Ganze \u00fcber das Jahr entwickelt, wird sich noch zeigen.\u201c\n  <\/p>\n<p class=\"mb-6 text-xs md:text-m lg:text-l font-serif group-[.font-sans]:font-sans \">\n    Der Pressesprecher der <a href=\"https:\/\/www.augsburger-allgemeine.de\/augsburg-land\/gersthofen-eva-maria-albers-malo-ist-weit-mehr-als-nur-eine-verwaltungsfachkraft-109198096\" target=\"_self\" class=\"underline \" rel=\"nofollow noopener\">Stadt Gersthofen<\/a>, Kai Schwarz, kann diese Aussagen best\u00e4tigen. Samstage als Trauungstage w\u00fcrden in Gersthofen nur ein- oder zweimal im Monat angeboten, daher w\u00fcrden diese immer gut angenommen. So auch am 6. Juni. Und auch f\u00fcr Freitag, 26. Juni, sind schon einige Trauungen eingeplant. Schwarz erkl\u00e4rt weiter, dass es keinen speziellen Wochentag g\u00e4be, der besonders beliebt sei. Es sei lediglich eine leichte Tendenz zum Samstag zu erkennen.\n  <\/p>\n<p>            Auch andere Termine r\u00fccken in den Vordergrund<\/p>\n<p class=\"mb-6 text-xs md:text-m lg:text-l font-serif group-[.font-sans]:font-sans \">\n    In einigen Standes\u00e4mtern ist der 6. Juni \u00fcberhaupt nicht im Angebot. So zum Beispiel in Bobingen. Pressesprecherin Eva-Maria G\u00fcrpinar erkl\u00e4rt, dass aber der 26. Juni stark nachgefragt sei. Deshalb werden an diesem Tag sowohl am Vormittag als auch am Nachmittag Termine angeboten. Sie bringt auch noch einen weiteren Termin ins Spiel: \u201eZus\u00e4tzlich ist auch der 20. Juni (Samstag) ein gefragter Termin, der inzwischen bereits vollst\u00e4ndig ausgebucht ist.\u201c\n  <\/p>\n<p class=\"mb-6 text-xs md:text-m lg:text-l font-serif group-[.font-sans]:font-sans \">\n    Franziska K\u00fcstler vom <a href=\"https:\/\/www.augsburger-allgemeine.de\/augsburg-land\/weniger-eheschliessungen-und-scheidungen-im-landkreis-augsburg-108210364\" target=\"_self\" class=\"underline \" rel=\"nofollow noopener\">Standesamt Schwabm\u00fcnchen<\/a> sagt, dass es auch bei ihnen keine Trauungen am 6. Juni gebe. F\u00fcr den 26. Juni h\u00e4tten sie aber schon einige Vormerkungen. \u201eHier gibt es nur noch morgens freie Termine.\u201c Derzeit k\u00e4men auch schon die ersten Anfragen f\u00fcr das Jahr 2027, erz\u00e4hlt K\u00fcstler. In Stadtbergen ist der 26. Juni ebenfalls schon komplett ausgebucht, wie Standesbeamtin Silke Zoppelt erkl\u00e4rt, zumal es dort am 6. Juni keine M\u00f6glichkeit zum Heiraten gibt.\n  <\/p>\n<p>            Ehetherapeutin: \u201eBindungsf\u00e4higkeit entscheidender als Ort und Datum der Hochzeit\u201c<\/p>\n<p class=\"mb-6 text-xs md:text-m lg:text-l font-serif group-[.font-sans]:font-sans \">\n    Wer zu den genannten Tagen keinen Hochzeitstermin ergattern konnte, braucht sich aber nicht zu gr\u00e4men. \u201eBeziehungen, die mit magischen Gedanken verbunden sind, scheitern h\u00e4ufiger\u201c, sagt<a href=\"https:\/\/www.augsburger-allgemeine.de\/augsburg-land\/psychologische-beratung-im-landkreis-augsburg-hier-gibt-es-angebote-106218233\" target=\"_self\" class=\"underline \" rel=\"nofollow noopener\"> Martina Lutz, Stellenleiterin der psychologischen Beratungsstelle<\/a> f\u00fcr Ehe-, Familien- und Lebensfragen der Di\u00f6zese Augsburg. Sie ist damit auch f\u00fcr die Standorte in Gersthofen und Schwabm\u00fcnchen zust\u00e4ndig.\n  <\/p>\n<p class=\"mb-6 text-xs md:text-m lg:text-l font-serif group-[.font-sans]:font-sans \">\n    Das \u201emagische Denken\u201c f\u00fchrt Lutz auf die Sehnsucht nach Sicherheit zur\u00fcck. Manche Menschen erhofften, das besondere Datum f\u00fchre zu einer sicheren Ehe. \u201eBasics wie Kommunikations- und Bindungsf\u00e4higkeit sind entscheidend, das macht man nicht an Ort und Datum der Hochzeit fest\u201c, sagt die Therapeutin. Sie empfiehlt, keine \u00fcberh\u00f6hten Erwartungen zu hegen und eine Balance der eigenen Bed\u00fcrfnisse und denen des Partners zu finden. Passend dazu zitiert Lutz einen Leitsatz: \u201eLiebe ist der Versuch, den anderen gl\u00fccklich zu machen, ohne sich selbst dabei ungl\u00fccklich zu machen.\u201c\n  <\/p>\n<ul data-module-id=\"DragDropModule\" class=\"flex flex-wrap justify-start group-[.no-bookmarks]:hidden\">\n<li class=\"mb-3 mr-3\">\n    Anna Faber<\/p>\n<p>      Icon Haken im Kreis gesetzt<\/p>\n<p>      Icon Plus im Kreis<\/p>\n<\/li>\n<li class=\"mb-3 mr-3\">\n    Hochzeitstag<\/p>\n<p>      Icon Haken im Kreis gesetzt<\/p>\n<p>      Icon Plus im Kreis<\/p>\n<\/li>\n<li class=\"mb-3 mr-3\">\n    Schnapszahl<\/p>\n<p>      Icon Haken im Kreis gesetzt<\/p>\n<p>      Icon Plus im Kreis<\/p>\n<\/li>\n<\/ul>\n","protected":false},"excerpt":{"rendered":"Die eigene Hochzeit, das Fest der Liebe \u2013 f\u00fcr viele der sch\u00f6nste Tag im Leben. Der sollte auch&hellip;\n","protected":false},"author":2,"featured_media":751048,"comment_status":"","ping_status":"","sticky":false,"template":"","format":"standard","meta":{"footnotes":"","_share_on_mastodon":"0"},"categories":[1846],"tags":[10644,680,772,3364,29,548,663,3934,171492,30,60334,13,7621,171491,81871,137026,14,15,12,171489,171490],"class_list":["post-751047","post","type-post","status-publish","format-standard","has-post-thumbnail","category-augsburg","tag-standesamt","tag-augsburg","tag-bayern","tag-de","tag-deutschland","tag-eu","tag-europa","tag-europe","tag-franziska-kuestler","tag-germany","tag-gersthofen","tag-headlines","tag-hochzeitstag","tag-kai-schwarz","tag-koenigsbrunn","tag-landkreis-augsburg","tag-nachrichten","tag-news","tag-schlagzeilen","tag-schnapszahl","tag-traumtermin"],"share_on_mastodon":{"url":"https:\/\/pubeurope.com\/@de\/115967730903423557","error":""},"_links":{"self":[{"href":"https:\/\/www.europesays.com\/de\/wp-json\/wp\/v2\/posts\/751047","targetHints":{"allow":["GET"]}}],"collection":[{"href":"https:\/\/www.europesays.com\/de\/wp-json\/wp\/v2\/posts"}],"about":[{"href":"https:\/\/www.europesays.com\/de\/wp-json\/wp\/v2\/types\/post"}],"author":[{"embeddable":true,"href":"https:\/\/www.europesays.com\/de\/wp-json\/wp\/v2\/users\/2"}],"replies":[{"embeddable":true,"href":"https:\/\/www.europesays.com\/de\/wp-json\/wp\/v2\/comments?post=751047"}],"version-history":[{"count":0,"href":"https:\/\/www.europesays.com\/de\/wp-json\/wp\/v2\/posts\/751047\/revisions"}],"wp:featuredmedia":[{"embeddable":true,"href":"https:\/\/www.europesays.com\/de\/wp-json\/wp\/v2\/media\/751048"}],"wp:attachment":[{"href":"https:\/\/www.europesays.com\/de\/wp-json\/wp\/v2\/media?parent=751047"}],"wp:term":[{"taxonomy":"category","embeddable":true,"href":"https:\/\/www.europesays.com\/de\/wp-json\/wp\/v2\/categories?post=751047"},{"taxonomy":"post_tag","embeddable":true,"href":"https:\/\/www.europesays.com\/de\/wp-json\/wp\/v2\/tags?post=751047"}],"curies":[{"name":"wp","href":"https:\/\/api.w.org\/{rel}","templated":true}]}}