{"id":751721,"date":"2026-01-27T21:40:16","date_gmt":"2026-01-27T21:40:16","guid":{"rendered":"https:\/\/www.europesays.com\/de\/751721\/"},"modified":"2026-01-27T21:40:16","modified_gmt":"2026-01-27T21:40:16","slug":"s-bahn-express-zum-flughafen-muenchen-nicht-ausreichend-kapazitaet","status":"publish","type":"post","link":"https:\/\/www.europesays.com\/de\/751721\/","title":{"rendered":"S-Bahn-Express zum Flughafen M\u00fcnchen: nicht ausreichend Kapazit\u00e4t"},"content":{"rendered":"<p class=\"mb-6 text-xs md:text-m lg:text-l font-serif group-[.font-sans]:font-sans \">\n    So schnell d\u00fcrfen Flugg\u00e4ste des M\u00fcnchner Flughafens wohl nicht mit der mehrfach diskutierten Express-S-Bahn rechnen, wie eine Antwort des Mobilit\u00e4tsreferats auf einen <a href=\"https:\/\/www.augsburger-allgemeine.de\/organisationen\/aa-fdp-bayern\" target=\"_self\" class=\"underline \" rel=\"noopener\">FDP<\/a>-Antrag zeigt.\n  <\/p>\n<p class=\"mb-6 text-xs md:text-m lg:text-l font-serif group-[.font-sans]:font-sans \">\n    Die FDP forderte neben der Umstellung auf Elektronische Stellwerke (ESW) des S1-Streckenabschnitts zwischen Laim und Neufahrn auch, die Blockabst\u00e4nde auf dem Abschnitt zu verdichten. Zudem hei\u00dft es im Antrag, der bereits im M\u00e4rz 2023 eingereicht worden war, das bestehende dritte Gleis zwischen dem Rangierbahnhof Laim und Moosach solle f\u00fcr die abschnittsweise Nutzung von S-Bahn-Z\u00fcgen und\/oder Regionalexpress-Z\u00fcgen hochger\u00fcstet werden. Ebenfalls im Antrag enthalten ist eine Forderung f\u00fcr zus\u00e4tzliche Stopps der Regionalexpressz\u00fcge nach Regensburg und Passau in Neufahrn, um dort einen Zugteil zur Weiterfahrt zum Flughafen ab- und umgekehrt auf dem R\u00fcckweg anzukoppeln.\n  <\/p>\n<p>            Bayerische Eisenbahngesellschaft: Schienenwege so stark ausgelastet, dass keine zus\u00e4tzlichen Expressz\u00fcge fahren k\u00f6nnen<\/p>\n<p class=\"mb-6 text-xs md:text-m lg:text-l font-serif group-[.font-sans]:font-sans \">\n    In einer vorliegenden Stellungnahme der Bayerischen Eisenbahngesellschaft hei\u00dft es: \u201eObwohl die Landeshauptstadt <a href=\"https:\/\/www.augsburger-allgemeine.de\/orte\/aa-muenchen\" target=\"_self\" class=\"underline \" rel=\"noopener\">M\u00fcnchen<\/a> \u00fcber die beiden S-Bahn Linien S1 und S8 bereits jeweils im 20-Minuten-Takt \u00fcber eine leistungsf\u00e4hige Anbindung an den Flughafen verf\u00fcgt, gibt es auch seitens der Staatsregierung \u00dcberlegungen, diese Anbindung etwa durch eine Express-S-Bahn unter Auslassung von Unterwegshalten zu beschleunigen.\u201c\n  <\/p>\n<p class=\"mb-6 text-xs md:text-m lg:text-l font-serif group-[.font-sans]:font-sans \">\n    Was als \u201eleistungsf\u00e4hige Anbindung\u201c verstanden wird, bleibt aber infrage zu stellen. Denn bislang brauchen S-Bahnen von M\u00fcnchner Hauptbahnhof bis zum Flughafen rund 40 Minuten. Fahrg\u00e4ste, die oftmals ohnehin schon fr\u00fchzeitig am Flughafen sein wollen, m\u00fcssen also zus\u00e4tzlich eine lange Fahrzeit in Kauf nehmen. Unsere Redaktion hat eine <a href=\"https:\/\/www.augsburger-allgemeine.de\/bayern\/schnell-von-augsburg-zum-muenchner-flughafen-tipps-fuer-bahn-bus-und-auto-29-12-2025-110485541\" target=\"_self\" class=\"underline \" rel=\"noopener\">\u00dcbersicht gemacht, wie man von Augsburg am schnellsten zum Flughafen kommt.<\/a>\n  <\/p>\n<p>    <img decoding=\"async\" src=\"https:\/\/images.mgpd.de\/img\/113027672\/crop\/c16_9-w100\/1731586757\/870439996\/flughafen-muenchen.jpg\" alt=\"Der M\u00fcnchner Flughafen z\u00e4hlt zu den gr\u00f6\u00dften in Deutschland.\" title=\"Der M\u00fcnchner Flughafen z\u00e4hlt zu den gr\u00f6\u00dften in Deutschland.\" class=\"h-full w-full object-cover\"\/><\/p>\n<p>      Icon vergr\u00f6\u00dfern<\/p>\n<p>    Der M\u00fcnchner Flughafen z\u00e4hlt zu den gr\u00f6\u00dften in Deutschland.<br \/>\n    Foto: Karl-Josef Hildenbrand, dpa (Archivbild)<\/p>\n<p>        Schlie\u00dfen <\/p>\n<p>      Icon Schlie\u00dfen<\/p>\n<p>        Icon vergr\u00f6\u00dfern<\/p>\n<p>        Icon verkleinern<\/p>\n<p>      Icon Pfeil bewegen<\/p>\n<p>    Der M\u00fcnchner Flughafen z\u00e4hlt zu den gr\u00f6\u00dften in Deutschland.<br \/>\n    Foto: Karl-Josef Hildenbrand, dpa (Archivbild)<\/p>\n<p class=\"mb-6 text-xs md:text-m lg:text-l font-serif group-[.font-sans]:font-sans \">\n    Weiter hei\u00dft es, es stelle sich \u201eimmer wieder\u201c heraus, dass die Schienenwege in Richtung Flughafen meist \u201eso stark ausgelastet\u201c seien, dass die zus\u00e4tzlichen Expressz\u00fcge zum Flughafen \u201eim Rahmen der bestehenden Kapazit\u00e4t\u201c nicht gefahren werden k\u00f6nnten. Das gelte nicht nur f\u00fcr die Linie S1, sondern ebenso f\u00fcr die S8.\n  <\/p>\n<p class=\"mb-6 text-xs md:text-m lg:text-l font-serif group-[.font-sans]:font-sans \">\n    \u201eInsbesondere die Infrastruktur im Flughafenbahnhof selber stellt sich dabei als Nadel\u00f6hr heraus, das zus\u00e4tzlichen Verkehr durch eine Expressverbindung nicht bew\u00e4ltigen kann\u201c, hei\u00dft es weiter.\n  <\/p>\n<p>            Diese Bauprojekte sind derzeit im Gange<\/p>\n<p class=\"mb-6 text-xs md:text-m lg:text-l font-serif group-[.font-sans]:font-sans \">\n    Das Mobilit\u00e4tsreferat weist darauf hin, dass in diesem Zusammenhang unter dem Projekt \u201eErdinger Ringschluss\u201c derzeit Bauprojekte laufen: Zum einen werde ein br\u00fcckenartiges \u201e\u00dcberwerfungsbauwerk <a href=\"https:\/\/www.augsburger-allgemeine.de\/organisationen\/aa-flughafen-muenchen\" target=\"_self\" class=\"underline \" rel=\"noopener\">Flughafen M\u00fcnchen<\/a> West\u201c errichtet, wodurch Begegnungen der S-Bahn-Linien S1 und S8 im Bereich der Einm\u00fcndung des Flughafens m\u00f6glich werden sollen. Au\u00dferdem soll ein elektronisches Stellwerk gebaut werden.\n  <\/p>\n<p class=\"mb-6 text-xs md:text-m lg:text-l font-serif group-[.font-sans]:font-sans \">\n    Eine Express-S-Bahn von M\u00fcnchen zum Flughafen werde sich nicht realisieren lassen, wenn die Infrastruktur nicht ausgebaut werde, erkl\u00e4rt das Mobilit\u00e4tsreferat. Es weist auch darauf hin, dass die von der FDP vorgeschlagenen Regionalverkehrsz\u00fcge RE2 (von M\u00fcnchen nach Regensburg) und RE3 (Passau) sich gar nicht f\u00fcr eine Fahrt zum Flughafen eignen w\u00fcrden. Der Grund: Die knappen Kapazit\u00e4ten beim RE2 w\u00fcrden bis Freising und Landshut ben\u00f6tigt; beim RE3 w\u00fcrden bereits seit Dezember 2024 doppelst\u00f6ckige Fahrzeuge eingesetzt, die nicht in den Flughafentunnel fahren k\u00f6nnen.\n  <\/p>\n<ul data-module-id=\"DragDropModule\" class=\"flex flex-wrap justify-start group-[.no-bookmarks]:hidden\">\n<li class=\"mb-3 mr-3\">\n    Franziska Hubl<\/p>\n<p>      Icon Haken im Kreis gesetzt<\/p>\n<p>      Icon Plus im Kreis<\/p>\n<\/li>\n<li class=\"mb-3 mr-3\">\n    Flughafen<\/p>\n<p>      Icon Haken im Kreis gesetzt<\/p>\n<p>      Icon Plus im Kreis<\/p>\n<\/li>\n<li class=\"mb-3 mr-3\">\n    M\u00fcnchen<\/p>\n<p>      Icon Haken im Kreis gesetzt<\/p>\n<p>      Icon Plus im Kreis<\/p>\n<\/li>\n<\/ul>\n","protected":false},"excerpt":{"rendered":"So schnell d\u00fcrfen Flugg\u00e4ste des M\u00fcnchner Flughafens wohl nicht mit der mehrfach diskutierten Express-S-Bahn rechnen, wie eine Antwort&hellip;\n","protected":false},"author":2,"featured_media":751722,"comment_status":"","ping_status":"","sticky":false,"template":"","format":"standard","meta":{"footnotes":""},"categories":[1827],"tags":[772,29,187,2109,10647,30,30912,3194,1268,171586,7106,12946,171587],"class_list":{"0":"post-751721","1":"post","2":"type-post","3":"status-publish","4":"format-standard","5":"has-post-thumbnail","7":"category-muenchen","8":"tag-bayern","9":"tag-deutschland","10":"tag-fdp","11":"tag-flughafen","12":"tag-flughafen-muenchen","13":"tag-germany","14":"tag-laim","15":"tag-mobilitaetsreferat","16":"tag-muenchen","17":"tag-neufahrn","18":"tag-passau","19":"tag-regensburg","20":"tag-schnellverbindung"},"share_on_mastodon":{"url":"https:\/\/pubeurope.com\/@de\/115969237197643055","error":""},"_links":{"self":[{"href":"https:\/\/www.europesays.com\/de\/wp-json\/wp\/v2\/posts\/751721","targetHints":{"allow":["GET"]}}],"collection":[{"href":"https:\/\/www.europesays.com\/de\/wp-json\/wp\/v2\/posts"}],"about":[{"href":"https:\/\/www.europesays.com\/de\/wp-json\/wp\/v2\/types\/post"}],"author":[{"embeddable":true,"href":"https:\/\/www.europesays.com\/de\/wp-json\/wp\/v2\/users\/2"}],"replies":[{"embeddable":true,"href":"https:\/\/www.europesays.com\/de\/wp-json\/wp\/v2\/comments?post=751721"}],"version-history":[{"count":0,"href":"https:\/\/www.europesays.com\/de\/wp-json\/wp\/v2\/posts\/751721\/revisions"}],"wp:featuredmedia":[{"embeddable":true,"href":"https:\/\/www.europesays.com\/de\/wp-json\/wp\/v2\/media\/751722"}],"wp:attachment":[{"href":"https:\/\/www.europesays.com\/de\/wp-json\/wp\/v2\/media?parent=751721"}],"wp:term":[{"taxonomy":"category","embeddable":true,"href":"https:\/\/www.europesays.com\/de\/wp-json\/wp\/v2\/categories?post=751721"},{"taxonomy":"post_tag","embeddable":true,"href":"https:\/\/www.europesays.com\/de\/wp-json\/wp\/v2\/tags?post=751721"}],"curies":[{"name":"wp","href":"https:\/\/api.w.org\/{rel}","templated":true}]}}