{"id":751849,"date":"2026-01-27T22:50:12","date_gmt":"2026-01-27T22:50:12","guid":{"rendered":"https:\/\/www.europesays.com\/de\/751849\/"},"modified":"2026-01-27T22:50:12","modified_gmt":"2026-01-27T22:50:12","slug":"fc-st-pauli-nach-11-gegen-leipzig-st-pauli-feiert-hoffnungs-punkt-sport","status":"publish","type":"post","link":"https:\/\/www.europesays.com\/de\/751849\/","title":{"rendered":"FC St. Pauli: Nach 1:1 gegen Leipzig: St. Pauli feiert Hoffnungs-Punkt | Sport"},"content":{"rendered":"<p><a class=\"skip-content skip-content--link\" href=\"#in-content-skip-link-target-v-0-0\">TTS-Player \u00fcberspringen\u21b5<\/a><a id=\"in-content-skip-link-target-v-0-0\" class=\"skip-content--target-link-hidden skip-content skip-content--target-link\" href=\"#in-content-skip-link-target-v-0-0\">Artikel weiterlesen<\/a><\/p>\n<p><b>\u201eHeute haben wir mal einen sp\u00e4ten Nackenschlag verteilt.\u201c St. Paulis Routinier Hauke Wahl (31) konnte seine Freude nicht verbergen \u00fcber das sp\u00e4te 1:1 seiner Kiez-Kicker gegen Champions-League-Kandidat RB Leipzig. Zuletzt in Wolfsburg (1:2) und in Dortmund (2:3) war es noch genau umgekehrt. Riesen-Jubel am Millerntor, als Martijn Kaars in der dritten Minute der Nachspielzeit den selbst herausgeholten Foulelfmeter verwandelte. Mega-wichtig im Abstiegskampf.<\/b><\/p>\n<p>St. Pauli feiert Hoffnungs-Punkt<\/p>\n<p>Der Last-Minute-Torsch\u00fctze verriet: \u201eEric Smith wollte eigentlich schie\u00dfen, aber dann hat er mir den Ball gegeben. Dann kam Jackson Irvine und sagte, dass ich schie\u00dfen soll. Aber es gab keine Diskussionen. Ich hab\u2018 schon vor drei, vier Wochen entschieden, wohin ich den ersten Elfer schie\u00dfe.\u201c Und zur Elfer-Szene, als er von David Raum getroffen wurde: \u201eEr ist gerutscht, hat mich voll ber\u00fchrt. Darauf hatte ich gehofft.\u201c<\/p>\n<p>36,1 km\/h!: Der schnellste Sprint der Bundesliga<a class=\"anchor video-teaser__anchor\" href=\"https:\/\/www.bild.de\/sport\/fussball\/36-1-km-h-der-schnellste-sprint-der-bundesliga-69750a434fa83c6e68bb3afa\" rel=\"nofollow noopener\" target=\"_blank\"><img decoding=\"async\" width=\"992\" height=\"558\" alt=\"\" src=\"https:\/\/www.europesays.com\/de\/wp-content\/uploads\/2026\/01\/fedce3d06eba074d9be03e758fadf8c9-landscape,7d4b154a.jpeg\"   class=\"landscape teaser__image\" loading=\"lazy\"\/><\/a><\/p>\n<p>Quelle: DFL26.01.2026<\/p>\n<p>Ein Elfmeter-Tor, das Chef-Trainer Alexander Blessin (52), der mit der Einwechslung von Kaars ein goldenes H\u00e4ndchen bewies, gar nicht sah. Der Coach direkt nach Abpfiff: \u201eEr war schon als Elfmeter-Sch\u00fctze vorgesehen, wer sich halt gerade gut f\u00fchlt. Aber ich hab\u2018 gar nicht hingeguckt. Ich wei\u00df nicht, in welche Ecke er geschossen hat. Heute habe ich das Gef\u00fchl gehabt, ich muss zum Publikum gucken.\u201c<\/p>\n<p>Der Hoffnungs-Punkt f\u00fcr St. Pauli war jedenfalls alles andere als unverdient. Bereits in der ersten H\u00e4lfte h\u00e4tte Turbo-St\u00fcrmer Ricky-Jade Jones bei drei Gelegenheiten ein Tor erzielen k\u00f6nnen. Blessin: \u201eWir h\u00e4tten uns noch mehr belohnen k\u00f6nnen. Aber in Summe haben wir bravour\u00f6s gek\u00e4mpft und den Punkt verdient mitgenommen.\u201c<\/p>\n<p>Mehr zum Thema<\/p>\n<p>Ein gef\u00fchlter Sieg? So sah es der in der zweiten Halbzeit ins Spiel gekommene Kapit\u00e4n Jackson Irvine (32) nicht: \u201eNein, ein gef\u00fchlter Sieg war es nicht. Aber wir haben wirklich leidenschaftlich bis zum Schluss gefightet. Deshalb gehen wir mit einem positiven Gef\u00fchl hier raus. Aber in jedem Spiel geht es weiter um Leben oder Tod f\u00fcr uns.\u201c<\/p>\n","protected":false},"excerpt":{"rendered":"TTS-Player \u00fcberspringen\u21b5Artikel weiterlesen \u201eHeute haben wir mal einen sp\u00e4ten Nackenschlag verteilt.\u201c St. Paulis Routinier Hauke Wahl (31) konnte&hellip;\n","protected":false},"author":2,"featured_media":751850,"comment_status":"","ping_status":"","sticky":false,"template":"","format":"standard","meta":{"footnotes":"","_share_on_mastodon":"0"},"categories":[1832],"tags":[34459,34458,3364,29,538,459,30,44647,71,859,542,45],"class_list":["post-751849","post","type-post","status-publish","format-standard","has-post-thumbnail","category-leipzig","tag-blessin-alexander","tag-bornemann-andreas","tag-de","tag-deutschland","tag-erste-bundesliga","tag-fc-st-pauli","tag-germany","tag-irvine-jackson","tag-leipzig","tag-sachsen","tag-sport-leuchtturm-hamburg","tag-texttospeech"],"share_on_mastodon":{"url":"https:\/\/pubeurope.com\/@de\/115969512298705572","error":""},"_links":{"self":[{"href":"https:\/\/www.europesays.com\/de\/wp-json\/wp\/v2\/posts\/751849","targetHints":{"allow":["GET"]}}],"collection":[{"href":"https:\/\/www.europesays.com\/de\/wp-json\/wp\/v2\/posts"}],"about":[{"href":"https:\/\/www.europesays.com\/de\/wp-json\/wp\/v2\/types\/post"}],"author":[{"embeddable":true,"href":"https:\/\/www.europesays.com\/de\/wp-json\/wp\/v2\/users\/2"}],"replies":[{"embeddable":true,"href":"https:\/\/www.europesays.com\/de\/wp-json\/wp\/v2\/comments?post=751849"}],"version-history":[{"count":0,"href":"https:\/\/www.europesays.com\/de\/wp-json\/wp\/v2\/posts\/751849\/revisions"}],"wp:featuredmedia":[{"embeddable":true,"href":"https:\/\/www.europesays.com\/de\/wp-json\/wp\/v2\/media\/751850"}],"wp:attachment":[{"href":"https:\/\/www.europesays.com\/de\/wp-json\/wp\/v2\/media?parent=751849"}],"wp:term":[{"taxonomy":"category","embeddable":true,"href":"https:\/\/www.europesays.com\/de\/wp-json\/wp\/v2\/categories?post=751849"},{"taxonomy":"post_tag","embeddable":true,"href":"https:\/\/www.europesays.com\/de\/wp-json\/wp\/v2\/tags?post=751849"}],"curies":[{"name":"wp","href":"https:\/\/api.w.org\/{rel}","templated":true}]}}