{"id":752037,"date":"2026-01-28T00:40:33","date_gmt":"2026-01-28T00:40:33","guid":{"rendered":"https:\/\/www.europesays.com\/de\/752037\/"},"modified":"2026-01-28T00:40:33","modified_gmt":"2026-01-28T00:40:33","slug":"tausende-freiwillige-testen-neuen-terminal-am-frankfurter-flughafen","status":"publish","type":"post","link":"https:\/\/www.europesays.com\/de\/752037\/","title":{"rendered":"Tausende Freiwillige testen neuen Terminal am Frankfurter Flughafen"},"content":{"rendered":"<p>            <img loading=\"lazy\" decoding=\"async\" class=\"ts-image\" src=\"https:\/\/www.europesays.com\/de\/wp-content\/uploads\/2026\/01\/hr-zum-abflug-gehts-hier-entlang-100.jpg\" alt=\"Blauleuchtendes Schild: Abflug H, J\" title=\"Schwer zu \u00fcbersehen: Zum Abflug geht's hier entlang.  | picture alliance\/dpa | Andreas Arnold\"\/><\/p>\n<p class=\"metatextline\">Stand: 27.01.2026 18:02 Uhr<\/p>\n<p class=\"article-head__shorttext\">\n        <strong>Am Frankfurter Flughafen ist der Probebetrieb im neuen Passagier-Terminal 3 gestartet. Noch bis Mitte April sollen Tausende Freiwillige testen, ob Check-in, Sicherheitskontrolle und Boarding reibungslos klappen.<\/strong>\n    <\/p>\n<p class=\"textabsatz m-ten m-offset-one l-eight l-offset-two columns twelve\"><a href=\"https:\/\/www.hessenschau.de\/wirtschaft\/flughafen-frankfurt-terminal-3-wird-im-april-2026-eroeffnet-v5,terminal-drei-flughafen-100.html\" title=\"Knapp drei Monate vor dem Start \" class=\"textlink--extern\" target=\"_blank\" rel=\"noopener nofollow\">Knapp drei Monate vor dem Start <\/a>haben am Frankfurter Flughafen die Ablauftests f\u00fcr das neue Passagier-Terminal 3 begonnen. Bis zu 19 Millionen Flugg\u00e4ste sollen k\u00fcnftig pro Jahr von hier aus auf ihre Flugreisen gehen.<\/p>\n<p class=\"textabsatz m-ten m-offset-one l-eight l-offset-two columns twelve\">Damit alles reibungslos klappt, hat der Flughafenbetreiber Fraport \u00fcber eine Agentur 8.000 Komparsen angeheuert, um die Abl\u00e4ufe in dem rund vier Milliarden Euro teuren Geb\u00e4ude durchzuspielen.<\/p>\n<p class=\"textabsatz m-ten m-offset-one l-eight l-offset-two columns twelve\">Die ersten Fl\u00fcge sind f\u00fcr den 23. April geplant.<\/p>\n<p>    Alle Abl\u00e4ufe einer Flugreise im Test<\/p>\n<p class=\"textabsatz m-ten m-offset-one l-eight l-offset-two columns twelve\">In den mehr als 20 Testl\u00e4ufen geht es um die einzelnen Prozesse einer Flugreise bis zum Start. Entlang der sogenannten &#8222;Customer Journey&#8220; gibt es eine Vielzahl von Einzelschritten von der Ankunft \u00fcber das Einchecken, die Gep\u00e4ckaufgabe und Sicherheitskontrollen bis zum Flugsteig.<\/p>\n<p class=\"textabsatz m-ten m-offset-one l-eight l-offset-two columns twelve\">Die Komparsen werden auf verschiedene fiktive Fl\u00fcge verteilt, erhalten Gep\u00e4ckst\u00fccke und kleine Aufgaben zum Testen.<\/p>\n<p class=\"textabsatz m-ten m-offset-one l-eight l-offset-two columns twelve\">Tobias Reiter aus Rastatt soll beispielsweise ein Sportgewehr mit auf dem Flug nach Seoul nehmen. Der Versicherungskaufmann hat im Vielflieger-Forum von dem Testlauf gelesen.<\/p>\n<p class=\"textabsatz m-ten m-offset-one l-eight l-offset-two columns twelve\">Andere Testpersonen m\u00fcssen Sperrgep\u00e4ck aufgeben oder sich die Mehrwertsteuer f\u00fcr ihre in Deutschland gekauften Mitbringsel erstatten lassen. Am ersten Testtag wuselten mehr als 200 Freiwillige in gr\u00fcnen Westen durch die neuen Geb\u00e4ude.<\/p>\n<p class=\"textabsatz m-ten m-offset-one l-eight l-offset-two columns twelve\">F\u00fcr die Bundespolizei sind die Tests bereits der Ernstfall, denn die Schengen-Au\u00dfengrenze ist seit Wochen scharf gestellt. An einzelnen Tagen sollen bis zu 1.000 Testpersonen im Einsatz sein. Sie erhalten ein Lunchpaket und pro Stunde den gesetzlichen Mindestlohn von 13,90 Euro.<\/p>\n<p class=\"absatzbild__info__text\">\n                        Zum Beginn des Testbetriebs nehmen Komparsen ihre Koffer in Empfang um damit den simulierten Check-In zu durchlaufen.\n                    <\/p>\n<p class=\"textabsatz m-ten m-offset-one l-eight l-offset-two columns twelve\">Noch mehr als bislang m\u00fcssen sich Passagiere ab April vorab informieren, an welchem Terminal ihr Flug startet oder ankommt. Vor allem mit dem Auto kann viel Zeit verloren gehen, wenn man zum falschen Terminal anreist oder Abholer dorthin bestellt. Denn w\u00e4hrend das Terminal 1 \u00fcber Abfahrten an der Autobahn A3 erreichbar ist, f\u00fchrt der Weg zum neuen Geb\u00e4ude \u00fcber die Autobahn A5.<\/p>\n<p class=\"textabsatz m-ten m-offset-one l-eight l-offset-two columns twelve\">Die beiden Terminals sind mit der flughafeneigenen &#8222;Sky Line-Bahn&#8220; verbunden.<\/p>\n<p>    Terminal 2 wird saniert<\/p>\n<p class=\"textabsatz m-ten m-offset-one l-eight l-offset-two columns twelve\">Bis zum Sommer sollen in vier Wellen die Fluggesellschaften in das Terminal 3 umziehen, die bislang am sanierungsbed\u00fcrftigen Terminal 2 beheimatet waren. Es handelt sich im Wesentlichen um Airlines der B\u00fcndnisse um British Airways und Air France-KLM sowie die arabischen Anbieter Etihad und Emirates.<\/p>\n<p class=\"textabsatz m-ten m-offset-one l-eight l-offset-two columns twelve\">Die Gesellschaften des Lufthansa-B\u00fcndnisses Star Alliance bleiben im Terminal 1.<\/p>\n<p class=\"textabsatz m-ten m-offset-one l-eight l-offset-two columns twelve\">Sobald alle Gesellschaften das Terminal 2 verlassen haben, schlie\u00dft Fraport dieses 1993 in Betrieb genommene Geb\u00e4ude f\u00fcr eine umfassende Sanierung. Eine exakte Planung liegt nicht vor und eilt auch nicht, weil mit dem neuen T3 die Geb\u00e4udekapazit\u00e4ten nach der Corona-Delle noch lange Jahre ausreichen d\u00fcrften. Fraport-Chef Stefan Schulte hat mehrfach erkl\u00e4rt, dass dort Erweiterungsfl\u00e4chen f\u00fcr die Lufthansa und ihre Partner entstehen k\u00f6nnten.<\/p>\n<p>                                        <a class=\"backlink__link\" href=\"https:\/\/www.hessenschau.de\/wirtschaft\/8000-komparsen-testen-neues-terminal-3-in-frankfurt-v2,probebetrieb-terminal-104.html\" rel=\"nofollow noopener\" target=\"_blank\"><\/p>\n<p>                                                <img decoding=\"async\" src=\"https:\/\/images.tagesschau.de\/image\/d5dbef2b-a561-4a5d-8a3f-af75f4c80994\/AAABlap_bik\/AAABmyZDc0k\/original\/lra-hr-logo-100.svg\" alt=\"Hessischer Rundfunk\"\/><\/p>\n<p>                                        <\/a><\/p>\n","protected":false},"excerpt":{"rendered":"Stand: 27.01.2026 18:02 Uhr Am Frankfurter Flughafen ist der Probebetrieb im neuen Passagier-Terminal 3 gestartet. Noch bis Mitte&hellip;\n","protected":false},"author":2,"featured_media":752038,"comment_status":"","ping_status":"","sticky":false,"template":"","format":"standard","meta":{"footnotes":"","_share_on_mastodon":"0"},"categories":[134],"tags":[175,170,169,29,3089,30,171,174,29666,173,172],"class_list":["post-752037","post","type-post","status-publish","format-standard","has-post-thumbnail","category-unternehmen-maerkte","tag-business","tag-companies","tag-companies-markets","tag-deutschland","tag-flughafen-frankfurt","tag-germany","tag-markets","tag-maerkte","tag-proben","tag-unternehmen","tag-unternehmen-maerkte"],"share_on_mastodon":{"url":"https:\/\/pubeurope.com\/@de\/115969944896860213","error":""},"_links":{"self":[{"href":"https:\/\/www.europesays.com\/de\/wp-json\/wp\/v2\/posts\/752037","targetHints":{"allow":["GET"]}}],"collection":[{"href":"https:\/\/www.europesays.com\/de\/wp-json\/wp\/v2\/posts"}],"about":[{"href":"https:\/\/www.europesays.com\/de\/wp-json\/wp\/v2\/types\/post"}],"author":[{"embeddable":true,"href":"https:\/\/www.europesays.com\/de\/wp-json\/wp\/v2\/users\/2"}],"replies":[{"embeddable":true,"href":"https:\/\/www.europesays.com\/de\/wp-json\/wp\/v2\/comments?post=752037"}],"version-history":[{"count":0,"href":"https:\/\/www.europesays.com\/de\/wp-json\/wp\/v2\/posts\/752037\/revisions"}],"wp:featuredmedia":[{"embeddable":true,"href":"https:\/\/www.europesays.com\/de\/wp-json\/wp\/v2\/media\/752038"}],"wp:attachment":[{"href":"https:\/\/www.europesays.com\/de\/wp-json\/wp\/v2\/media?parent=752037"}],"wp:term":[{"taxonomy":"category","embeddable":true,"href":"https:\/\/www.europesays.com\/de\/wp-json\/wp\/v2\/categories?post=752037"},{"taxonomy":"post_tag","embeddable":true,"href":"https:\/\/www.europesays.com\/de\/wp-json\/wp\/v2\/tags?post=752037"}],"curies":[{"name":"wp","href":"https:\/\/api.w.org\/{rel}","templated":true}]}}