{"id":752059,"date":"2026-01-28T00:55:12","date_gmt":"2026-01-28T00:55:12","guid":{"rendered":"https:\/\/www.europesays.com\/de\/752059\/"},"modified":"2026-01-28T00:55:12","modified_gmt":"2026-01-28T00:55:12","slug":"mannheim-ludwigshafen-gemeinsam-wachsen-zukunft-bewegen-neuer-vorstand-der-wirtschaftsjunioren-tritt-fuer-2026-an","status":"publish","type":"post","link":"https:\/\/www.europesays.com\/de\/752059\/","title":{"rendered":"Mannheim Ludwigshafen &#8211; \u201eGemeinsam wachsen. Zukunft bewegen.\u201c: Neuer Vorstand der Wirtschaftsjunioren tritt f\u00fcr 2026 an"},"content":{"rendered":"<p><img loading=\"lazy\" decoding=\"async\" src=\"https:\/\/www.europesays.com\/de\/wp-content\/uploads\/2026\/01\/Vorstand-2026-Wirtschaftsjunioren-MaLu-scaled.jpg\" alt=\"Vorstand 2026 Wirtschaftsjunioren MaLu\" width=\"2560\" height=\"1707\" class=\"aligncenter size-full wp-image-621232\"  \/><br \/>Mannheim\/Ludwigshafen\/Metropolregion Rhein-Neckar \u2013 Die Mitgliederversammlung der Wirtschaftsjunioren Mannheim-Ludwigshafen e. V. hat am 22.<br \/>Januar 2026 einen neuen Vorstand gew\u00e4hlt.<\/p>\n<p>Dario Votta (VoCo-Tel) tritt in die Fu\u00dfstapfen des Kreissprechers Peter Kast (John Deere GmbH &amp; Co.<br \/>KG), der dem Vorstand als Immediate Past President f\u00fcr ein weiteres Jahr erhalten bleibt. Gleichzeitig<br \/>\u00fcbernimmt Votta auch die Leitung des Arbeitskreises International. Den Vorstand bilden zudem drei<br \/>weitere Arbeitskreisleiter und die Schatzmeisterin Stefanie Kopf (VVR Bank Kur- und Rheinpfalz eG).<\/p>\n<p>Die Arbeitskreisleitung \u201eKritisches Engagement in der Politik\u201c \u00fcbernimmt in diesem Jahr Andreas<br \/>Cramer (Mannheimer Versicherung AG). Julian Seidel (deine.energy GmbH) nimmt sich der Themen<br \/>Unternehmensf\u00fchrung und Organisation in dem gleichnamigen Arbeitskreis an. Julius H\u00f6ltershinken<br \/>(Peek &amp; Cloppenburg B. V. &amp; Co. KG) widmet sich in seinem Arbeitskreis \u201eBildung und Wirtschaft\u201c der<br \/>Verbindung der Wirtschaft mit dem Bildungssektor.<\/p>\n<p>\u201eWir m\u00f6chten die Gemeinschaft der Wirtschaftsjuniorinnen und -junioren st\u00e4rken und weiter<br \/>qualitativ wachsen\u201c, fasst Jungunternehmer Votta seine Arbeitsschwerpunkte f\u00fcr 2026 zusammen.<br \/>Sein Jahresmotto \u201eGemeinsam wachsen. Zukunft bewegen.\u201c spiegelt dies wider.<\/p>\n<p>Besondere Ehre wurde in der Versammlung Dr. Axel Nitschke zuteil. Der Hauptgesch\u00e4ftsf\u00fchrer der<br \/>Industrie- und Handelskammer (IHK) Rhein-Neckar erhielt die Goldene Juniorennadel des<br \/>Dachverbands Wirtschaftsjunioren Deutschland. Sie wird als Auszeichnung f\u00fcr au\u00dfergew\u00f6hnliches<br \/>\u00fcberregionales Engagement verliehen. Neben seiner langj\u00e4hrigen Unterst\u00fctzung der<br \/>Wirtschaftsjuniorenkreise Mannheim-Ludwigshafen sowie auch Heidelberg, wurde damit auch seine<br \/>fr\u00fchere T\u00e4tigkeit bei der Deutschen Industrie- und Handelskammer in Berlin f\u00fcr die<br \/>Wirtschaftsjunioren Deutschland honoriert.<\/p>\n<p>Der aus L\u00fcneburg angereiste Bundesvorsitzende Heiko K\u00f6sling schloss die Versammlung mit einem<br \/>Bekenntnis zur freiheitlich-demokratischen Grundordnung. Diese sei nicht zuletzt das Fundament<br \/>unseres Wirtschaftslebens. Eine Zusammenarbeit mit Akteuren und Organisationen, die sie<br \/>missbilligten oder in Frage stellten, gelte es stets abzulehnen, so K\u00f6sling.<\/p>\n<p>Die Wirtschaftsjunioren Mannheim-Ludwigshafen e. V. sind ein Netzwerk junger Unternehmerinnen<br \/>und Unternehmer sowie F\u00fchrungskr\u00e4fte im Alter bis 40 Jahre. Sie kommen aus allen Branchen der<br \/>Wirtschaft der beiden IHK-Bezirke Rhein-Neckar und Pfalz. Weitere Informationen und kommende<br \/>Veranstaltungen unter www.wirtschaftsjunioren.org.<\/p>\n<p>Bild: Daniel Hamm (Hamm Media), v. l. n. r.: Kreisbetreuer Kai von Linden, Andreas Cramer, Dario<br \/>Votta, Stefanie Kopf, Julian Seidel, Kreisbetreuerin Regina Ellenbracht, Peter Kast, Julius<br \/>H\u00f6ltershinken.<\/p>\n<p>Quelle: IHK <\/p>\n<p class=\"post-modified-info\">Zuletzt aktualisiert am 27. Januar 2026, 21:41<\/p>\n","protected":false},"excerpt":{"rendered":"Mannheim\/Ludwigshafen\/Metropolregion Rhein-Neckar \u2013 Die Mitgliederversammlung der Wirtschaftsjunioren Mannheim-Ludwigshafen e. V. hat am 22.Januar 2026 einen neuen Vorstand gew\u00e4hlt.&hellip;\n","protected":false},"author":2,"featured_media":752060,"comment_status":"","ping_status":"","sticky":false,"template":"","format":"standard","meta":{"footnotes":"","_share_on_mastodon":"0"},"categories":[1845],"tags":[58002,1634,2294,296,752,28219,3364,29,14967,548,663,3934,30,13,2476,5665,54,259,25476,2096,25488,25489,14,14480,4785,15,9860,16935,5206,28951,12,13597,27822,72387,1250,5962,1031,1889,2421],"class_list":["post-752059","post","type-post","status-publish","format-standard","has-post-thumbnail","category-mannheim","tag-40-jahre","tag-baden-wuerttemberg","tag-bank","tag-berlin","tag-bildung","tag-branchen","tag-de","tag-deutschland","tag-engagement","tag-eu","tag-europa","tag-europe","tag-germany","tag-headlines","tag-heidelberg","tag-ihk","tag-industrie","tag-informationen","tag-ludwigshafen","tag-mannheim","tag-metropolregion","tag-metropolregion-rhein-neckar","tag-nachrichten","tag-neckar","tag-netzwerk","tag-news","tag-organisation","tag-pfalz","tag-rhein","tag-rhein-neckar","tag-schlagzeilen","tag-schloss","tag-unternehmer","tag-unternehmerinnen","tag-unterstuetzung","tag-versammlung","tag-vorstand","tag-zukunft","tag-zusammenarbeit"],"share_on_mastodon":{"url":"","error":"Validation failed: Text character limit of 500 exceeded"},"_links":{"self":[{"href":"https:\/\/www.europesays.com\/de\/wp-json\/wp\/v2\/posts\/752059","targetHints":{"allow":["GET"]}}],"collection":[{"href":"https:\/\/www.europesays.com\/de\/wp-json\/wp\/v2\/posts"}],"about":[{"href":"https:\/\/www.europesays.com\/de\/wp-json\/wp\/v2\/types\/post"}],"author":[{"embeddable":true,"href":"https:\/\/www.europesays.com\/de\/wp-json\/wp\/v2\/users\/2"}],"replies":[{"embeddable":true,"href":"https:\/\/www.europesays.com\/de\/wp-json\/wp\/v2\/comments?post=752059"}],"version-history":[{"count":0,"href":"https:\/\/www.europesays.com\/de\/wp-json\/wp\/v2\/posts\/752059\/revisions"}],"wp:featuredmedia":[{"embeddable":true,"href":"https:\/\/www.europesays.com\/de\/wp-json\/wp\/v2\/media\/752060"}],"wp:attachment":[{"href":"https:\/\/www.europesays.com\/de\/wp-json\/wp\/v2\/media?parent=752059"}],"wp:term":[{"taxonomy":"category","embeddable":true,"href":"https:\/\/www.europesays.com\/de\/wp-json\/wp\/v2\/categories?post=752059"},{"taxonomy":"post_tag","embeddable":true,"href":"https:\/\/www.europesays.com\/de\/wp-json\/wp\/v2\/tags?post=752059"}],"curies":[{"name":"wp","href":"https:\/\/api.w.org\/{rel}","templated":true}]}}