{"id":752655,"date":"2026-01-28T06:42:15","date_gmt":"2026-01-28T06:42:15","guid":{"rendered":"https:\/\/www.europesays.com\/de\/752655\/"},"modified":"2026-01-28T06:42:15","modified_gmt":"2026-01-28T06:42:15","slug":"bonner-nordbruecke-swb-passt-buslinien-an","status":"publish","type":"post","link":"https:\/\/www.europesays.com\/de\/752655\/","title":{"rendered":"Bonner Nordbr\u00fccke: SWB passt Buslinien an"},"content":{"rendered":"<p>Denn Linienbusse d\u00fcrfen dann ja auch nicht mehr \u00fcber die Autobahnbr\u00fccke fahren. Nur f\u00fcr Schulbusse gibt es eine Ausnahme bis zu den Sommerferien. Die Umleitungen betreffen den SB60, das ist der Flughafenbus, und die 550 vom Bonner Hauptbahnhof nach K\u00f6ln-Wahn. Bei beiden Linien fallen Haltestellen weg. Wie lange diese Sperrung dauert, ist unklar &#8211; Stand jetzt: bis zum Bau einer neuen Nordbr\u00fccke.<\/p>\n<p>Bonner Abgeordneter Streeck will schnelle L\u00f6sung<\/p>\n<p>Denn der Bonner Bundestagsabgeordnete Hendrik Streeck hat bei der Autobahn GmbH nachgefragt. Die gab an, Br\u00fcckenexperten suchten gerade nach L\u00f6sungen, die Nordbr\u00fccke zu verst\u00e4rken. Ob das aber m\u00f6glich ist, ist noch ungewiss. Auch mit Bundesverkehrsminister Schnieder hat Streeck gesprochen. Der sicherte dem Bonner Bundestagsabgeordneten zu, dass die Planung und der Neubau der Br\u00fccke h\u00f6chste Priorit\u00e4t h\u00e4tten. <\/p>\n<p>Das sind die Regelungen f\u00fcr Busse <\/p>\n<p>Weil die Friedrich-Ebert-Br\u00fccke (Nordbr\u00fccke) ab Montag, 9. Februar, f\u00fcr Fahrzeuge mit einem zul\u00e4ssigen Gesamtgewicht von mehr als 7,5 Tonnen gesperrt wird, m\u00fcssen die Buslinien SB60 (Flughafenbus), 550 sowie die Schulbuslinien 595 und 552 (RSVG) Umleitungen fahren. Aufgrund der ge\u00e4nderten Streckenf\u00fchrung k\u00f6nnen einzelne Haltestellen sowie wichtige Einstiegspunkte NICHT angefahren werden.<\/p>\n<p>Die Haltestellen<\/p>\n<p>In Fahrtrichtung Flughafen K\u00f6ln\/Bonn k\u00f6nnen die Haltestellen \u201eMozartstra\u00dfe\u201c, \u201eFrankenbad\/Kunstverein\u201c, \u201eInnenministerium\u201c sowie \u201eBeethovenhalle\/SWB\u201c von der <strong>SB60<\/strong> nicht bedient werden.<\/p>\n<p>Die Haltestellen de<strong>r Linie 550<\/strong> \u201eStadthaus\u201c, \u201eHeerstra\u00dfe\u201c, \u201eFrankenbad\/ Kunstverein\u201c, Chlodwigplatz\u201c, \u201eLVR-Klinik\u201c, \u201eInnenministerium\u201c, \u201eRosental\u201c und \u201eWilhelmsplatz\u201c entfallen. In Fahrtrichtung K\u00f6ln k\u00f6nnen Fahrg\u00e4ste alternativ die Haltestellen \u201eFriedensplatz\u201c, \u201eBertha-von-Suttner-Platz\u201c und \u201eHauptbahnhof\/ZOB\u201c nutzen. In Fahrtrichtung Hauptbahnhof\/ZOB k\u00f6nnen Fahrg\u00e4ste die Haltestelle \u201eStiftsplatz\u201c nehmen.<\/p>\n<p>In Fahrtrichtung Flughafen K\u00f6ln\/Bonn f\u00e4hrt die Linie SB60 ab \u201eHauptbahnhof\/ZOB\u201c ohne Zwischenhalt. Die Route des Flughafenbusses kann je nach Verkehrslage variieren. In entgegengesetzter Fahrtrichtung ab Flughafen (Bonn Hauptbahnhof) h\u00e4lt die SB60 weiterhin an den Haltestellen \u201eBr\u00fcdergasse\/Bertha-von-Suttner-Platz\u201c und \u201eMarkt\u201c.<\/p>\n<p>Die Umleitungen im Einzelnen<\/p>\n<p><strong>Linie 550:<\/strong> In Fahrtrichtung K\u00f6ln-Porz-Wahn f\u00e4hrt die Linie 550 ab der Haltestelle \u201eFriedensplatz\u201c \u00fcber die Kasernenstra\u00dfe und Oxfordstra\u00dfe zur Haltestelle \u201eBertha-von-Suttner-Platz\u201c. Danach nimmt sie den Weg \u00fcber die Kennedybr\u00fccke zur Haltestelle \u201eKonrad-Adenauer-Platz\u201c. Von dort geht es weiter \u00fcber die Niederkasseler Stra\u00dfe zur Haltestelle \u201eSiegaue\u201c und weiter auf dem Linienweg.<\/p>\n<p>In Fahrtrichtung Hauptbahnhof\/ZOB fahren Busse der Linie 550 ab der Haltestelle \u201eSiegaue\u201c \u00fcber die Niederkasseler Stra\u00dfe zur Haltestelle \u201eKonrad-Adenauer-Platz&#8220;, dann weiter \u00fcber die Kennedybr\u00fccke zur Haltestelle \u201eBertha-von-Suttner-Platz\u201c. Danach geht es \u00fcber die K\u00f6lnstra\u00dfe zur Haltestelle \u201eStiftsplatz\u201c und weiter auf dem regul\u00e4ren Linienweg. Auf dem Umleitungsweg macht die Linie 550 zus\u00e4tzlich an den Haltestellen \u201eBertha-von-Suttner-Platz\u201c, \u201eKonrad-Adenauer-Platz\u201c, \u201eAm K\u00f6ppekreuz\u201c und \u201eStiftsstra\u00dfe\u201c Halt.<\/p>\n<p><strong>Schulbuslinien 595 und 552 (RSVG)<\/strong>: Die Busse der Schulbuslinie 595 sowie die Schulfahrten der Linie 552 d\u00fcrfen auf Grundlage einer tempor\u00e4ren Ausnahmeregelung voraussichtlich bis zum Ende des Schuljahres 2025\/2026 weiterhin die Nordbr\u00fccke befahren.<\/p>\n","protected":false},"excerpt":{"rendered":"Denn Linienbusse d\u00fcrfen dann ja auch nicht mehr \u00fcber die Autobahnbr\u00fccke fahren. Nur f\u00fcr Schulbusse gibt es eine&hellip;\n","protected":false},"author":2,"featured_media":644358,"comment_status":"","ping_status":"","sticky":false,"template":"","format":"standard","meta":{"footnotes":"","_share_on_mastodon":"0"},"categories":[1842],"tags":[57190,79162,1741,97543,3364,29,30,69129,1209],"class_list":["post-752655","post","type-post","status-publish","format-standard","has-post-thumbnail","category-bonn","tag-nordbrcke","tag-swb","tag-bonn","tag-buslinien","tag-de","tag-deutschland","tag-germany","tag-hendrik-streeck","tag-nordrhein-westfalen"],"share_on_mastodon":{"url":"https:\/\/pubeurope.com\/@de\/115971368221449516","error":""},"_links":{"self":[{"href":"https:\/\/www.europesays.com\/de\/wp-json\/wp\/v2\/posts\/752655","targetHints":{"allow":["GET"]}}],"collection":[{"href":"https:\/\/www.europesays.com\/de\/wp-json\/wp\/v2\/posts"}],"about":[{"href":"https:\/\/www.europesays.com\/de\/wp-json\/wp\/v2\/types\/post"}],"author":[{"embeddable":true,"href":"https:\/\/www.europesays.com\/de\/wp-json\/wp\/v2\/users\/2"}],"replies":[{"embeddable":true,"href":"https:\/\/www.europesays.com\/de\/wp-json\/wp\/v2\/comments?post=752655"}],"version-history":[{"count":0,"href":"https:\/\/www.europesays.com\/de\/wp-json\/wp\/v2\/posts\/752655\/revisions"}],"wp:featuredmedia":[{"embeddable":true,"href":"https:\/\/www.europesays.com\/de\/wp-json\/wp\/v2\/media\/644358"}],"wp:attachment":[{"href":"https:\/\/www.europesays.com\/de\/wp-json\/wp\/v2\/media?parent=752655"}],"wp:term":[{"taxonomy":"category","embeddable":true,"href":"https:\/\/www.europesays.com\/de\/wp-json\/wp\/v2\/categories?post=752655"},{"taxonomy":"post_tag","embeddable":true,"href":"https:\/\/www.europesays.com\/de\/wp-json\/wp\/v2\/tags?post=752655"}],"curies":[{"name":"wp","href":"https:\/\/api.w.org\/{rel}","templated":true}]}}