{"id":752715,"date":"2026-01-28T07:19:12","date_gmt":"2026-01-28T07:19:12","guid":{"rendered":"https:\/\/www.europesays.com\/de\/752715\/"},"modified":"2026-01-28T07:19:12","modified_gmt":"2026-01-28T07:19:12","slug":"brand-im-juedischen-krankenhaus-berlin-verletzt-mehrere-menschen","status":"publish","type":"post","link":"https:\/\/www.europesays.com\/de\/752715\/","title":{"rendered":"Brand im J\u00fcdischen Krankenhaus Berlin verletzt mehrere Menschen"},"content":{"rendered":"<p>Hinweis auf politisches Motiv Brand im J\u00fcdischen Krankenhaus verletzt mehrere Menschen<\/p>\n<p>28.01.2026, 08:12 Uhr <\/p>\n<p>Artikel anh\u00f6ren(01:27 min)<\/p>\n<p><img decoding=\"async\" class=\"Image_img__fQCi0 Image_Img_16_9__4BLfH widget-picture-inline_maximizable__t_E7h\" loading=\"eager\" fetchpriority=\"high\" src=\"https:\/\/www.europesays.com\/de\/wp-content\/uploads\/2026\/01\/Themenbild-Einsatzfahrzeug-der-Freiwilligen-Feuerwehr-15-12-2024-Einsatzfahrzeug-der-Feuerwehr-mit-a.webp\" alt=\"Themenbild-Einsatzfahrzeug-der-Freiwilligen-Feuerwehr-15-12-2024-Einsatzfahrzeug-der-Feuerwehr-mit-angeschalteten-Blaulicht\"\/>Kurz vor Mitternacht kam es zu starker Qualmentwicklung, teilt die Polizei mit. (Foto: picture alliance \/ Eibner-Pressefoto)TeilenFolgen auf:<a href=\"https:\/\/www.whatsapp.com\/channel\/0029Va5cdVJD8SDp5YZgYF01\" title=\"Auf WhatsApp folgen\" target=\"_blank\" rel=\"nofollow noopener\"><img decoding=\"async\" src=\"https:\/\/www.n-tv.de\/socialIcons\/whatsapp.svg\" alt=\"whatsapp\" class=\"ArticleShare_icon__FsrC2\"\/><\/a><a href=\"https:\/\/news.google.com\/publications\/CAAiEPMdif5mpRNxiLOeUpHCwwsqFAgKIhDzHYn-ZqUTcYiznlKRwsML?hl=de&amp;gl=DE&amp;ceid=DE%3Ade\" title=\"Auf Google News folgen\" target=\"_blank\" rel=\"nofollow noopener\"><img decoding=\"async\" src=\"https:\/\/www.n-tv.de\/socialIcons\/google.svg\" alt=\"whatsapp\" class=\"ArticleShare_icon__FsrC2\"\/><\/a><\/p>\n<p class=\"Typography_text-m__XI0da Typography_weight-bold__uT6mq storyline_lead_text_leadtext__q_wg8\">In der Nacht bricht im J\u00fcdischen Krankenhaus in Berlin ein Feuer aus. Handelt es sich um einen Brandanschlag? Die Polizei schlie\u00dft es nicht aus und nimmt einen verd\u00e4chtigen Patienten fest. <\/p>\n<p class=\"Typography_text-default__P3otY Typography_weight-normal__pqUbH storyline_paragraph_p__qSR5N\">Der Polizei liegen nach einem Feuer im J\u00fcdischen Krankenhaus in Berlin Hinweise auf ein m\u00f6gliches politisches Motiv vor. Laut Angaben der Ermittler wurde ein 71-j\u00e4hriger Patient festgenommen, der in einem Zimmer der Klinik im Stadtteil Gesundbrunnen einen Gegenstand angez\u00fcndet und damit den Brand verursacht haben soll, bei dem mehrere Menschen verletzt wurden. Die Ermittlungen zum Motiv seien aber nicht abgeschlossen, sagte ein Sprecher des Lagezentrums.<\/p>\n<p class=\"Typography_text-default__P3otY Typography_weight-normal__pqUbH storyline_paragraph_p__qSR5N\">Zuvor hatte die Polizei mitgeteilt, dass kurz vor Mitternacht eine Matratze in einem Zimmer der Klinik in Brand geraten sei. Dadurch kam es zu einer starken Qualmentwicklung. Zun\u00e4chst hatte die Polizei von drei Einsatzkr\u00e4ften und f\u00fcnf Mitarbeitern des Krankenhauses gesprochen, die durch Rauchgas verletzt worden seien. <\/p>\n<p class=\"Typography_text-default__P3otY Typography_weight-normal__pqUbH storyline_paragraph_p__qSR5N\">Am fr\u00fchen Morgen war von mehreren Verletzten die Rede, darunter zwei Einsatzkr\u00e4fte. Auch der Tatverd\u00e4chtige wurde demnach durch das Feuer verletzt. Der Brand konnte gel\u00f6scht werden, ohne dass das Krankenhaus evakuiert werden musste. Weitere Details zu dem Vorfall waren zun\u00e4chst nicht bekannt.<\/p>\n<p class=\"Typography_text-s__wu_cm Typography_weight-normal__pqUbH Typography_color-darkgrey__sZEnP article-detail-footer_source__KslPc\">Quelle: ntv.de, raf\/dpa<\/p>\n","protected":false},"excerpt":{"rendered":"Hinweis auf politisches Motiv Brand im J\u00fcdischen Krankenhaus verletzt mehrere Menschen 28.01.2026, 08:12 Uhr Artikel anh\u00f6ren(01:27 min) Kurz&hellip;\n","protected":false},"author":2,"featured_media":752716,"comment_status":"","ping_status":"","sticky":false,"template":"","format":"standard","meta":{"footnotes":"","_share_on_mastodon":"0"},"categories":[1825],"tags":[712,296,986,29,985,30,984,2119,3263],"class_list":["post-752715","post","type-post","status-publish","format-standard","has-post-thumbnail","category-berlin","tag-antisemitismus","tag-berlin","tag-braende","tag-deutschland","tag-feuerwehr","tag-germany","tag-international","tag-judentum","tag-krankenhaus"],"share_on_mastodon":{"url":"https:\/\/pubeurope.com\/@de\/115971513849370428","error":""},"_links":{"self":[{"href":"https:\/\/www.europesays.com\/de\/wp-json\/wp\/v2\/posts\/752715","targetHints":{"allow":["GET"]}}],"collection":[{"href":"https:\/\/www.europesays.com\/de\/wp-json\/wp\/v2\/posts"}],"about":[{"href":"https:\/\/www.europesays.com\/de\/wp-json\/wp\/v2\/types\/post"}],"author":[{"embeddable":true,"href":"https:\/\/www.europesays.com\/de\/wp-json\/wp\/v2\/users\/2"}],"replies":[{"embeddable":true,"href":"https:\/\/www.europesays.com\/de\/wp-json\/wp\/v2\/comments?post=752715"}],"version-history":[{"count":0,"href":"https:\/\/www.europesays.com\/de\/wp-json\/wp\/v2\/posts\/752715\/revisions"}],"wp:featuredmedia":[{"embeddable":true,"href":"https:\/\/www.europesays.com\/de\/wp-json\/wp\/v2\/media\/752716"}],"wp:attachment":[{"href":"https:\/\/www.europesays.com\/de\/wp-json\/wp\/v2\/media?parent=752715"}],"wp:term":[{"taxonomy":"category","embeddable":true,"href":"https:\/\/www.europesays.com\/de\/wp-json\/wp\/v2\/categories?post=752715"},{"taxonomy":"post_tag","embeddable":true,"href":"https:\/\/www.europesays.com\/de\/wp-json\/wp\/v2\/tags?post=752715"}],"curies":[{"name":"wp","href":"https:\/\/api.w.org\/{rel}","templated":true}]}}