{"id":753006,"date":"2026-01-28T10:09:13","date_gmt":"2026-01-28T10:09:13","guid":{"rendered":"https:\/\/www.europesays.com\/de\/753006\/"},"modified":"2026-01-28T10:09:13","modified_gmt":"2026-01-28T10:09:13","slug":"wirbel-um-kameras-gauff-und-swiatek-beklagen-beobachtung","status":"publish","type":"post","link":"https:\/\/www.europesays.com\/de\/753006\/","title":{"rendered":"Wirbel um Kameras \u2013 Gauff und Swiatek beklagen Beobachtung"},"content":{"rendered":"<p>&#8222;Sind wir Tiere im Zoo?&#8220; <\/p>\n<p>Tennis-Stars sauer: Wirbel um Kameras bei Australian Open<\/p>\n<p>Aktualisiert am 28.01.2026 &#8211; 10:57 UhrLesedauer: 2 Min.<\/p>\n<p><a href=\"#focus-0\" class=\"transition-colors duration-200 block text-current relative\" data-sctrack=\"FocusGalleryImage.Reference\"><img fetchpriority=\"high\" data-testid=\"Opener.Image\" style=\"--lqipURL:url('https:\/\/images.t-online.de\/2026\/01\/ZZTc8KexhJbY\/123x83:1605x903\/fit-in\/150x0\/filters:blur(25)\/image.jpg')\"   loading=\"eager\" src=\"https:\/\/www.europesays.com\/de\/wp-content\/uploads\/2026\/01\/1769594953_428_image.jpg\" alt=\"TENNIS-AUSOPEN\/\" title=\"TENNIS-AUSOPEN\/\" width=\"1605\" height=\"903\" class=\"bg-[url:var(--lqipURL)] bg-cover bg-center flex h-full w-full max-w-full\" decoding=\"async\"\/><img style=\"--width:32;--height:32\" loading=\"lazy\" src=\"https:\/\/www.t-online.de\/s\/paper\/_next\/static\/media\/zoom-in.f7dae02f.svg\" alt=\"Vergr\u00f6\u00dfern des Bildes\" title=\"Vergr\u00f6\u00dfern des Bildes\" class=\"block h-[calc(var(--height)_\/_16_*_1rem)] w-[calc(var(--width)_\/_16_*_1rem)] max-w-none absolute bottom-8 right-8 rounded-4 bg-snow p-8\" decoding=\"async\"\/><\/a><\/p>\n<p>Coco Gauff: Sie hatte an ihrer Niederlage im Viertelfinale der Australian Open schwer zu knabbern. (Quelle: Jaimi Joy\/reuters)<\/p>\n<p class=\"font-bold text-18 leading-17\">Gleich mehrere Spielerinnen werden w\u00e4hrend des Turniers in Melbourne bei privaten Momenten gefilmt. Nun beklagen sie die st\u00e4ndige Beobachtung.<\/p>\n<p class=\"text-18 leading-17\">Nach dem Ausraster von Coco Gauff im Anschluss an ihr Viertelfinal-Aus bei den <a class=\"transition-colors duration-200 cursor-pointer text-inherit no-underline text-salemsfur md:hover:text-magenta md:hover:border-magenta md:focus:text-magenta border-current border-b border-solid break-words\" href=\"https:\/\/www.t-online.de\/themen\/australian-open\/\" data-sctrack=\"BodyAnchor\" target=\"_blank\" rel=\"noopener\">Australian Open<\/a> ist in der Tennis-Szene eine Diskussion \u00fcber die Omnipr\u00e4senz von Kameras bei den Turnieren entbrannt. Die US-Amerikanerin lie\u00df nach dem Viertelfinal-Aus gegen Jelina Switolina ihrem \u00c4rger freien Lauf \u2013 und zertr\u00fcmmerte ihren Schl\u00e4ger in den Katakomben der Rod Laver Arena. Dass sie dabei von Kameras gefilmt wurde, brachte nun eine Diskussion ins Rollen, die \u00fcber das Ergebnis ihres Matches hinausreicht.<\/p>\n<p class=\"text-18 leading-17\">Dass die Szene, die sich nach dem deutlichen 1:6, 2:6 ereignete, auf Video festgehalten wurde, stie\u00df bei Gauff auf Unverst\u00e4ndnis. Sie sei bewusst auf der Suche nach einem Ort gewesen, an dem sie sich unbeobachtet glaubte. &#8222;Ich denke nicht, dass das n\u00f6tig ist&#8220;, sagte die Weltranglisten-Dritte \u00fcber die Kamera\u00fcberwachung. Sie wolle kein schlechtes Vorbild sein, vor allem nicht f\u00fcr Kinder. &#8222;Vielleicht sollten wir mal dar\u00fcber reden. Ich habe das Gef\u00fchl, dass bei diesem Turnier der einzige private Ort die Umkleidekabine ist.&#8220;<\/p>\n<p class=\"text-18 leading-17\">Auch Gauffs Kollegin Iga \u015awi\u0105tek \u00e4u\u00dferte sich kritisch. Auf den Vorfall angesprochen, stellte die Polin die grunds\u00e4tzliche Frage: &#8222;Die Frage ist: Sind wir Tennisspieler? Oder sind wir Tiere im Zoo?&#8220; Sie selbst sei ebenfalls betroffen gewesen, als Aufnahmen aus den Katakomben zeigten, dass sie beinahe ihre Akkreditierung vergessen h\u00e4tte. &#8222;Ich denke nicht, dass das so sein sollte. Wir sind gewohnt, auf dem Platz und in der Pressekonferenz beobachtet zu sein. Das ist unser Job&#8220;, sagte die sechsmalige Grand-Slam-Siegerin. Es geh\u00f6re aber nicht dazu, &#8222;zur Schau gestellt zu werden&#8220;, wenn man etwas Privates tue.<\/p>\n<p class=\"text-18 leading-17\">Unterst\u00fctzung erhielten beide auch von Tennis-Legende <a class=\"transition-colors duration-200 cursor-pointer text-inherit no-underline text-salemsfur md:hover:text-magenta md:hover:border-magenta md:focus:text-magenta border-current border-b border-solid break-words\" href=\"https:\/\/www.t-online.de\/themen\/serena-williams\/\" data-sctrack=\"BodyAnchor\" target=\"_blank\" rel=\"noopener\">Serena Williams<\/a>. Die fr\u00fchere Nummer eins der Welt schrieb auf <a class=\"transition-colors duration-200 cursor-pointer text-inherit no-underline text-salemsfur md:hover:text-magenta md:hover:border-magenta md:focus:text-magenta border-current border-b border-solid break-words\" href=\"https:\/\/www.t-online.de\/themen\/social-media\/\" data-sctrack=\"BodyAnchor\" target=\"_blank\" rel=\"noopener\">Social Media<\/a> in Richtung Gauff: &#8222;Nun, Coco, wenn du willst, zeige ich dir, wie du ihn in einem Versuch zerst\u00f6rst.&#8220; Denn Gauff hatte mehrfach auf den Boden schlagen m\u00fcssen, bis ihr Schl\u00e4ger schlie\u00dflich zerbrach.<\/p>\n","protected":false},"excerpt":{"rendered":"&#8222;Sind wir Tiere im Zoo?&#8220; Tennis-Stars sauer: Wirbel um Kameras bei Australian Open Aktualisiert am 28.01.2026 &#8211; 10:57&hellip;\n","protected":false},"author":2,"featured_media":753007,"comment_status":"","ping_status":"","sticky":false,"template":"","format":"standard","meta":{"footnotes":""},"categories":[136],"tags":[522,80520,59153,29,30,51061,81204,171842,265,5698],"class_list":{"0":"post-753006","1":"post","2":"type-post","3":"status-publish","4":"format-standard","5":"has-post-thumbnail","7":"category-sport","8":"tag-522","9":"tag-australian-open","10":"tag-coco-gauff","11":"tag-deutschland","12":"tag-germany","13":"tag-melbourne","14":"tag-rod-laver","15":"tag-serena-williams","16":"tag-sport","17":"tag-turnier"},"share_on_mastodon":{"url":"https:\/\/pubeurope.com\/@de\/115972182286589381","error":""},"_links":{"self":[{"href":"https:\/\/www.europesays.com\/de\/wp-json\/wp\/v2\/posts\/753006","targetHints":{"allow":["GET"]}}],"collection":[{"href":"https:\/\/www.europesays.com\/de\/wp-json\/wp\/v2\/posts"}],"about":[{"href":"https:\/\/www.europesays.com\/de\/wp-json\/wp\/v2\/types\/post"}],"author":[{"embeddable":true,"href":"https:\/\/www.europesays.com\/de\/wp-json\/wp\/v2\/users\/2"}],"replies":[{"embeddable":true,"href":"https:\/\/www.europesays.com\/de\/wp-json\/wp\/v2\/comments?post=753006"}],"version-history":[{"count":0,"href":"https:\/\/www.europesays.com\/de\/wp-json\/wp\/v2\/posts\/753006\/revisions"}],"wp:featuredmedia":[{"embeddable":true,"href":"https:\/\/www.europesays.com\/de\/wp-json\/wp\/v2\/media\/753007"}],"wp:attachment":[{"href":"https:\/\/www.europesays.com\/de\/wp-json\/wp\/v2\/media?parent=753006"}],"wp:term":[{"taxonomy":"category","embeddable":true,"href":"https:\/\/www.europesays.com\/de\/wp-json\/wp\/v2\/categories?post=753006"},{"taxonomy":"post_tag","embeddable":true,"href":"https:\/\/www.europesays.com\/de\/wp-json\/wp\/v2\/tags?post=753006"}],"curies":[{"name":"wp","href":"https:\/\/api.w.org\/{rel}","templated":true}]}}