{"id":753100,"date":"2026-01-28T10:59:12","date_gmt":"2026-01-28T10:59:12","guid":{"rendered":"https:\/\/www.europesays.com\/de\/753100\/"},"modified":"2026-01-28T10:59:12","modified_gmt":"2026-01-28T10:59:12","slug":"auf-spielplatz-in-essen-13-jaehriger-soll-rentner-toedlich-verletzt-haben-regional","status":"publish","type":"post","link":"https:\/\/www.europesays.com\/de\/753100\/","title":{"rendered":"Auf Spielplatz in Essen: 13-J\u00e4hriger soll Rentner t\u00f6dlich verletzt haben | Regional"},"content":{"rendered":"<p><a class=\"skip-content skip-content--link\" href=\"#in-content-skip-link-target-v-0-0\">TTS-Player \u00fcberspringen\u21b5<\/a><a id=\"in-content-skip-link-target-v-0-0\" class=\"skip-content--target-link-hidden skip-content skip-content--target-link\" href=\"#in-content-skip-link-target-v-0-0\">Artikel weiterlesen<\/a><\/p>\n<p>Essen (Nordrhein-Westfalen) \u2013 <b>Wo eigentlich Kinderlachen und unbeschwertes Spiel zu Hause sein sollten, f\u00fchrte eine banale Auseinandersetzung zu einer Trag\u00f6die. Nach der t\u00f6dlichen Attacke auf einen 80-j\u00e4hrigen Mann auf einem Spielplatz in Essen gibt es neue Erkenntnisse. Zun\u00e4chst ging die Polizei davon aus, dass der Rentner von einer Gruppe Jugendlicher angegriffen und durch einen Schlag schwer verletzt worden sei. Nach einer \u00d6ffentlichkeitsfahndung steht nun fest, dass der Angreifer ein einzelner Junge war \u2013 und erst 13 Jahre alt. <\/b><\/p>\n<p>Wie Polizeisprecher Hendrik Heyer gegen\u00fcber BILD best\u00e4tigt, steht ein 13-j\u00e4hriger Essener mit deutscher Staatsangeh\u00f6rigkeit unter Tatverdacht. Der Junge soll den Senior am 3. November vergangenen Jahres auf dem Spielplatz an der Hofterbergstra\u00dfe <a href=\"https:\/\/www.bild.de\/regional\/nordrhein-westfalen\/essen-spielplatz-streit-endet-fuer-rentner-toedlich-692d6ed99372035036978e27\" class=\"text-link\" rel=\"nofollow noopener\" target=\"_blank\">im Zuge eines Streits geschlagen haben<\/a>. Der 80-J\u00e4hrige st\u00fcrzte daraufhin zu Boden und erlitt eine schwere Kopfverletzung. Der Tatort liegt zwischen zwei <a href=\"https:\/\/www.bild.de\/themen\/organisationen\/schule\/politik-nachrichten-news-fotos-videos-40045138.bild.html\" class=\"text-link\" rel=\"nofollow noopener\" target=\"_blank\">Schulen<\/a>. <\/p>\n<p><img decoding=\"async\" width=\"992\" height=\"558\" alt=\"Der Tatort liegt zwischen zwei Schulen\" src=\"https:\/\/www.europesays.com\/de\/wp-content\/uploads\/2026\/01\/ecb20885c2f9d1c8aae11fa57aa25189,c576fe63.jpeg\"   class=\"landscape\" loading=\"lazy\"\/><\/p>\n<p class=\"fig__caption__text\">Der Tatort liegt zwischen zwei Schulen<\/p>\n<p>Foto: Justin Brosch \/ ANC-NEWS<\/p>\n<p>Opfer verstarb im Krankenhaus<\/p>\n<p>Der Mann kam in ein Krankenhaus in Essen (<a href=\"https:\/\/www.bild.de\/regional\/nordrhein-westfalen\/home-npIP0qL0giWP1ZFIOHn2\" class=\"text-link\" rel=\"nofollow noopener\" target=\"_blank\">Nordrhein-Westfalen<\/a>) und k\u00e4mpfte dort mehrere Wochen um sein Leben. Ende Dezember 2025 starb er im Alter von 81 Jahren an den Folgen der Verletzungen. Erst durch das anschlie\u00dfend eingeleitete Todesermittlungsverfahren wurde die Polizei auf den Vorfall aufmerksam und ermittelte wegen <a href=\"https:\/\/www.bild.de\/news\/aktuelles\/verbrechen\/verbrechen-alle-infos-78141902.bild.html\" class=\"text-link\" rel=\"nofollow noopener\" target=\"_blank\">K\u00f6rperverletzung mit Todesfolge<\/a>. Die neuen Erkenntnisse gehen auf Ermittlungen der Polizei Essen zur\u00fcck, bei denen \u00fcber Wochen hinweg Zeugen gesucht wurden. Jetzt stellten die Beamten klar, dass es keinen gemeinschaftlichen Angriff gegeben habe. Stattdessen handelte der 13-J\u00e4hrige allein.<\/p>\n<p>T\u00e4ter nicht strafm\u00fcndig<\/p>\n<p>Kinder unter 14 Jahren sind in Deutschland nicht strafm\u00fcndig. Deshalb wird gegen den Jungen kein Strafverfahren gef\u00fchrt. Die <a href=\"https:\/\/www.bild.de\/regional\/aktuelles\/polizei\/polizeieinsatz-alle-infos-76681760.bild.html\" class=\"text-link\" rel=\"nofollow noopener\" target=\"_blank\">Polizei<\/a> steht nach eigenen Angaben in engem Austausch mit der Familie des Tatverd\u00e4chtigen. Die Betreuung des tragischen Falls \u00fcbernimmt das Jugendamt. Im Zentrum der Aufarbeitung wird die Frage stehen, wie es dazu kommen kann, dass ein kleiner Junge einen 81-J\u00e4hrigen so schwer verletzt, dass er stirbt. Was genau sich auf dem Spielplatz abgespielt hat, ist noch nicht bekannt. Die Ermittlungen zu den genauen Hintergr\u00fcnden des Streits dauern an.<\/p>\n","protected":false},"excerpt":{"rendered":"TTS-Player \u00fcberspringen\u21b5Artikel weiterlesen Essen (Nordrhein-Westfalen) \u2013 Wo eigentlich Kinderlachen und unbeschwertes Spiel zu Hause sein sollten, f\u00fchrte eine&hellip;\n","protected":false},"author":2,"featured_media":753101,"comment_status":"","ping_status":"","sticky":false,"template":"","format":"standard","meta":{"footnotes":"","_share_on_mastodon":"0"},"categories":[1834],"tags":[3364,29,3688,30,1000,1114,682,1209,121,3445,138370,45,20527],"class_list":["post-753100","post","type-post","status-publish","format-standard","has-post-thumbnail","category-essen","tag-de","tag-deutschland","tag-essen","tag-germany","tag-gewalt","tag-kinder","tag-koerperverletzung","tag-nordrhein-westfalen","tag-polizei","tag-spielplatz","tag-team-first","tag-texttospeech","tag-todesursachen"],"share_on_mastodon":{"url":"https:\/\/pubeurope.com\/@de\/115972379018460616","error":""},"_links":{"self":[{"href":"https:\/\/www.europesays.com\/de\/wp-json\/wp\/v2\/posts\/753100","targetHints":{"allow":["GET"]}}],"collection":[{"href":"https:\/\/www.europesays.com\/de\/wp-json\/wp\/v2\/posts"}],"about":[{"href":"https:\/\/www.europesays.com\/de\/wp-json\/wp\/v2\/types\/post"}],"author":[{"embeddable":true,"href":"https:\/\/www.europesays.com\/de\/wp-json\/wp\/v2\/users\/2"}],"replies":[{"embeddable":true,"href":"https:\/\/www.europesays.com\/de\/wp-json\/wp\/v2\/comments?post=753100"}],"version-history":[{"count":0,"href":"https:\/\/www.europesays.com\/de\/wp-json\/wp\/v2\/posts\/753100\/revisions"}],"wp:featuredmedia":[{"embeddable":true,"href":"https:\/\/www.europesays.com\/de\/wp-json\/wp\/v2\/media\/753101"}],"wp:attachment":[{"href":"https:\/\/www.europesays.com\/de\/wp-json\/wp\/v2\/media?parent=753100"}],"wp:term":[{"taxonomy":"category","embeddable":true,"href":"https:\/\/www.europesays.com\/de\/wp-json\/wp\/v2\/categories?post=753100"},{"taxonomy":"post_tag","embeddable":true,"href":"https:\/\/www.europesays.com\/de\/wp-json\/wp\/v2\/tags?post=753100"}],"curies":[{"name":"wp","href":"https:\/\/api.w.org\/{rel}","templated":true}]}}