{"id":753195,"date":"2026-01-28T11:50:16","date_gmt":"2026-01-28T11:50:16","guid":{"rendered":"https:\/\/www.europesays.com\/de\/753195\/"},"modified":"2026-01-28T11:50:16","modified_gmt":"2026-01-28T11:50:16","slug":"djokovic-kurios-ins-halbfinale-jetzt-gegen-sinner","status":"publish","type":"post","link":"https:\/\/www.europesays.com\/de\/753195\/","title":{"rendered":"Djokovic kurios ins Halbfinale &#8211; jetzt gegen Sinner"},"content":{"rendered":"<p>Melbourne (dpa) &#8211; Novak Djokovic hat auf kuriose Art und Weise das Halbfinale bei den Australian Open erreicht. Nachdem der Rekord-Grand-Slam-Champion bereits im Achtelfinale kampflos weiterkam, weil sein tschechischer Gegner Jakub Mensik wegen einer Verletzung nicht antreten konnte, profitierte er im Viertelfinale erneut von den gesundheitlichen Problemen seines Gegners.<\/p>\n<p>Djokovic lag in Melbourne gegen Lorenzo Musetti mit 0:2-S\u00e4tzen zur\u00fcck, als der bis dato brillant aufspielende Italiener beim Stand von 6:4, 6:3, 1:3 aus seiner Sicht wegen Muskelproblemen aufgeben musste. Bis zu diesem Zeitpunkt hatte Musetti den zehnmaligen Melbourne-Champion, der am Freitag auf Vorjahressieger Jannik Sinner trifft, phasenweise vorgef\u00fchrt.<\/p>\n<p>\u00abIch wei\u00df gar nicht, was ich sagen soll. Er war der deutlich bessere Spieler, ich war quasi schon auf dem Weg nach Hause\u00bb, sagte Djokovic nach dem pl\u00f6tzlichen Ende der Partie in der Rod Laver Arena. \u00abWenn man in einem Viertelfinale 2:0-S\u00e4tze vorne liegt und das Match komplett unter Kontrolle hat, dann ist es extrem bitter, verletzt aufgeben zu m\u00fcssen\u00bb, sagte die langj\u00e4hrige Nummer eins. \u00abEr h\u00e4tte heute der Gewinner sein sollen, ohne Zweifel.\u00bb<\/p>\n<p>Musetti tief entt\u00e4uscht<\/p>\n<p>Musetti, der von einem Muskelfaserriss ausgeht, war nach dem bitteren Ende tief entt\u00e4uscht. \u00abIch habe keine Worte, um zu sagen, wie schwer es f\u00fcr mich ist\u00bb, sagte der Weltranglisten-F\u00fcnfte aus Italien. \u00abEs ist definitiv meine bitterste Aufgabe, wenn man bedenkt, wie gut ich gespielt habe und wenn man sich den Spielstand anschaut.\u00bb<\/p>\n<p>So aber steht Djokovic im Halbfinale. \u00abIch hatte ein Freilos in der vierten Runde, und heute h\u00e4tte ich verlieren m\u00fcssen, liege mit 0:2-S\u00e4tzen hinten und gewinne. Ich verdopple heute meine Gebete und danke dem Gott, der mir eine weitere Chance gibt\u00bb, sagte der Serbe.<\/p>\n<p>Top Vier im Halbfinale unter sich<\/p>\n<p>Djokovic trifft nun auf Titelverteidiger Sinner. Der Italiener besiegte Ben Shelton aus den USA klar mit 6:3, 6:4, 6:4 und zeigte dabei seine bislang beste Turnierleistung. Der Italiener steht damit zum sechsten Mal nacheinander in einem Grand-Slam-Halbfinale, in Melbourne ist er seit 19 Spielen ungeschlagen.<\/p>\n<p>Nun wartet der H\u00e4rtetest gegen Djokovic. \u00abF\u00fcr diese Momente stehst du morgens auf und trainierst\u00bb, sagte Sinner. \u00abIch wei\u00df, dass ich gegen Novak mein bestes Tennis spielen muss.\u00bb<\/p>\n<p>Im anderen Halbfinale bekommt es Alexander Zverev am Freitag mit dem Weltranglisten-Ersten Carlos Alcaraz aus Spanien zu tun. Damit sind die Top Vier der Weltrangliste im Halbfinale unter sich.<\/p>\n","protected":false},"excerpt":{"rendered":"Melbourne (dpa) &#8211; Novak Djokovic hat auf kuriose Art und Weise das Halbfinale bei den Australian Open erreicht.&hellip;\n","protected":false},"author":2,"featured_media":753196,"comment_status":"","ping_status":"","sticky":false,"template":"","format":"standard","meta":{"footnotes":""},"categories":[1843],"tags":[80520,1912,3364,29,30,8970,1209,4206],"class_list":{"0":"post-753195","1":"post","2":"type-post","3":"status-publish","4":"format-standard","5":"has-post-thumbnail","7":"category-muenster","8":"tag-australian-open","9":"tag-australien","10":"tag-de","11":"tag-deutschland","12":"tag-germany","13":"tag-muenster","14":"tag-nordrhein-westfalen","15":"tag-tennis"},"share_on_mastodon":{"url":"https:\/\/pubeurope.com\/@de\/115972579218058644","error":""},"_links":{"self":[{"href":"https:\/\/www.europesays.com\/de\/wp-json\/wp\/v2\/posts\/753195","targetHints":{"allow":["GET"]}}],"collection":[{"href":"https:\/\/www.europesays.com\/de\/wp-json\/wp\/v2\/posts"}],"about":[{"href":"https:\/\/www.europesays.com\/de\/wp-json\/wp\/v2\/types\/post"}],"author":[{"embeddable":true,"href":"https:\/\/www.europesays.com\/de\/wp-json\/wp\/v2\/users\/2"}],"replies":[{"embeddable":true,"href":"https:\/\/www.europesays.com\/de\/wp-json\/wp\/v2\/comments?post=753195"}],"version-history":[{"count":0,"href":"https:\/\/www.europesays.com\/de\/wp-json\/wp\/v2\/posts\/753195\/revisions"}],"wp:featuredmedia":[{"embeddable":true,"href":"https:\/\/www.europesays.com\/de\/wp-json\/wp\/v2\/media\/753196"}],"wp:attachment":[{"href":"https:\/\/www.europesays.com\/de\/wp-json\/wp\/v2\/media?parent=753195"}],"wp:term":[{"taxonomy":"category","embeddable":true,"href":"https:\/\/www.europesays.com\/de\/wp-json\/wp\/v2\/categories?post=753195"},{"taxonomy":"post_tag","embeddable":true,"href":"https:\/\/www.europesays.com\/de\/wp-json\/wp\/v2\/tags?post=753195"}],"curies":[{"name":"wp","href":"https:\/\/api.w.org\/{rel}","templated":true}]}}