{"id":753266,"date":"2026-01-28T12:29:14","date_gmt":"2026-01-28T12:29:14","guid":{"rendered":"https:\/\/www.europesays.com\/de\/753266\/"},"modified":"2026-01-28T12:29:14","modified_gmt":"2026-01-28T12:29:14","slug":"forum-der-kulturen-stabwechsel-nachfolgerin-fuer-rolf-graser-gefunden","status":"publish","type":"post","link":"https:\/\/www.europesays.com\/de\/753266\/","title":{"rendered":"Forum der Kulturen: Stabwechsel: Nachfolgerin f\u00fcr Rolf Graser gefunden"},"content":{"rendered":"<p>\t\t\t\t\t\t\t\t\t\t\t\t\t\t\t\t\t\t\t\t\t\t\t\t\t\t\t\t      \t\t            \t\t             \t\t\t\t   \t\t\t\t\t   <img decoding=\"async\" id=\"article-image\" fetchpriority=\"high\" alt=\"Forum der Kulturen: Stabwechsel: Nachfolgerin f\u00fcr Rolf Graser gefunden\" title=\"Forum der Kulturen: Stabwechsel: Nachfolgerin f\u00fcr Rolf Graser gefunden\" src=\"https:\/\/www.europesays.com\/de\/wp-content\/uploads\/2026\/01\/media.media.87512086-7803-4957-9a58-ea86d0d57c26.16x9_700.jpg\" data-linkto=\"https:\/\/www.stuttgarter-nachrichten.de\/javascript:void(0);\"\/>\t\t\t\t\t\t\t\t\t\t\t\t\t\t\t\t\t\t\t\t\t\t\t\tRolf Graser verabschiedet sich in den Ruhestand.\u00a0Foto: Lichtgut\/Achim Zweygarth\t\t\t<\/p>\n<p>Beim Forum der Kulturen geht eine \u00c4ra zu Ende. Rolf Graser gibt nach 25 Jahren sein Amt als Gesch\u00e4ftsf\u00fchrer ab. Wer ist seine Nachfolgerin?<\/p>\n<p>Es ist ein Kunstst\u00fcck. Und nicht allen gelingt dies. Der rechtzeitige R\u00fcckzug von Amt und W\u00fcrden. Rolf Graser, Jahrgang 1954, hat schon l\u00e4ngst das Rentenalter erreicht, im vorigen Jahr hatte er angek\u00fcndigt: <a href=\"https:\/\/www.stuttgarter-zeitung.de\/inhalt.interkultur-in-stuttgart-wechsel-an-der-spitze-des-forums-der-kulturen.7179fb5f-f4bc-4de9-8554-7583ce0bb5af.html\" target=\"_blank\" rel=\"nofollow noopener\">\u201eEs wird Zeit, einen geordneten \u00dcbergang zu vollziehen.\u201c<\/a> Der soll in diesem Fr\u00fchjahr stattfinden. Am 1. Februar tritt Alina Papagiannaki-S\u00f6nmez als Gesch\u00e4ftsf\u00fchrerin seine Nachfolge beim Forum der Kulturen an.<\/p>\n<p>Papagiannaki-S\u00f6nmez ist 1969 in Griechenland geboren worden und lebt seit 1986 in Leimen bei Heidelberg. Dort ist sie unter anderem 2022 f\u00fcr die B\u00fcrgerinitiative \u201eHeidelberg in Bewegung\u201c bei der OB-Wahl angetreten. Zuletzt war sie als Berufsschullehrerin t\u00e4tig.<\/p>\n<p>Die neue Gesch\u00e4ftsf\u00fchrerin will Menschen mitnehmen <\/p>\n<p> \u201eAlina Papagiannaki-S\u00f6nmez hat uns mit ihrer klaren Vision f\u00fcr die Weiterentwicklung des Forums und ihrer konsequent partizipativen F\u00fchrungshaltung \u00fcberzeugt\u201c, sagt Sami Aras, der Vorstandsvorsitzende des Forums der Kulturen. <\/p>\n<p>Wie das geschehen soll? Da l\u00e4sst sich die neue Gesch\u00e4ftsf\u00fchrerin wie folgt zitieren. \u201eEntwicklung gelingt dort, wo Praxisn\u00e4he, Verantwortung und Verst\u00e4ndlichkeit zusammenkommen. Es geht darum, Menschen mitzunehmen, Botschaften klar zu vermitteln und Strukturen so zu gestalten, dass Teilhabe tats\u00e4chlich m\u00f6glich wird.\u201c<\/p>\n<p>  <img decoding=\"async\" loading=\"lazy\" src=\"https:\/\/www.europesays.com\/de\/wp-content\/uploads\/2026\/01\/media.media.3a2d6234-c7be-496b-923b-d24662614869.original1024.media.jpeg\"\/>     Alina Papagiannaki-S\u00f6nmez    Foto: HiB    <\/p>\n<p>Das Forum der Kulturen ist am 16.\u2009Mai 1998 gegr\u00fcndet worden \u2013 mit 16 Vereinen und Sami Aras als Erstem Vorstandsvorsitzenden sowie Rolf Graser als Gesch\u00e4ftsf\u00fchrer. Gestartet ist man ehrenamtlich ohne finanzielle Mittel, Projektmittel erhielt der Dachverband erstmals 1999, um das kulturelle Rahmenprogramm der Mittelmeerkonferenz der Europ\u00e4ischen Union auszurichten. <a href=\"https:\/\/www.stuttgarter-zeitung.de\/inhalt.das-forum-der-kulturen-in-stuttgart-wird-25-wir-sind-noch-lange-nicht-ueberfluessig.0a9da41f-b453-4187-8b58-bd05d1f529fe.html\" target=\"_blank\" rel=\"nofollow noopener\">Mittlerweile sind 160 Migrantenorganisationen im Forum vereint,<\/a> mehrere Veranstaltungen richtet das Forum aus. Am publikumswirksamsten ist dabei sicher das Festival der Kulturen auf dem Marktplatz mit Speisen und Musik aus aller Welt. 2025 schauten da 90.000 Menschen vorbei. Das Festival ist Grasers Kind, er wird dabei bleiben und weiter den Kontakt zu den Musikern pflegen und das Programm zusammenstellen. <\/p>\n<p>Wie geht es weiter beim Forum der Kulturen?   <\/p>\n<p>Seine Rolle als Gesch\u00e4ftsf\u00fchrer wird er peu a peu \u00fcbergeben. Bis Ende M\u00e4rz beh\u00e4lt er die Entscheidungs- und Zeichnungsbefugnis. Die am 1. April dann an Alina Papagiannaki-S\u00f6nmez \u00fcbergeht. Bis zum Herbst wird er seine Nachfolgerin als Berater unterst\u00fctzen. Im Oktober 2026 wird er dann offiziell verabschiedet. Und dann ist tats\u00e4chlich das Kunstst\u00fcck gelungen. <\/p>\n","protected":false},"excerpt":{"rendered":"Rolf Graser verabschiedet sich in den Ruhestand.\u00a0Foto: Lichtgut\/Achim Zweygarth Beim Forum der Kulturen geht eine \u00c4ra zu Ende.&hellip;\n","protected":false},"author":2,"featured_media":753267,"comment_status":"","ping_status":"","sticky":false,"template":"","format":"standard","meta":{"footnotes":"","_share_on_mastodon":"0"},"categories":[1830],"tags":[171972,1634,3364,29,82653,81649,30,171970,171971,1441,85897],"class_list":["post-753266","post","type-post","status-publish","format-standard","has-post-thumbnail","category-stuttgart","tag-alina-papagiannaki-soenmez","tag-baden-wuerttemberg","tag-de","tag-deutschland","tag-festival-der-kulturen","tag-forum-der-kulturen","tag-germany","tag-rolf-graser","tag-sami-aras","tag-stuttgart","tag-textmanager"],"share_on_mastodon":{"url":"https:\/\/pubeurope.com\/@de\/115972732721355203","error":""},"_links":{"self":[{"href":"https:\/\/www.europesays.com\/de\/wp-json\/wp\/v2\/posts\/753266","targetHints":{"allow":["GET"]}}],"collection":[{"href":"https:\/\/www.europesays.com\/de\/wp-json\/wp\/v2\/posts"}],"about":[{"href":"https:\/\/www.europesays.com\/de\/wp-json\/wp\/v2\/types\/post"}],"author":[{"embeddable":true,"href":"https:\/\/www.europesays.com\/de\/wp-json\/wp\/v2\/users\/2"}],"replies":[{"embeddable":true,"href":"https:\/\/www.europesays.com\/de\/wp-json\/wp\/v2\/comments?post=753266"}],"version-history":[{"count":0,"href":"https:\/\/www.europesays.com\/de\/wp-json\/wp\/v2\/posts\/753266\/revisions"}],"wp:featuredmedia":[{"embeddable":true,"href":"https:\/\/www.europesays.com\/de\/wp-json\/wp\/v2\/media\/753267"}],"wp:attachment":[{"href":"https:\/\/www.europesays.com\/de\/wp-json\/wp\/v2\/media?parent=753266"}],"wp:term":[{"taxonomy":"category","embeddable":true,"href":"https:\/\/www.europesays.com\/de\/wp-json\/wp\/v2\/categories?post=753266"},{"taxonomy":"post_tag","embeddable":true,"href":"https:\/\/www.europesays.com\/de\/wp-json\/wp\/v2\/tags?post=753266"}],"curies":[{"name":"wp","href":"https:\/\/api.w.org\/{rel}","templated":true}]}}