{"id":753335,"date":"2026-01-28T13:07:17","date_gmt":"2026-01-28T13:07:17","guid":{"rendered":"https:\/\/www.europesays.com\/de\/753335\/"},"modified":"2026-01-28T13:07:17","modified_gmt":"2026-01-28T13:07:17","slug":"katholische-einrichtung-kauft-projektentwicklung-in-mannheim","status":"publish","type":"post","link":"https:\/\/www.europesays.com\/de\/753335\/","title":{"rendered":"Katholische Einrichtung kauft Projektentwicklung in Mannheim"},"content":{"rendered":"<p>\u26a0Cookie Fehler:<\/p>\n<p>Cookies sind in Ihrem Browser deaktiviert. Um alle Funktionen z.B. das Login nutzen zu k\u00f6nnen, m\u00fcssen Cookies aktiv sein. Bitte aktivieren Sie Cookies in Ihrem Browser.<\/p>\n<p><a href=\"https:\/\/www.property-magazine.de\/news\/\" class=\"blue\" title=\"Immobilien-Nachrichten\" rel=\"nofollow noopener\" target=\"_blank\">Immobilien-Nachrichten<\/a> \u00bb <a href=\"https:\/\/www.property-magazine.de\/news\/wohnungswirtschaft\/\" class=\"blue\" rel=\"nofollow noopener\" target=\"_blank\">Wohnen<\/a>         <\/p>\n<p>\n28. Januar 2026 \u00a0 \u00a0\n<\/p>\n<p>28. Januar 2026 \u00a0 \u00a0<br \/>\n<a class=\"d-none d-lg-inline\" href=\"https:\/\/www.property-magazine.de\/javascript:winOpen2(\" https:=\"\" style=\"text-decoration: none; color: #444;\" rel=\"nofollow noopener\" target=\"_blank\"><img decoding=\"async\" src=\"https:\/\/www.europesays.com\/de\/wp-content\/uploads\/2025\/07\/printer.gif.pagespeed.ce.M0ozt5uupm.gif\" alt=\"Drucken\" style=\"position: relative; top: -1px;\" border=\"0\"\/> Drucken<\/a>\u00a0<br \/>\n<a class=\"d-none d-lg-inline\" href=\"https:\/\/www.property-magazine.de\/news\/bookmark\/148036\/\" style=\"text-decoration: none; color: #444;\" rel=\"nofollow noopener\" target=\"_blank\"><img decoding=\"async\" src=\"https:\/\/www.europesays.com\/de\/wp-content\/uploads\/2025\/07\/bookmark.gif.pagespeed.ce.VR0vO5C-lz.gif\" alt=\"Diesen Artikel zu den Favoriten hinzuf\u00fcgen\" style=\"position: relative; top: -1px;\" border=\"0\"\/> Favoriten<\/a><\/p>\n<p>Das Katholische Kinder- und Jugendheim St. Josef hat in Mannheim von der st\u00e4dtischen Entwicklungsgesellschaft MWSP ein rund 1.000 m\u00b2 gro\u00dfes Grundst\u00fcck inklusive Projektentwicklung erworben.<\/p>\n<p>.           <\/p>\n<p>Das Areal befindet sich in der Hedwig-Eppstein-Stra\u00dfe im Stadtteil K\u00e4fertal und ist Teil des neu entwickelten Spinelli-Quartiers. Geplant ist dort der Bau eines f\u00fcnfgeschossigen Holzhybridgeb\u00e4udes mit insgesamt 3.000 m\u00b2 Nutzfl\u00e4che. Die Fertigstellung ist f\u00fcr das erste Quartal 2028 vorgesehen. Der Neubau soll das neue Zuhause des M\u00e4dchenhauses St. Agnes werden, das sich zurzeit im Stadtteil Neckarstadt-West befindet. Des Weiteren sollen eine neue station\u00e4re Kindergruppe entstehen und die Tagesgruppe in das Geb\u00e4ude integriert werden.<\/p>\n<p><a href=\"https:\/\/www.property-magazine.de\/branchenbuch\/verlauf\/jll-ehemals-jones-lang-lasalle-145.html?source=article&amp;id=148036\" class=\"archive_branchenbuch_url\" title=\"JLL (Zum Unternehmensportrait \/ Kontaktdaten)\" rel=\"nofollow noopener\" target=\"_blank\">JLL<\/a> hat St. Josef beim Ankauf des Grundst\u00fccks beraten und die Transaktion vermittelt.<\/p>\n<p>Mehr zum Thema:<\/p>\n<p>Unternehmen:<\/p>\n<p><a href=\"https:\/\/www.property-magazine.de\/branchenbuch\/verlauf\/jll-ehemals-jones-lang-lasalle-145.html?source=article&amp;id=148036\" rel=\"nofollow noopener\" target=\"_blank\">JLL (ehemals Jones Lang LaSalle)<\/a>                    <\/p>\n<p><a name=\"comments\"\/><\/p>\n","protected":false},"excerpt":{"rendered":"\u26a0Cookie Fehler: Cookies sind in Ihrem Browser deaktiviert. Um alle Funktionen z.B. das Login nutzen zu k\u00f6nnen, m\u00fcssen&hellip;\n","protected":false},"author":2,"featured_media":51339,"comment_status":"","ping_status":"","sticky":false,"template":"","format":"standard","meta":{"footnotes":"","_share_on_mastodon":"0"},"categories":[1845],"tags":[171990,104309,15581,172002,1634,6399,171992,3364,171998,172001,29,171997,35996,548,663,3934,10019,20218,30,146176,13,75306,28005,21858,171989,171986,171988,171999,2096,171987,14,15,86000,153430,20272,171995,12,171994,171991,171993,172000,524,172003,45512,24556,171996,36066,3643,18432],"class_list":["post-753335","post","type-post","status-publish","format-standard","has-post-thumbnail","category-mannheim","tag-aedtischen-entwicklungsgesellschaft-mwsp","tag-agnes","tag-ankauf","tag-aere-kindergruppe","tag-baden-wuerttemberg","tag-bau","tag-das-areal","tag-de","tag-der-neubau","tag-des-weiteren","tag-deutschland","tag-die-fertigstellung","tag-eppstein","tag-eu","tag-europa","tag-europe","tag-gebaeude","tag-geplant","tag-germany","tag-grundstuecks","tag-headlines","tag-hedwig","tag-jll","tag-josef","tag-jugendheim","tag-katholische-einrichtung","tag-katholische-kinder","tag-maedchenhauses","tag-mannheim","tag-mannheim-wohnen-das","tag-nachrichten","tag-news","tag-nutzflaeche","tag-projektentwicklung","tag-quartal","tag-quartiers","tag-schlagzeilen","tag-spinelli","tag-sses-grundstueck","tag-stadtteil-kaefertal","tag-stadtteil-neckarstadt","tag-strasse","tag-tagesgruppe","tag-teil","tag-transaktion","tag-uenfgeschossigen-holzhybridgebaeudes","tag-uer","tag-west","tag-zuhause"],"share_on_mastodon":{"url":"","error":"Validation failed: Text character limit of 500 exceeded"},"_links":{"self":[{"href":"https:\/\/www.europesays.com\/de\/wp-json\/wp\/v2\/posts\/753335","targetHints":{"allow":["GET"]}}],"collection":[{"href":"https:\/\/www.europesays.com\/de\/wp-json\/wp\/v2\/posts"}],"about":[{"href":"https:\/\/www.europesays.com\/de\/wp-json\/wp\/v2\/types\/post"}],"author":[{"embeddable":true,"href":"https:\/\/www.europesays.com\/de\/wp-json\/wp\/v2\/users\/2"}],"replies":[{"embeddable":true,"href":"https:\/\/www.europesays.com\/de\/wp-json\/wp\/v2\/comments?post=753335"}],"version-history":[{"count":0,"href":"https:\/\/www.europesays.com\/de\/wp-json\/wp\/v2\/posts\/753335\/revisions"}],"wp:featuredmedia":[{"embeddable":true,"href":"https:\/\/www.europesays.com\/de\/wp-json\/wp\/v2\/media\/51339"}],"wp:attachment":[{"href":"https:\/\/www.europesays.com\/de\/wp-json\/wp\/v2\/media?parent=753335"}],"wp:term":[{"taxonomy":"category","embeddable":true,"href":"https:\/\/www.europesays.com\/de\/wp-json\/wp\/v2\/categories?post=753335"},{"taxonomy":"post_tag","embeddable":true,"href":"https:\/\/www.europesays.com\/de\/wp-json\/wp\/v2\/tags?post=753335"}],"curies":[{"name":"wp","href":"https:\/\/api.w.org\/{rel}","templated":true}]}}