{"id":753535,"date":"2026-01-28T15:01:13","date_gmt":"2026-01-28T15:01:13","guid":{"rendered":"https:\/\/www.europesays.com\/de\/753535\/"},"modified":"2026-01-28T15:01:13","modified_gmt":"2026-01-28T15:01:13","slug":"das-sind-die-beliebtesten-vornamen-fuer-babys","status":"publish","type":"post","link":"https:\/\/www.europesays.com\/de\/753535\/","title":{"rendered":"Das sind die beliebtesten Vornamen f\u00fcr Babys"},"content":{"rendered":"<p>Zahlen des Standesamtes <\/p>\n<p>Das sind die beliebtesten Vornamen in Dresden<\/p>\n<p>28.01.2026 &#8211; 15:57 UhrLesedauer: 1 Min.<\/p>\n<p><a href=\"#focus-0\" class=\"transition-colors duration-200 block text-current relative\" data-sctrack=\"FocusGalleryImage.Reference\"><img fetchpriority=\"high\" data-testid=\"Opener.Image\" style=\"--lqipURL:url('https:\/\/images.t-online.de\/2025\/03\/QY4Zp179QaeA\/0x106:2048x1152\/fit-in\/150x0\/filters:blur(25)\/eine-mutter-aus-cuxhaven-bietet-ihr-baby-im-internet-zum-verschenken-an-symbolbild.jpg')\"   loading=\"eager\" src=\"https:\/\/www.europesays.com\/de\/wp-content\/uploads\/2026\/01\/eine-mutter-aus-cuxhaven-bietet-ihr-baby-im-internet-zum-verschenken-an-symbolbild.jpg\" alt=\"Baby\" title=\"Baby\" width=\"2048\" height=\"1152\" class=\"bg-[url:var(--lqipURL)] bg-cover bg-center flex h-full w-full max-w-full\" decoding=\"async\"\/><img style=\"--width:32;--height:32\" loading=\"lazy\" src=\"https:\/\/dresden.t-online.de\/s\/paper\/_next\/static\/media\/zoom-in.f7dae02f.svg\" alt=\"Vergr\u00f6\u00dfern des Bildes\" title=\"Vergr\u00f6\u00dfern des Bildes\" class=\"block h-[calc(var(--height)_\/_16_*_1rem)] w-[calc(var(--width)_\/_16_*_1rem)] max-w-none absolute bottom-8 right-8 rounded-4 bg-snow p-8\" decoding=\"async\"\/><\/a><\/p>\n<p>Die Hand eines neugeborenen Babys (Symbolbild): Bei den M\u00e4dchennamen \u00e4nderte sich die Rangliste 2025. (Quelle: Sebastian Gollnow\/dpa\/dpa-bilder)<\/p>\n<p class=\"font-bold text-18 leading-17\">In Dresden wurden im vergangenen Jahr tausende Geburten beurkundet. Zwei Namen f\u00fchren die Hitliste an.<\/p>\n<p class=\"text-18 leading-17\">Emil und Charlotte sind 2025 die beliebtesten Vornamen f\u00fcr Neugeborene in Dresden gewesen. Das teilte die Stadt unter Berufung auf die aktuelle Jahresstatistik des Standesamtes mit.<\/p>\n<p class=\"text-18 leading-17\">Bei den Jungen f\u00fchrt Emil zum zehnten Mal in Folge die Rangliste an. Der Name wurde 49 Mal vergeben. Noah folgt mit 37 und Theo mit 36 Vergaben. Bei den M\u00e4dchen stand erstmals Charlotte mit 37 Nennungen an der Spitze. Emma belegte mit 32 Vergaben den zweiten Platz und war im Vorjahr noch f\u00fchrend. Alma und Mathilda teilten sich mit je 30 Vergaben den dritten Rang.<\/p>\n<p class=\"text-18 leading-17\">Das Standesamt beurkundete 5.947 Geburten \u2013 3.056 Jungen und 2.887 M\u00e4dchen. Bei vier Kindern blieb das Geschlecht unbestimmt. Die Geburtenzahl lag leicht \u00fcber dem Vorjahreswert von 5.877, bleibt aber auf niedrigem Niveau.<\/p>\n<p class=\"text-18 leading-17\">Unter den Neugeborenen waren 93 Zwillingsp\u00e4rchen und zwei Drillingsgeburten. Zus\u00e4tzlich wurden 81 im Ausland geborene Kinder nachbeurkundet.<\/p>\n<p class=\"text-18 leading-17\">49 Prozent der M\u00fctter waren nicht verheiratet. Der Anteil der Elternteile mit ausl\u00e4ndischer Staatsangeh\u00f6rigkeit betrug 21,2 Prozent aus 124 verschiedenen L\u00e4ndern. Die meisten kamen aus Syrien (300), der Ukraine (188) und Indien (142), so das Standesamt weiter.<\/p>\n<p class=\"text-18 leading-17\">Bei den Eheschlie\u00dfungen verzeichnete das Standesamt einen R\u00fcckgang auf 1.817 Paare, darunter 65 gleichgeschlechtliche. Im Vorjahr heirateten noch 1.984 Paare. Der Mai war mit 256 Trauungen der beliebteste Monat, der Januar mit nur 35 der schw\u00e4chste. Die Sterbef\u00e4lle stiegen auf 6.902 (2024: 6.717) \u2013 darunter 3.569 M\u00e4nner und 3.332 Frauen.<\/p>\n","protected":false},"excerpt":{"rendered":"Zahlen des Standesamtes Das sind die beliebtesten Vornamen in Dresden 28.01.2026 &#8211; 15:57 UhrLesedauer: 1 Min. Die Hand&hellip;\n","protected":false},"author":2,"featured_media":753536,"comment_status":"","ping_status":"","sticky":false,"template":"","format":"standard","meta":{"footnotes":"","_share_on_mastodon":"0"},"categories":[1835],"tags":[10644,722,17161,3364,29,2386,30,120482,172034,859,38361,152600,97017],"class_list":["post-753535","post","type-post","status-publish","format-standard","has-post-thumbnail","category-dresden","tag-standesamt","tag-722","tag-17161","tag-de","tag-deutschland","tag-dresden","tag-germany","tag-hitliste","tag-maedchennamen","tag-sachsen","tag-vorname","tag-vornamensstatistik","tag-vornamentrend"],"share_on_mastodon":{"url":"https:\/\/pubeurope.com\/@de\/115973330422408454","error":""},"_links":{"self":[{"href":"https:\/\/www.europesays.com\/de\/wp-json\/wp\/v2\/posts\/753535","targetHints":{"allow":["GET"]}}],"collection":[{"href":"https:\/\/www.europesays.com\/de\/wp-json\/wp\/v2\/posts"}],"about":[{"href":"https:\/\/www.europesays.com\/de\/wp-json\/wp\/v2\/types\/post"}],"author":[{"embeddable":true,"href":"https:\/\/www.europesays.com\/de\/wp-json\/wp\/v2\/users\/2"}],"replies":[{"embeddable":true,"href":"https:\/\/www.europesays.com\/de\/wp-json\/wp\/v2\/comments?post=753535"}],"version-history":[{"count":0,"href":"https:\/\/www.europesays.com\/de\/wp-json\/wp\/v2\/posts\/753535\/revisions"}],"wp:featuredmedia":[{"embeddable":true,"href":"https:\/\/www.europesays.com\/de\/wp-json\/wp\/v2\/media\/753536"}],"wp:attachment":[{"href":"https:\/\/www.europesays.com\/de\/wp-json\/wp\/v2\/media?parent=753535"}],"wp:term":[{"taxonomy":"category","embeddable":true,"href":"https:\/\/www.europesays.com\/de\/wp-json\/wp\/v2\/categories?post=753535"},{"taxonomy":"post_tag","embeddable":true,"href":"https:\/\/www.europesays.com\/de\/wp-json\/wp\/v2\/tags?post=753535"}],"curies":[{"name":"wp","href":"https:\/\/api.w.org\/{rel}","templated":true}]}}