{"id":753586,"date":"2026-01-28T15:28:13","date_gmt":"2026-01-28T15:28:13","guid":{"rendered":"https:\/\/www.europesays.com\/de\/753586\/"},"modified":"2026-01-28T15:28:13","modified_gmt":"2026-01-28T15:28:13","slug":"zwischen-tuell-und-traenen-star-uwe-herrmann-hat-sich-getrennt","status":"publish","type":"post","link":"https:\/\/www.europesays.com\/de\/753586\/","title":{"rendered":"&#8222;Zwischen T\u00fcll und Tr\u00e4nen&#8220;-Star Uwe Herrmann hat sich getrennt"},"content":{"rendered":"<p>Sie ist 26 Jahre j\u00fcnger <\/p>\n<p>&#8222;Zwischen T\u00fcll und Tr\u00e4nen&#8220;-Star Uwe Herrmann ist getrennt<\/p>\n<p>Aktualisiert am 28.01.2026 &#8211; 16:21 UhrLesedauer: 2 Min.<\/p>\n<p><a href=\"#focus-0\" class=\"transition-colors duration-200 block text-current relative\" data-sctrack=\"FocusGalleryImage.Reference\"><img fetchpriority=\"high\" data-testid=\"Opener.Image\" style=\"--lqipURL:url('https:\/\/images.t-online.de\/2026\/01\/dNqgS-XOzXaH\/436x1005:1482x834\/fit-in\/150x0\/filters:blur(25)\/susann-huebel-und-uwe-herrmann-die-beiden-trennten-sich-einvernehmlich.jpg')\"   loading=\"eager\" src=\"https:\/\/www.europesays.com\/de\/wp-content\/uploads\/2026\/01\/susann-huebel-und-uwe-herrmann-die-beiden-trennten-sich-einvernehmlich.jpg\" alt=\"Susann H\u00fcbel und Uwe Herrmann: Die beiden trennten sich einvernehmlich.\" title=\"Susann H\u00fcbel und Uwe Herrmann: Die beiden trennten sich einvernehmlich.\" width=\"1482\" height=\"834\" class=\"bg-[url:var(--lqipURL)] bg-cover bg-center flex h-full w-full max-w-full\" decoding=\"async\"\/><img style=\"--width:32;--height:32\" loading=\"lazy\" src=\"https:\/\/www.t-online.de\/s\/paper\/_next\/static\/media\/zoom-in.f7dae02f.svg\" alt=\"Vergr\u00f6\u00dfern des Bildes\" title=\"Vergr\u00f6\u00dfern des Bildes\" class=\"block h-[calc(var(--height)_\/_16_*_1rem)] w-[calc(var(--width)_\/_16_*_1rem)] max-w-none absolute bottom-8 right-8 rounded-4 bg-snow p-8\" decoding=\"async\"\/><\/a><\/p>\n<p>Susann H\u00fcbel und Uwe Herrmann: Die beiden trennten sich einvernehmlich. (Quelle: IMAGO\/Matthias Wehnert)<\/p>\n<p class=\"font-bold text-18 leading-17\">Zwei Jahre lang war Uwe Herrmann mit Susann H\u00fcbel liiert. Ein Verlust lie\u00df ihn die Beziehung jedoch hinterfragen.<\/p>\n<p class=\"text-18 leading-17\">In der Vox-Sendung &#8222;Zwischen T\u00fcll und Tr\u00e4nen&#8220; verhilft Uwe Herrmann regelm\u00e4\u00dfig angehenden Br\u00e4uten zu ihrem Traumkleid und hat sich den Spitznamen &#8222;Brautkleid-Papst&#8220; erarbeitet. Doch in seinem eigenen Privatleben machte der 63-J\u00e4hrige k\u00fcrzlich eine schwere Zeit durch: Er und seine Partnerin Susann H\u00fcbel haben sich getrennt.<\/p>\n<p class=\"text-18 leading-17\">Das verriet Herrmann nun im Interview mit der Illustrierten &#8222;Superillu&#8220;. Ende November beendeten sie nach rund zwei Jahren ihre Beziehung. Zwischen dem Ex-Paar herrscht jedoch kein b\u00f6ses Blut. H\u00fcbel ist nach wie vor auf seinem Bauernhof nahe <a class=\"transition-colors duration-200 cursor-pointer text-inherit no-underline text-salemsfur md:hover:text-magenta md:hover:border-magenta md:focus:text-magenta border-current border-b border-solid break-words\" href=\"https:\/\/dresden.t-online.de\/region\/dresden\/\" data-sctrack=\"BodyAnchor\" rel=\"nofollow noopener\" target=\"_blank\">Dresden<\/a> willkommen, immerhin ist dort auch ihr Kater begraben. &#8222;Susan kann jederzeit vorbeikommen und am Grab trauern&#8220;, so Herrmann.<\/p>\n<p class=\"text-18 leading-17\">Der Altersunterschied von 26 Jahren sei kein Trennungsgrund gewesen. Laut Herrmann habe er sogar &#8222;mehr Hummeln im Hintern&#8220; als seine 37-j\u00e4hrige Ex. Doch in der Beziehung habe es viele Gegens\u00e4tze gegeben, etwa im Lebens- und Arbeitsrhythmus.<\/p>\n<p class=\"text-18 leading-17\">W\u00e4hrend H\u00fcbel strukturiert und eine Fr\u00fchaufsteherin ist, bleibt Herrmann bis sp\u00e4tabends wach und ist ein Chaot. Auch seine Prominenz machte seiner Ex-Partnerin zu schaffen. &#8222;Wir konnten kaum irgendwo hingehen, ohne dass ein Fan, meist eine Frau, sich auf mich st\u00fcrzte. Das hat Susann nicht eifers\u00fcchtig gemacht, aber sie schon auch genervt&#8220;, erz\u00e4hlte Herrmann.<\/p>\n<p class=\"text-18 leading-17\">Trotz der Unterschiede hielten sie lange zusammen. Ein Verlust brachte dann jedoch die entscheidende Wendung. Seine Mutter starb am 4. Oktober im Alter von 84 Jahren. &#8222;Das war eine Z\u00e4sur \u2013 die mich alles hinterfragen lie\u00df, auch meine Beziehung&#8220;, erinnerte sich Uwe Herrmann.<\/p>\n<p class=\"text-18 leading-17\">Gemeinsam entschieden sich die beiden schlie\u00dflich, die Beziehung zu beenden. Sie sind allerdings dankbar f\u00fcr die gemeinsame Zeit. &#8222;Susann und ich w\u00fcnschen einander nur das Beste&#8220;, betonte Herrmann abschlie\u00dfend.<\/p>\n","protected":false},"excerpt":{"rendered":"Sie ist 26 Jahre j\u00fcnger &#8222;Zwischen T\u00fcll und Tr\u00e4nen&#8220;-Star Uwe Herrmann ist getrennt Aktualisiert am 28.01.2026 &#8211; 16:21&hellip;\n","protected":false},"author":2,"featured_media":753587,"comment_status":"","ping_status":"","sticky":false,"template":"","format":"standard","meta":{"footnotes":"","_share_on_mastodon":"0"},"categories":[1776],"tags":[1801,29,2386,214,30,1802,172041,11117,215,172040],"class_list":["post-753586","post","type-post","status-publish","format-standard","has-post-thumbnail","category-prominente","tag-celebrities","tag-deutschland","tag-dresden","tag-entertainment","tag-germany","tag-prominente","tag-susann-huebel","tag-tuell","tag-unterhaltung","tag-uwe-herrmann"],"share_on_mastodon":{"url":"https:\/\/pubeurope.com\/@de\/115973436566137246","error":""},"_links":{"self":[{"href":"https:\/\/www.europesays.com\/de\/wp-json\/wp\/v2\/posts\/753586","targetHints":{"allow":["GET"]}}],"collection":[{"href":"https:\/\/www.europesays.com\/de\/wp-json\/wp\/v2\/posts"}],"about":[{"href":"https:\/\/www.europesays.com\/de\/wp-json\/wp\/v2\/types\/post"}],"author":[{"embeddable":true,"href":"https:\/\/www.europesays.com\/de\/wp-json\/wp\/v2\/users\/2"}],"replies":[{"embeddable":true,"href":"https:\/\/www.europesays.com\/de\/wp-json\/wp\/v2\/comments?post=753586"}],"version-history":[{"count":0,"href":"https:\/\/www.europesays.com\/de\/wp-json\/wp\/v2\/posts\/753586\/revisions"}],"wp:featuredmedia":[{"embeddable":true,"href":"https:\/\/www.europesays.com\/de\/wp-json\/wp\/v2\/media\/753587"}],"wp:attachment":[{"href":"https:\/\/www.europesays.com\/de\/wp-json\/wp\/v2\/media?parent=753586"}],"wp:term":[{"taxonomy":"category","embeddable":true,"href":"https:\/\/www.europesays.com\/de\/wp-json\/wp\/v2\/categories?post=753586"},{"taxonomy":"post_tag","embeddable":true,"href":"https:\/\/www.europesays.com\/de\/wp-json\/wp\/v2\/tags?post=753586"}],"curies":[{"name":"wp","href":"https:\/\/api.w.org\/{rel}","templated":true}]}}