{"id":753807,"date":"2026-01-28T17:27:11","date_gmt":"2026-01-28T17:27:11","guid":{"rendered":"https:\/\/www.europesays.com\/de\/753807\/"},"modified":"2026-01-28T17:27:11","modified_gmt":"2026-01-28T17:27:11","slug":"rugby-europe-championship-2026-deutschland-mit-runderneuertem-kader","status":"publish","type":"post","link":"https:\/\/www.europesays.com\/de\/753807\/","title":{"rendered":"Rugby Europe Championship 2026: Deutschland mit runderneuertem Kader"},"content":{"rendered":"<p class=\"css-1q8kfuz\">Die deutsche Nationalmannschaft startet im Februar mit zwei Heimspielen in die Rugby Europe Championship 2026 (live auf ProSieben MAXX und Joyn). Bundestrainer Mark Kuhlmann hat nun den Kader bekanntgegeben.<\/p>\n<p class=\"css-1cmglxz\">F\u00fcr die deutsche Rugby-Nationalmannschaft steht die Rugby Europe Championship 2026 an.<\/p>\n<p class=\"css-1cmglxz\">Bundestrainer Mark Kuhlmann hat seinen Kader f\u00fcr die ersten beiden Spiele gegen Rum\u00e4nien (8. Februar live auf ProSieben MAXX und Joyn) und gegen Portugal (14. Februar live auf ProSieben MAXX und Joyn) bekanntgegeben.<\/p>\n<p class=\"css-1cmglxz\">Aufgrund von R\u00fccktritten aus der Nationalmannschaft und weiteren Absagen aus verschiedenen Gr\u00fcnden muss Kuhlmann seinen Kader vor der Rugby Europe Championship 2026 personell umbauen.<\/p>\n<p class=\"css-1cmglxz\">&#8222;Das Team hat jetzt schon ein etwas anderes Gesicht, ist auch noch etwas j\u00fcnger geworden. Aber ich denke, dass wir jetzt einen interessanten Mix aus Spielern haben&#8220;, wird Kuhlmann in der Pressemitteilung von &#8222;Rugby Deutschland&#8220; zitiert.<\/p>\n<p class=\"css-1cmglxz\">&#8222;Und weiter: &#8222;Der Kern des Teams besteht nach wie vor aus Spielern aus der Bundesliga, aber wir haben uns bewusst auch im Ausland nach Spielern mit deutschen Wurzeln umgesehen, zu denen wir auch schon l\u00e4nger Kontakt haben, mit denen wir den Kader verst\u00e4rken k\u00f6nnen.&#8220;<\/p>\n<p>Deutsche Rugby-Nationalmannschaft: Gro\u00dfer personeller Umbau im Sturm<\/p>\n<p class=\"css-1cmglxz\">Im Sturm musste Kuhlmann zahlreiche Ver\u00e4nderungen vornehmen. Ex-Kapit\u00e4n J\u00f6rn Schr\u00f6der ist zur\u00fcckgetreten, Cosmo Zymvragos fehlt im ersten Spiel noch gesperrt und Chris Edene f\u00e4llt wegen einer Verletzung aus.<\/p>\n<p class=\"css-1cmglxz\">Daf\u00fcr sind nun der in Irland aktive Darren Ferrar, der ehemalige walisische U20-Nationalspieler Iestyn Rees und Italien-Profi Nicola Breglia dabei. Zudem hat Kuhlmann auch zahlreiche Talente nominiert wie Jaden Gliatis, Edward Shekete, Christopher Hennig und U18-Kapit\u00e4n Karl Kasper.<\/p>\n<p class=\"css-1cmglxz\">Nicht zuletzt aufgrund des runderneuerten Kaders geht Deutschland als Au\u00dfenseiter in die Partien gegen Rum\u00e4nien und Portugal. &#8222;Das werden zwei ganz schwere Spiele, wobei ich die Portugiesen sogar noch einen Tick st\u00e4rker einsch\u00e4tze&#8220;, sagte Kuhlmann: &#8222;Sber wir wollen uns sowohl in Kassel als auch in Dessau so teuer wie m\u00f6glich verkaufen. Wir k\u00f6nnen als geschlossenes Team gut Rugby spielen, aber wir m\u00fcssen das auch konstant auf den Platz bringen.&#8220;<\/p>\n<p class=\"css-1cmglxz\"><strong>Der deutsche 23er SPieltagskader in der \u00dcbersicht:<\/strong><\/p>\n<p class=\"css-1cmglxz\">SC Frankfurt 1880: Aiden Dixon, Christopher Howells, Daniel Wolf, Hassan Rayan, Leo Wolf,Oliver Paine, Oliver Stein, Cosmo Zymvragos<\/p>\n<p class=\"css-1cmglxz\">DSV 1878 Hannover: Dustin Mizera, Jan Piosik, Tobias Bauer<\/p>\n<p class=\"css-1cmglxz\">Heidelberger RK: Andrew Reintges, Jaden Gliatis<\/p>\n<p class=\"css-1cmglxz\">RG Heidelberg: Nikias von der Lohe, Robin Pl\u00fcmpe<\/p>\n<p class=\"css-1cmglxz\">SC Neuenheim: Felix Lammers, Luke Wakefield, Nikolai Klewinghaus<\/p>\n<p class=\"css-1cmglxz\">TSV Handschuhsheim: Justin Renc<\/p>\n<p class=\"css-1cmglxz\">FC Grenoble (FRA): Christopher Hennig<\/p>\n<p class=\"css-1cmglxz\">RC Vannes (FRA): Eric Marks<\/p>\n<p class=\"css-1cmglxz\">Stade Francais (FRA): Karl Kasper<\/p>\n<p class=\"css-1cmglxz\">Watsonians FC (SCO): Luis Ball<\/p>\n<p class=\"css-1cmglxz\">Caldy RFC (ENG): Michael McDonald<\/p>\n<p class=\"css-1cmglxz\">Guernsey RFC (ENG): John Dawe<\/p>\n<p class=\"css-1cmglxz\">Loughborough University (ENG): Daniel Hamilton-Strong<\/p>\n<p class=\"css-1cmglxz\">Maidenhead RFC (ENG): Shawn Ingle<\/p>\n<p class=\"css-1cmglxz\">Nottingham RFC (ENG): Iestyn Rees<\/p>\n<p class=\"css-1cmglxz\">Oxford Harlekins (ENG): John Ireland<\/p>\n<p class=\"css-1cmglxz\">Rossendale RUFC (ENG): Edward Shekete<\/p>\n<p class=\"css-1cmglxz\">Sutton &amp; Epsom RFC (ENG): Ewan McTaggart<\/p>\n<p class=\"css-1cmglxz\">Wimborn RFC (ENG): Dan Boer<\/p>\n<p class=\"css-1cmglxz\">L&#8217;Aquila Rugby (ITA): Nicola Breglia<\/p>\n<p class=\"css-1cmglxz\">Sao Miguel Rugby (POR): Bader Pretorius<\/p>\n<p class=\"css-1cmglxz\">UL Bohemians RFC (IRL): Darren Ferrar<\/p>\n<p class=\"css-1cmglxz\">Western Districts RFC (AUS): Henry Pearson<\/p>\n","protected":false},"excerpt":{"rendered":"Die deutsche Nationalmannschaft startet im Februar mit zwei Heimspielen in die Rugby Europe Championship 2026 (live auf ProSieben&hellip;\n","protected":false},"author":2,"featured_media":753808,"comment_status":"","ping_status":"","sticky":false,"template":"","format":"standard","meta":{"footnotes":""},"categories":[3933],"tags":[242,331,332,29,548,663,158,3934,3935,13,9901,21300,4006,14,15,108993,9900,9759,9899,12,6236,9149],"class_list":{"0":"post-753807","1":"post","2":"type-post","3":"status-publish","4":"format-standard","5":"has-post-thumbnail","7":"category-eu","8":"tag-242","9":"tag-aktuelle-nachrichten","10":"tag-aktuelle-news","11":"tag-deutschland","12":"tag-eu","13":"tag-europa","14":"tag-europaeische-union","15":"tag-europe","16":"tag-european-union","17":"tag-headlines","18":"tag-joyn","19":"tag-kader","20":"tag-live","21":"tag-nachrichten","22":"tag-news","23":"tag-nominierungen","24":"tag-prosieben-maxx","25":"tag-rugby","26":"tag-rugby-europe-championship","27":"tag-schlagzeilen","28":"tag-spieler","29":"tag-uebertragung"},"share_on_mastodon":{"url":"https:\/\/pubeurope.com\/@de\/115973904405157916","error":""},"_links":{"self":[{"href":"https:\/\/www.europesays.com\/de\/wp-json\/wp\/v2\/posts\/753807","targetHints":{"allow":["GET"]}}],"collection":[{"href":"https:\/\/www.europesays.com\/de\/wp-json\/wp\/v2\/posts"}],"about":[{"href":"https:\/\/www.europesays.com\/de\/wp-json\/wp\/v2\/types\/post"}],"author":[{"embeddable":true,"href":"https:\/\/www.europesays.com\/de\/wp-json\/wp\/v2\/users\/2"}],"replies":[{"embeddable":true,"href":"https:\/\/www.europesays.com\/de\/wp-json\/wp\/v2\/comments?post=753807"}],"version-history":[{"count":0,"href":"https:\/\/www.europesays.com\/de\/wp-json\/wp\/v2\/posts\/753807\/revisions"}],"wp:featuredmedia":[{"embeddable":true,"href":"https:\/\/www.europesays.com\/de\/wp-json\/wp\/v2\/media\/753808"}],"wp:attachment":[{"href":"https:\/\/www.europesays.com\/de\/wp-json\/wp\/v2\/media?parent=753807"}],"wp:term":[{"taxonomy":"category","embeddable":true,"href":"https:\/\/www.europesays.com\/de\/wp-json\/wp\/v2\/categories?post=753807"},{"taxonomy":"post_tag","embeddable":true,"href":"https:\/\/www.europesays.com\/de\/wp-json\/wp\/v2\/tags?post=753807"}],"curies":[{"name":"wp","href":"https:\/\/api.w.org\/{rel}","templated":true}]}}