{"id":753809,"date":"2026-01-28T17:28:14","date_gmt":"2026-01-28T17:28:14","guid":{"rendered":"https:\/\/www.europesays.com\/de\/753809\/"},"modified":"2026-01-28T17:28:14","modified_gmt":"2026-01-28T17:28:14","slug":"europa-vergleich-zeigt-defizite-bei-der-rente","status":"publish","type":"post","link":"https:\/\/www.europesays.com\/de\/753809\/","title":{"rendered":"Europa-Vergleich zeigt Defizite bei der Rente"},"content":{"rendered":"<p>Eine neue Analyse zeigt im Vergleich, dass die Rente in vielen L\u00e4ndern nicht f\u00fcr die Lebenshaltungskosten reicht und gro\u00dfe L\u00fccken offenbart. <\/p>\n<p>            &#13;<br \/>\n              Europa im Vergleich: Rente reicht oft nicht f\u00fcr den Alltag  <\/p>\n<p>Eine neue Auswertung von <a href=\"https:\/\/www.datapulse.de\/rentenluecke-europa-vergleich\/\" target=\"_blank\" rel=\"noopener\" title=\"\">DataPulse Research<\/a> zeigt, wie gro\u00df die L\u00fccke zwischen Rente und Lebenshaltungskosten in Europa tats\u00e4chlich ist. In 26 von 30 L\u00e4ndern k\u00f6nnen \u00e4ltere Menschen ihre Ausgaben nicht allein mit der staatlichen Rente decken. Schon vor Steuern wird klar: Der Ruhestand ist vielerorts finanziell kaum abgesichert. <\/p>\n<p>Rente f\u00e4llt im Vergleich nur in wenigen L\u00e4ndern ausreichend aus  <\/p>\n<p>Nur Spanien, Polen, Tschechien und Rum\u00e4nien erreichen ein Rentenniveau, das \u00fcber den durchschnittlichen Ausgaben von Menschen \u00fcber 60 liegt. In vielen anderen Staaten klafft eine deutliche Versorgungsl\u00fccke. Vor allem in Kroatien, Slowenien und Norwegen liegt die staatliche Unterst\u00fctzung mehr als ein Drittel unter dem notwendigen Bedarf. <\/p>\n<p>Gro\u00dfe Unterschiede bei Ausgaben im europ\u00e4ischen Vergleich  <\/p>\n<p>Die Analyse macht auch die enormen Wohlstandsgef\u00e4lle sichtbar. In Luxemburg liegen die durchschnittlichen Ausgaben eines Rentners bei mehr als 52.000 Euro pro Jahr. Dagegen brauchen Seniorinnen und Senioren in Bulgarien und Rum\u00e4nien oft weniger als 4.500 Euro. L\u00e4nder wie Deutschland, Frankreich und Italien liegen im Mittelfeld mit j\u00e4hrlichen Kosten zwischen 24.000 und 29.000 Euro. Allerdings sind auch in Deutschland die Ausgaben mit rund 28.700 Euro deutlich h\u00f6her als die Rente von 19.100 Euro.  <\/p>\n<p>Warum eine niedrige Rente nicht \u00fcberall zu Armut f\u00fchrt  <\/p>\n<p>Spannend ist das sogenannte Renten-Paradoxon. Ein hohes Defizit muss nicht automatisch Altersarmut bedeuten. Norwegen und Luxemburg zeigen, wie ein starkes Drei-S\u00e4ulen-System mit betrieblicher Vorsorge, privaten R\u00fccklagen und hoher Wohneigentumsquote das Minus der staatlichen Rente ausgleichen kann. In S\u00fcd- und Osteuropa fehlt dieses Netz \u2013 dort h\u00e4ngt die gesamte Absicherung von der staatlichen Leistung ab. (dm) <\/p>\n","protected":false},"excerpt":{"rendered":"Eine neue Analyse zeigt im Vergleich, dass die Rente in vielen L\u00e4ndern nicht f\u00fcr die Lebenshaltungskosten reicht und&hellip;\n","protected":false},"author":2,"featured_media":753810,"comment_status":"","ping_status":"","sticky":false,"template":"","format":"standard","meta":{"footnotes":""},"categories":[3933],"tags":[331,332,548,663,158,3934,3935,666,13,2985,14,15,379,12,6781],"class_list":{"0":"post-753809","1":"post","2":"type-post","3":"status-publish","4":"format-standard","5":"has-post-thumbnail","7":"category-eu","8":"tag-aktuelle-nachrichten","9":"tag-aktuelle-news","10":"tag-eu","11":"tag-europa","12":"tag-europaeische-union","13":"tag-europe","14":"tag-european-union","15":"tag-geld","16":"tag-headlines","17":"tag-kosten","18":"tag-nachrichten","19":"tag-news","20":"tag-rente","21":"tag-schlagzeilen","22":"tag-vergleich"},"share_on_mastodon":{"url":"https:\/\/pubeurope.com\/@de\/115973908494075072","error":""},"_links":{"self":[{"href":"https:\/\/www.europesays.com\/de\/wp-json\/wp\/v2\/posts\/753809","targetHints":{"allow":["GET"]}}],"collection":[{"href":"https:\/\/www.europesays.com\/de\/wp-json\/wp\/v2\/posts"}],"about":[{"href":"https:\/\/www.europesays.com\/de\/wp-json\/wp\/v2\/types\/post"}],"author":[{"embeddable":true,"href":"https:\/\/www.europesays.com\/de\/wp-json\/wp\/v2\/users\/2"}],"replies":[{"embeddable":true,"href":"https:\/\/www.europesays.com\/de\/wp-json\/wp\/v2\/comments?post=753809"}],"version-history":[{"count":0,"href":"https:\/\/www.europesays.com\/de\/wp-json\/wp\/v2\/posts\/753809\/revisions"}],"wp:featuredmedia":[{"embeddable":true,"href":"https:\/\/www.europesays.com\/de\/wp-json\/wp\/v2\/media\/753810"}],"wp:attachment":[{"href":"https:\/\/www.europesays.com\/de\/wp-json\/wp\/v2\/media?parent=753809"}],"wp:term":[{"taxonomy":"category","embeddable":true,"href":"https:\/\/www.europesays.com\/de\/wp-json\/wp\/v2\/categories?post=753809"},{"taxonomy":"post_tag","embeddable":true,"href":"https:\/\/www.europesays.com\/de\/wp-json\/wp\/v2\/tags?post=753809"}],"curies":[{"name":"wp","href":"https:\/\/api.w.org\/{rel}","templated":true}]}}