{"id":754133,"date":"2026-01-28T20:24:11","date_gmt":"2026-01-28T20:24:11","guid":{"rendered":"https:\/\/www.europesays.com\/de\/754133\/"},"modified":"2026-01-28T20:24:11","modified_gmt":"2026-01-28T20:24:11","slug":"buten-un-binnen-vom-28-januar","status":"publish","type":"post","link":"https:\/\/www.europesays.com\/de\/754133\/","title":{"rendered":"buten un binnen vom 28. Januar"},"content":{"rendered":"<p>Bremer CDU legt Antrag f\u00fcr neues Verfassungsschutzgesetz vor \u2013 eine Kopie des SPD-Entwurfs. Die Linke hat vorher die Zustimmung verweigert. Scharfe Kritik der CDU an den Bremer Gr\u00fcnen wegen Verz\u00f6gerungen des Handelsabkommen mit S\u00fcdamerika. Das Abkommen betrifft auch die Bremer Wirtschaft. Am 28. Januar 1966 verungl\u00fcckte eine Passagiermaschine w\u00e4hrend einer Zwischenlandung in Bremen. Angeh\u00f6rige der Opfer halten das Andenken immer noch aufrecht. <\/p>\n","protected":false},"excerpt":{"rendered":"Bremer CDU legt Antrag f\u00fcr neues Verfassungsschutzgesetz vor \u2013 eine Kopie des SPD-Entwurfs. Die Linke hat vorher die&hellip;\n","protected":false},"author":2,"featured_media":754134,"comment_status":"","ping_status":"","sticky":false,"template":"","format":"standard","meta":{"footnotes":""},"categories":[1824],"tags":[2420,31,3364,29,321,614,30,6612,4615,76235,14,42868,184,87349,136021],"class_list":{"0":"post-754133","1":"post","2":"type-post","3":"status-publish","4":"format-standard","5":"has-post-thumbnail","7":"category-bremen","8":"tag-bremen","9":"tag-cdu","10":"tag-de","11":"tag-deutschland","12":"tag-flugzeugabsturz","13":"tag-freihandelsabkommen","14":"tag-germany","15":"tag-gruenen","16":"tag-landwirtschaft","17":"tag-mercosur","18":"tag-nachrichten","19":"tag-passagiermaschine","20":"tag-spd","21":"tag-verfassungsschutzgesetz","22":"tag-zwischenlandung"},"share_on_mastodon":{"url":"https:\/\/pubeurope.com\/@de\/115974600433681258","error":""},"_links":{"self":[{"href":"https:\/\/www.europesays.com\/de\/wp-json\/wp\/v2\/posts\/754133","targetHints":{"allow":["GET"]}}],"collection":[{"href":"https:\/\/www.europesays.com\/de\/wp-json\/wp\/v2\/posts"}],"about":[{"href":"https:\/\/www.europesays.com\/de\/wp-json\/wp\/v2\/types\/post"}],"author":[{"embeddable":true,"href":"https:\/\/www.europesays.com\/de\/wp-json\/wp\/v2\/users\/2"}],"replies":[{"embeddable":true,"href":"https:\/\/www.europesays.com\/de\/wp-json\/wp\/v2\/comments?post=754133"}],"version-history":[{"count":0,"href":"https:\/\/www.europesays.com\/de\/wp-json\/wp\/v2\/posts\/754133\/revisions"}],"wp:featuredmedia":[{"embeddable":true,"href":"https:\/\/www.europesays.com\/de\/wp-json\/wp\/v2\/media\/754134"}],"wp:attachment":[{"href":"https:\/\/www.europesays.com\/de\/wp-json\/wp\/v2\/media?parent=754133"}],"wp:term":[{"taxonomy":"category","embeddable":true,"href":"https:\/\/www.europesays.com\/de\/wp-json\/wp\/v2\/categories?post=754133"},{"taxonomy":"post_tag","embeddable":true,"href":"https:\/\/www.europesays.com\/de\/wp-json\/wp\/v2\/tags?post=754133"}],"curies":[{"name":"wp","href":"https:\/\/api.w.org\/{rel}","templated":true}]}}