{"id":754253,"date":"2026-01-28T21:32:13","date_gmt":"2026-01-28T21:32:13","guid":{"rendered":"https:\/\/www.europesays.com\/de\/754253\/"},"modified":"2026-01-28T21:32:13","modified_gmt":"2026-01-28T21:32:13","slug":"magdeburg-hooligan-wegen-mordversuchs-an-polizisten-in-u-haft-regional","status":"publish","type":"post","link":"https:\/\/www.europesays.com\/de\/754253\/","title":{"rendered":"Magdeburg: Hooligan wegen Mordversuchs an Polizisten in U-Haft | Regional"},"content":{"rendered":"<p><a class=\"skip-content skip-content--link\" href=\"#in-content-skip-link-target-v-0-0\">TTS-Player \u00fcberspringen\u21b5<\/a><a id=\"in-content-skip-link-target-v-0-0\" class=\"skip-content--target-link-hidden skip-content skip-content--target-link\" href=\"#in-content-skip-link-target-v-0-0\">Artikel weiterlesen<\/a><\/p>\n<p>Magdeburg \u2013 <b>Nach den brutalen Fan-Krawallen beim Ost-Derby Magdeburg gegen Dresden mit 70 verletzten Polizisten haben Kripo-Ermittler den ersten Verd\u00e4chtigen festgenommen: einen Hooligan (29) aus Aschersleben.<\/b><\/p>\n<p>Er hasst Polizisten \u2013 doch als der mutma\u00dfliche Beamten-Schl\u00e4ger zum Haftrichter muss, versteckt er sein Gesicht feige unter einer Uniformjacke. Die H\u00e4nde sind hinter dem R\u00fccken gefesselt. Seine F\u00fc\u00dfe stecken in schmutzig-wei\u00dfen Nike-Turnschuhen, er tr\u00e4gt eine Adidas-Jogginghose \u2013 \u00fcber dem Kopf eine blaue Einsatzjacke der Landespolizei von <a href=\"https:\/\/www.bild.de\/regional\/sachsen-anhalt\/sachsen-anhalt\/home-54527072.bild.html\" class=\"text-link\" rel=\"nofollow noopener\" target=\"_blank\">Sachsen-Anhalt<\/a>. So eskortieren Schutzpolizisten Mittwochnachmittag den mutma\u00dflichen Schl\u00e4ger ins Justizzentrum von <a href=\"https:\/\/www.bild.de\/regional\/magdeburg\/home-2H0BFHdgnJ0Fh9otEPDv\" class=\"text-link\" rel=\"nofollow noopener\" target=\"_blank\">Magdeburg<\/a>.<\/p>\n<p><img decoding=\"async\" width=\"992\" height=\"558\" alt=\"Der Angriff spielte sich vor Block U ab. Hier wird gerade ein gro\u00dfer Gegenstand (neben dem Notausgangsschild) auf die Beamten geworfen\" src=\"https:\/\/www.europesays.com\/de\/wp-content\/uploads\/2026\/01\/8b650c0d8c10758929d76b4c360ff47b,45763e1c.jpeg\"   class=\"landscape\" loading=\"lazy\"\/><\/p>\n<p class=\"fig__caption__text\">Der Angriff spielte sich vor Block U ab. Hier wird gerade ein gro\u00dfer Gegenstand (neben dem Notausgangsschild) auf die Beamten geworfen<\/p>\n<p>Foto: Privat<\/p>\n<p>Der Mann wird am Mittwoch, 16.40 Uhr zum Ermittlungsrichter gef\u00fchrt \u2013 nachdem die zust\u00e4ndige Staatsanwaltschaft Magdeburg einen Haftpr\u00fcfungstermin beantragt hatte. Der Verdacht ist extrem: schwerer Landfriedensbruch, Mordversuch an Polizeibeamten und gef\u00e4hrliche K\u00f6rperverletzung!<\/p>\n<p>SEK-Kr\u00e4fte nahmen den Verd\u00e4chtigen fest<\/p>\n<p>Nach knapp einer Stunde kommt der Beschuldigte aus dem Amtsgericht. Handschellen und Polizeijacke tr\u00e4gt er immer noch. Denn: \u201eGegen den Beschuldigten wurde antragsgem\u00e4\u00df Haftbefehl erlassen. Seine Festnahme war zuvor durch Spezialeinsatzkr\u00e4fte des LKA erfolgt\u201c, best\u00e4tigt Polizeisprecherin Tracy Hering auf BILD-Anfrage. <\/p>\n<p><img decoding=\"async\" width=\"992\" height=\"558\" alt=\"Um 16:40 Uhr wurde der Verd\u00e4chtige aus Aschersleben zum Haftrichter gef\u00fchrt\" src=\"https:\/\/www.europesays.com\/de\/wp-content\/uploads\/2026\/01\/cf1cfe899d41703848fa504596cc7fb1,d03e2219.jpeg\"   class=\"landscape\" loading=\"lazy\"\/><\/p>\n<p class=\"fig__caption__text\">Um 16.40 Uhr wurde der Verd\u00e4chtige aus Aschersleben zum Haftrichter gef\u00fchrt<\/p>\n<p>Foto: FOTONAUT MEDIA<\/p>\n<p>Und weiter erkl\u00e4rt die Beh\u00f6rdensprecherin: \u201eKonkret wird dem Mann vorgeworfen, einen Polizisten mit einer Steinplatte angegriffen und verletzt zu haben.\u201c Die Angriffe mit Gullydeckeln, Steinen und Pyrotechnik am vergangenen Samstag waren laut Ermittlern kein Zufall \u2013 sondern <a href=\"https:\/\/www.bild.de\/regional\/sachsen-anhalt\/magdeburg-gegen-dynamo-so-brutal-war-die-hooligan-attacke-69772f13dd950c55001bff0d\" class=\"text-link\" rel=\"nofollow noopener\" target=\"_blank\">gezielte Gewalt von Schwerkriminellen<\/a>. <\/p>\n<p>Mehr zum ThemaWeitere Festnahmen stehen bevor<\/p>\n<p>Durch intensiv gef\u00fchrte Ermittlungen der Ermittlungsgruppe (EG) \u201eUmlauf\u201c erh\u00e4rtete sich zu Wochenbeginn der Tatverdacht gegen den 29-J\u00e4hrigen aus dem Salzlandkreis. Er steht im Verdacht, aktiv am Gewaltexzess beteiligt gewesen zu sein. <\/p>\n<p>Nach BILD-Informationen haben die Beamten der Ermittlungsgruppe \u201eUmlauf\u201c noch mehr Verd\u00e4chtige im Visier. Doch mit weiteren Details h\u00e4lt sich die Polizeisprecherin bewusst zur\u00fcck, um die \u201elaufenden Ermittlungen nicht zu gef\u00e4hrden\u201c.<\/p>\n<p>Noch vorm n\u00e4chsten Heimspiel des FC Magdeburg am Freitag gegen Hannover 96 k\u00f6nnte es zu weiteren Festnahmen kommen.<\/p>\n","protected":false},"excerpt":{"rendered":"TTS-Player \u00fcberspringen\u21b5Artikel weiterlesen Magdeburg \u2013 Nach den brutalen Fan-Krawallen beim Ost-Derby Magdeburg gegen Dresden mit 70 verletzten Polizisten&hellip;\n","protected":false},"author":2,"featured_media":754254,"comment_status":"","ping_status":"","sticky":false,"template":"","format":"standard","meta":{"footnotes":"","_share_on_mastodon":"0"},"categories":[5],"tags":[7973,331,332,3364,29,433,980,30,1000,13,5589,14,15,121,1442,12,172155,3460,45],"class_list":["post-754253","post","type-post","status-publish","format-standard","has-post-thumbnail","category-nachrichten","tag-1-fc-magdeburg","tag-aktuelle-nachrichten","tag-aktuelle-news","tag-de","tag-deutschland","tag-drogen","tag-festnahme","tag-germany","tag-gewalt","tag-headlines","tag-hooligan","tag-nachrichten","tag-news","tag-polizei","tag-razzia","tag-schlagzeilen","tag-scholtyseck-thilo","tag-sport-leuchtturm-leipzig","tag-texttospeech"],"share_on_mastodon":{"url":"https:\/\/pubeurope.com\/@de\/115974867907965456","error":""},"_links":{"self":[{"href":"https:\/\/www.europesays.com\/de\/wp-json\/wp\/v2\/posts\/754253","targetHints":{"allow":["GET"]}}],"collection":[{"href":"https:\/\/www.europesays.com\/de\/wp-json\/wp\/v2\/posts"}],"about":[{"href":"https:\/\/www.europesays.com\/de\/wp-json\/wp\/v2\/types\/post"}],"author":[{"embeddable":true,"href":"https:\/\/www.europesays.com\/de\/wp-json\/wp\/v2\/users\/2"}],"replies":[{"embeddable":true,"href":"https:\/\/www.europesays.com\/de\/wp-json\/wp\/v2\/comments?post=754253"}],"version-history":[{"count":0,"href":"https:\/\/www.europesays.com\/de\/wp-json\/wp\/v2\/posts\/754253\/revisions"}],"wp:featuredmedia":[{"embeddable":true,"href":"https:\/\/www.europesays.com\/de\/wp-json\/wp\/v2\/media\/754254"}],"wp:attachment":[{"href":"https:\/\/www.europesays.com\/de\/wp-json\/wp\/v2\/media?parent=754253"}],"wp:term":[{"taxonomy":"category","embeddable":true,"href":"https:\/\/www.europesays.com\/de\/wp-json\/wp\/v2\/categories?post=754253"},{"taxonomy":"post_tag","embeddable":true,"href":"https:\/\/www.europesays.com\/de\/wp-json\/wp\/v2\/tags?post=754253"}],"curies":[{"name":"wp","href":"https:\/\/api.w.org\/{rel}","templated":true}]}}