{"id":754337,"date":"2026-01-28T22:21:10","date_gmt":"2026-01-28T22:21:10","guid":{"rendered":"https:\/\/www.europesays.com\/de\/754337\/"},"modified":"2026-01-28T22:21:10","modified_gmt":"2026-01-28T22:21:10","slug":"olympische-winterspiele-meloni-regierung-will-nach-unmut-ueber-ice-einsatzplan-beschwichtigen","status":"publish","type":"post","link":"https:\/\/www.europesays.com\/de\/754337\/","title":{"rendered":"Olympische Winterspiele: Meloni-Regierung will nach Unmut \u00fcber ICE-Einsatzplan beschwichtigen"},"content":{"rendered":"<p class=\"paragraph article__item\">Angesichts der Emp\u00f6rung um den\u00a0<a href=\"https:\/\/www.zeit.de\/sport\/2026-01\/olympische-winterspiele-ice-us-sicherheit-kritik\" class=\"\" target=\"_blank\" rel=\"noopener\">geplanten<br \/>\nEinsatz der umstrittenen US-Einwanderungsbeh\u00f6rde ICE<\/a> bei den Olympischen Winterspielen in <a class=\"rtr-entity\" href=\"https:\/\/www.zeit.de\/thema\/italien\" target=\"_blank\" rel=\"noopener\">Italien<\/a> versucht die Meloni-Regierung nun zu beschwichtigen.\u00a0Italiens Innenminister Matteo Piantedosi sagte, die ICE-Beamten<br \/>\nw\u00fcrden &#8222;ausschlie\u00dflich innerhalb ihrer diplomatischen Vertretungen&#8220; und<br \/>\nnicht auf dem italienischen Staatsgebiet t\u00e4tig sein. Sie verf\u00fcgen<br \/>\n\u00fcber &#8222;keinerlei Befugnisse auf italienischem Staatsgebiet&#8220; und sollen nur im US-Konsulat in Mailand angesiedelt sein.\u00a0\n<\/p>\n<p class=\"paragraph article__item\">Bei den Beamten werde es<br \/>\nsich nicht um den &#8222;operativen Arm&#8220; der Beh\u00f6rde handeln.\u00a0F\u00fcr die Sicherheit au\u00dferhalb der<br \/>\n Vertretungen seien ausschlie\u00dflich die italienischen Beh\u00f6rden zust\u00e4ndig. Innenminister Piantedosi traf sich zuvor mit dem<br \/>\nUS-Botschafter, um das Thema zu besprechen.\u00a0\u00a0\n<\/p>\n<p>        ICE soll US-Sicherheitsdienst unterst\u00fctzen        <\/p>\n<p class=\"paragraph article__item\">Das US-Heimatschutzministerium, dem ICE<br \/>\nuntersteht, erkl\u00e4rte, dass die Beh\u00f6rde &#8222;selbstverst\u00e4ndlich&#8220; keine<br \/>\nEinwanderungsma\u00dfnahmen im Ausland durchsetze. Stattdessen solle eine<br \/>\nICE-Einheit den diplomatischen Sicherheitsdienst des<br \/>\nUS-Au\u00dfenministeriums unterst\u00fctzen.\u00a0\n<\/p>\n<p class=\"paragraph article__item\">Zudem solle Italien &#8222;bei der \u00dcberpr\u00fcfung und<br \/>\nEind\u00e4mmung von Risiken durch transnationale kriminelle Organisationen&#8220;<br \/>\ngeholfen werden. S\u00e4mtliche Sicherheitseins\u00e4tze unterl\u00e4gen weiter der<br \/>\nitalienischen Hoheit, hie\u00df es.\u00a0<a href=\"https:\/\/www.zeit.de\/politik\/ausland\/2025-01\/donald-trump-giorgia-meloni-mar-a-lago-florida\" class=\"\" target=\"_blank\" rel=\"noopener\">Die Regierung von Meloni gilt als enge Verb\u00fcndete von US-Pr\u00e4sident Donald Trump<\/a>.\n<\/p>\n<p>        Gro\u00dfe Kritik von Mailands B\u00fcrgermeister        <\/p>\n<p class=\"paragraph article__item\">Am Dienstag war bekannt geworden, dass Beamte<br \/>\nder umstrittenen Beh\u00f6rde bei den Spielen von <a class=\"rtr-entity\" href=\"https:\/\/www.zeit.de\/thema\/mailand\" target=\"_blank\" rel=\"noopener\">Mailand<\/a> und Cortina<br \/>\nd&#8217;Ampezzo, die ab dem 6. Februar stattfinden, bei der Sicherheit vor Ort<br \/>\n mitwirken sollen. Die Nachricht folgte nur <a href=\"https:\/\/www.zeit.de\/politik\/ausland\/2026-01\/toetungen-ice-border-patrol-usa-minneapolis-gxe\" class=\"\" target=\"_blank\" rel=\"noopener\">wenige Tage, nachdem zwei<br \/>\nMenschen in Minneapolis von Bundesbeamten erschossen worden waren<\/a>. Laut Nachrichtenagentur AP sollen an der<br \/>\ngro\u00dfen Er\u00f6ffnungsfeier der Winterspiele US-Vizepr\u00e4sident JD Vance und<br \/>\nAu\u00dfenminister Marco Rubio teilnehmen.\u00a0\n<\/p>\n<p class=\"paragraph article__item\">Der geplante Einsatz von ICE-Beamten in Italien<br \/>\n hatte in dem Land Besorgnis und Emp\u00f6rung ausgel\u00f6st. Der B\u00fcrgermeister<br \/>\nvon Mailand, Giuseppe Sala, \u00e4u\u00dferte etwa starke Kritik. &#8222;Als<br \/>\nB\u00fcrgermeister von Mailand und als Italiener m\u00f6chte ich auf keinen Fall,<br \/>\ndass diese private Polizeitruppe nach Mailand kommt. Es handelt sich um<br \/>\neine Polizei, die v\u00f6llig illegal agiert und t\u00f6tet.&#8220;\n<\/p>\n<p>Thema<\/p>\n<p>                <a href=\"https:\/\/www.zeit.de\/2026\/05\/usa-europa-donald-trump-beziehungen-demokratie\" data-ct-label=\"USA und Europa: Bleibt jetzt nur der Bruch mit den USA?\" target=\"_blank\" rel=\"noopener\"><\/p>\n<p>        Z+ (abopflichtiger Inhalt);<\/p>\n<p>    USA und Europa:<br \/>\n                        Bleibt jetzt nur der Bruch mit den USA?<\/p>\n<p>                <\/a><\/p>\n<p>                <a href=\"https:\/\/www.zeit.de\/kultur\/2026-01\/demokratie-usa-faschismus-donald-trump-robert-paxton\" data-ct-label=\"Donald Trump: Wo die USA auf den f\u00fcnf Stufen des Faschismus stehen\" target=\"_blank\" rel=\"noopener\"><\/p>\n<p>        Z+ (abopflichtiger Inhalt);<\/p>\n<p>    Donald Trump:<br \/>\n                        Wo die USA auf den f\u00fcnf Stufen des Faschismus stehen<\/p>\n<p>                <\/a><\/p>\n<p>                <a href=\"https:\/\/www.zeit.de\/kultur\/2026-01\/us-einwanderungsbehoerde-ice-donald-trump-gestapo-nationalsozialismus\" data-ct-label=\"US-Einwanderungsbeh\u00f6rde ICE: Gestapo, allen Ernstes?\" target=\"_blank\" rel=\"noopener\"><\/p>\n<p>        Z+ (abopflichtiger Inhalt);<\/p>\n<p>    US-Einwanderungsbeh\u00f6rde ICE:<br \/>\n                        Gestapo, allen Ernstes?<\/p>\n<p>                <\/a><\/p>\n","protected":false},"excerpt":{"rendered":"Angesichts der Emp\u00f6rung um den\u00a0geplanten Einsatz der umstrittenen US-Einwanderungsbeh\u00f6rde ICE bei den Olympischen Winterspielen in Italien versucht die&hellip;\n","protected":false},"author":2,"featured_media":754338,"comment_status":"","ping_status":"","sticky":false,"template":"","format":"standard","meta":{"footnotes":""},"categories":[3],"tags":[13,2229,355,1229,12305,172166,14,15,11317,16,12,3931,10,8,9,11,8412,35927,103,104],"class_list":{"0":"post-754337","1":"post","2":"type-post","3":"status-publish","4":"format-standard","5":"has-post-thumbnail","7":"category-welt","8":"tag-headlines","9":"tag-ice","10":"tag-italien","11":"tag-kritik","12":"tag-mailand","13":"tag-matteo-piantedosi","14":"tag-nachrichten","15":"tag-news","16":"tag-olympische-winterspiele","17":"tag-politik","18":"tag-schlagzeilen","19":"tag-sicherheit","20":"tag-top-news","21":"tag-top-meldungen","22":"tag-topmeldungen","23":"tag-topnews","24":"tag-unmut","25":"tag-us-konsulat","26":"tag-welt","27":"tag-world"},"share_on_mastodon":{"url":"https:\/\/pubeurope.com\/@de\/115975060480620013","error":""},"_links":{"self":[{"href":"https:\/\/www.europesays.com\/de\/wp-json\/wp\/v2\/posts\/754337","targetHints":{"allow":["GET"]}}],"collection":[{"href":"https:\/\/www.europesays.com\/de\/wp-json\/wp\/v2\/posts"}],"about":[{"href":"https:\/\/www.europesays.com\/de\/wp-json\/wp\/v2\/types\/post"}],"author":[{"embeddable":true,"href":"https:\/\/www.europesays.com\/de\/wp-json\/wp\/v2\/users\/2"}],"replies":[{"embeddable":true,"href":"https:\/\/www.europesays.com\/de\/wp-json\/wp\/v2\/comments?post=754337"}],"version-history":[{"count":0,"href":"https:\/\/www.europesays.com\/de\/wp-json\/wp\/v2\/posts\/754337\/revisions"}],"wp:featuredmedia":[{"embeddable":true,"href":"https:\/\/www.europesays.com\/de\/wp-json\/wp\/v2\/media\/754338"}],"wp:attachment":[{"href":"https:\/\/www.europesays.com\/de\/wp-json\/wp\/v2\/media?parent=754337"}],"wp:term":[{"taxonomy":"category","embeddable":true,"href":"https:\/\/www.europesays.com\/de\/wp-json\/wp\/v2\/categories?post=754337"},{"taxonomy":"post_tag","embeddable":true,"href":"https:\/\/www.europesays.com\/de\/wp-json\/wp\/v2\/tags?post=754337"}],"curies":[{"name":"wp","href":"https:\/\/api.w.org\/{rel}","templated":true}]}}