{"id":754433,"date":"2026-01-28T23:14:11","date_gmt":"2026-01-28T23:14:11","guid":{"rendered":"https:\/\/www.europesays.com\/de\/754433\/"},"modified":"2026-01-28T23:14:11","modified_gmt":"2026-01-28T23:14:11","slug":"us-amerikaner-samuel-robertson-siegt-beim-wettbewerb-leipziger-gesangspreis-an-der-hmt-leipzig-%c2%b7-leipziger-zeitung","status":"publish","type":"post","link":"https:\/\/www.europesays.com\/de\/754433\/","title":{"rendered":"US-Amerikaner Samuel Robertson siegt beim Wettbewerb \u201eLeipziger Gesangspreis\u201c an der HMT Leipzig \u00b7 Leipziger Zeitung"},"content":{"rendered":"<p>Der Sieger des Wettbewerbs \u201eLeipziger Gesangspreis\u201d im Jahr 2026 hei\u00dft Samuel Robertson. Der geb\u00fcrtige US-Amerikaner erhielt am Samstag in der Finalrunde des Wettbewerbs \u201eLeipziger Gesangspreis\u201c an der Hochschule f\u00fcr Musik und Theater Leipzig ein Preisgeld in H\u00f6he von 2500 Euro. Er studiert dort bei KS Prof. Roland Schubert.<\/p>\n<p>Der 2. Preis in H\u00f6he von 1500 Euro wurde an Rebecca Ibe (Klasse Prof. Caroline Stein) vergeben. Den 3. Preis in H\u00f6he von 1000 Euro gewann Laurenzia Kampa (Klasse Prof. Nikolay Borchev).\u00a0 Den Sonderpreis in H\u00f6he von 300 Euro f\u00fcr die beste studentische Klavierbegleitung, der anonym gestiftet wurde, erhielt Sofia Semenina (Klasse Klavierkammermusik bei Prof. Boris Kusnezow).<\/p>\n<p>Samuel Robertson sang im Finale ein Programm mit Werken von Lortzing, Mahler und Wagner. Am Klavier begleitet\u00a0wurde er von Prof. Heiko Reintzsch.<\/p>\n<p>In der Jury votierten: Prof. Gerald Fauth (Rektor der HMT), Prof. em. Berthold Schmid (Gesang, ehemals HMT Leipzig), Beatrice Schwartner (Redakteurin und Moderatorin MDR Kultur\/Klassik), Patrick Bialdyga (K\u00fcnstlerischer Betriebsdirektor Theater Erfurt) und Kathrin G\u00f6ring (S\u00e4ngerin Oper Leipzig).<\/p>\n<p>Der \u201eLeipziger Gesangspreis\u201c, ein Wettbewerb f\u00fcr Gesangsstudierende mitteldeutscher Hochschulen, fand am Freitag (23.1., Vorrunde mit 12 Studierenden) und am Samstag (24.1., Finale mit sechs Studierenden) statt.\u00a0 Alle stammten von der HMT Leipzig. Gesangsstudierende aus Dresden und Weimar hatten sich nicht beworben.\u00a0<\/p>\n<p>Der 1. Preis wurde gestiftet von den Rotary-Clubs\u00a0\u201eLeipzig\u201c und\u00a0\u201eHerbst 89\u201c sowie dem Hotel Michaelis.\u00a0 Sponsor des 2. Preises war die Stiftung Singen Schmid-Meier-Schmid und des 3. Preises der Verein\u00a0\u201eJunge Stimmen Leipzig\u201c e. V.<\/p>\n<p>Der \u201eLeipziger Gesangspreis\u201c fand dieses Jahr zum 3. Mal statt. Er ist seit 2024 Nachfolger des seit 2002 ausgetragenen \u201eLortzing-Wettbewerbs\u201c. Der n\u00e4chste Wettbewerb wird voraussichtlich am 22. Januar 2027 (Vorrunde) und am 23. Januar 2027 (Finale) veranstaltet.<\/p>\n","protected":false},"excerpt":{"rendered":"Der Sieger des Wettbewerbs \u201eLeipziger Gesangspreis\u201d im Jahr 2026 hei\u00dft Samuel Robertson. Der geb\u00fcrtige US-Amerikaner erhielt am Samstag&hellip;\n","protected":false},"author":2,"featured_media":754434,"comment_status":"","ping_status":"","sticky":false,"template":"","format":"standard","meta":{"footnotes":"","_share_on_mastodon":"0"},"categories":[1832],"tags":[3364,29,30,33536,71,859],"class_list":["post-754433","post","type-post","status-publish","format-standard","has-post-thumbnail","category-leipzig","tag-de","tag-deutschland","tag-germany","tag-hmt","tag-leipzig","tag-sachsen"],"share_on_mastodon":{"url":"https:\/\/pubeurope.com\/@de\/115975268836263960","error":""},"_links":{"self":[{"href":"https:\/\/www.europesays.com\/de\/wp-json\/wp\/v2\/posts\/754433","targetHints":{"allow":["GET"]}}],"collection":[{"href":"https:\/\/www.europesays.com\/de\/wp-json\/wp\/v2\/posts"}],"about":[{"href":"https:\/\/www.europesays.com\/de\/wp-json\/wp\/v2\/types\/post"}],"author":[{"embeddable":true,"href":"https:\/\/www.europesays.com\/de\/wp-json\/wp\/v2\/users\/2"}],"replies":[{"embeddable":true,"href":"https:\/\/www.europesays.com\/de\/wp-json\/wp\/v2\/comments?post=754433"}],"version-history":[{"count":0,"href":"https:\/\/www.europesays.com\/de\/wp-json\/wp\/v2\/posts\/754433\/revisions"}],"wp:featuredmedia":[{"embeddable":true,"href":"https:\/\/www.europesays.com\/de\/wp-json\/wp\/v2\/media\/754434"}],"wp:attachment":[{"href":"https:\/\/www.europesays.com\/de\/wp-json\/wp\/v2\/media?parent=754433"}],"wp:term":[{"taxonomy":"category","embeddable":true,"href":"https:\/\/www.europesays.com\/de\/wp-json\/wp\/v2\/categories?post=754433"},{"taxonomy":"post_tag","embeddable":true,"href":"https:\/\/www.europesays.com\/de\/wp-json\/wp\/v2\/tags?post=754433"}],"curies":[{"name":"wp","href":"https:\/\/api.w.org\/{rel}","templated":true}]}}