{"id":754497,"date":"2026-01-28T23:49:33","date_gmt":"2026-01-28T23:49:33","guid":{"rendered":"https:\/\/www.europesays.com\/de\/754497\/"},"modified":"2026-01-28T23:49:33","modified_gmt":"2026-01-28T23:49:33","slug":"fc-basel-sucht-hitz-nachfolger-holstein-kiels-keeper-krumrey-im-fokus","status":"publish","type":"post","link":"https:\/\/www.europesays.com\/de\/754497\/","title":{"rendered":"FC Basel sucht Hitz-Nachfolger: Holstein Kiels Keeper Krumrey im Fokus"},"content":{"rendered":"<p>38-J\u00e4hriger geht im Sommer\u00a0<\/p>\n<p>                                    <img decoding=\"async\" src=\"https:\/\/www.europesays.com\/de\/wp-content\/uploads\/2026\/01\/jonas-krumrey-holstein-kiel-2025-26-1769607363-188243.jpg\" title=\"FC Basel sucht Hitz-Nachfolger: Holstein Kiels Keeper Krumrey im Fokus\" alt=\"FC Basel sucht Hitz-Nachfolger: Holstein Kiels Keeper Krumrey im Fokus\"\/><\/p>\n<p>\n                                       \u00a9IMAGO\n                                    <\/p>\n<p>Vor rund zwei Wochen hat Routinier <a title=\"Marwin Hitz\" href=\"https:\/\/www.transfermarkt.de\/marwin-hitz\/profil\/spieler\/59238\" rel=\"nofollow noopener\" target=\"_blank\">Marwin Hitz<\/a> (38) bekanntgegeben, dass er den <a title=\"FC Basel 1893\" href=\"https:\/\/www.transfermarkt.de\/fc-basel-1893\/startseite\/verein\/26\" rel=\"nofollow noopener\" target=\"_blank\">FC Basel 1893<\/a> am Saisonende nach Ablauf seines Vertrages verlassen wird. Sp\u00e4testens seitdem l\u00e4uft beim 21-fachen Meister die Suche nach einem neuen Torwart und der Blick geht dabei auch nach Norddeutschland. Nach Transfermarkt-Infos hat <a title=\"Jonas Krumrey\" href=\"https:\/\/www.transfermarkt.de\/jonas-krumrey\/profil\/spieler\/531637\" rel=\"nofollow noopener\" target=\"_blank\">Jonas Krumrey<\/a> von <a title=\"Holstein Kiel\" href=\"https:\/\/www.transfermarkt.de\/holstein-kiel\/startseite\/verein\/269\" rel=\"nofollow noopener\" target=\"_blank\">Holstein Kiel<\/a> das Interesse der Bebbi geweckt. Zuerst hatte der \u201eKicker\u201c den 22-J\u00e4hrigen auf einer Liste von Kandidaten f\u00fcr die Hitz-Nachfolge genannt, auf der etwa auch Ex-Basler <a title=\"Yann Sommer\" href=\"https:\/\/www.transfermarkt.de\/yann-sommer\/profil\/spieler\/42205\" rel=\"nofollow noopener\" target=\"_blank\">Yann Sommer<\/a> (37, Vertrag bei Inter endet) steht.<\/p>\n<p>\n    <a class=\"bbcodesLink\" href=\"https:\/\/www.transfermarkt.de\/jonas-krumrey-zu-fc-basel-1893-\/thread\/forum\/154\/thread_id\/1187723\" rel=\"nofollow noopener\" target=\"_blank\"><\/p>\n<tr>\n<p>                        Ger\u00fccht<\/p>\n<\/tr>\n<tr class=\"contentzeile\">\n<td class=\"spielerbild\" rowspan=\"2\">\n                        <img decoding=\"async\" src=\"https:\/\/www.europesays.com\/de\/wp-content\/uploads\/2026\/01\/531637-1756808724.jpg\" title=\"Jonas Krumrey\" alt=\"Jonas Krumrey\" class=\"\"\/>                    <\/td>\n<td class=\"spielername\">\n                        <a title=\"Jonas Krumrey\" href=\"https:\/\/www.transfermarkt.de\/jonas-krumrey\/profil\/spieler\/531637\" rel=\"nofollow noopener\" target=\"_blank\">J. Krumrey<\/a>                    <\/td>\n<td class=\"vereinswappen\" rowspan=\"2\">\n                        <img decoding=\"async\" src=\"https:\/\/www.europesays.com\/de\/wp-content\/uploads\/2025\/05\/269.png\" title=\"Holstein Kiel\" alt=\"Holstein Kiel\" class=\"\"\/>                    <\/td>\n<td class=\"c2action\" rowspan=\"2\"><\/td>\n<\/tr>\n<tr class=\"contentzeile\">\n<td class=\"position\">\n                        Torwart                    <\/td>\n<\/tr>\n<tr class=\"contentZeileSpielerGK\">\n<td colspan=\"4\">\n<tr>\n<td class=\"vereinsname\">\n                                    Holstein Kiel                                <\/td>\n<td class=\"vereinswappen\" rowspan=\"2\">\n                                    <img decoding=\"async\" src=\"https:\/\/www.europesays.com\/de\/wp-content\/uploads\/2025\/05\/269.png\" title=\"Holstein Kiel\" alt=\"Holstein Kiel\" class=\"\"\/>                                <\/td>\n<td class=\"wahrscheinlichkeit-\" rowspan=\"2\">\n                                                                            ?\n                                                                        <\/td>\n<td class=\"vereinswappen\" rowspan=\"2\">\n                                    <img decoding=\"async\" src=\"https:\/\/www.europesays.com\/de\/wp-content\/uploads\/2025\/08\/26.png\" title=\"FC Basel 1893\" alt=\"FC Basel 1893\" class=\"\"\/>                                <\/td>\n<td class=\"vereinsname\">\n                                    FC Basel                                <\/td>\n<\/tr>\n<tr>\n<td>\n                                    2. Bundesliga                                <\/td>\n<td>\n                                    Super League                                <\/td>\n<\/tr>\n<\/td>\n<\/tr>\n<p>    <\/a>\n<\/p>\n<p>Krumrey ist erst im Sommer 2025 f\u00fcr eine geringe Abl\u00f6se von rund 150.000 Euro von Red Bull Salzburg nach Kiel gewechselt, wo er noch bis 2027 unter Vertrag steht. Der vom Chiemsee stammende Keeper kam 2017 aus der Jugend des FC Bayern zu den Bullen, wo er aber nicht den Sprung zu den Profs schaffte. 2024\/25 war er nach Lyngby in D\u00e4nemark verliehen und kam in der Folge nach Kiel, um Stammkraft <a title=\"Timon Weiner\" href=\"https:\/\/www.transfermarkt.de\/timon-weiner\/profil\/spieler\/296428\" rel=\"nofollow noopener\" target=\"_blank\">Timon Weiner<\/a> (27) herauszufordern.<\/p>\n<p><\/p>\n<p>Die Erwartungen \u00fcbertraf Krumrey jedoch und etablierte sich schnell als Nummer eins. In 19 Zweitliga-Spielen blieb er f\u00fcnfmal zu null und kassierte nur 24 Gegentore. Seinen Marktwert steigerte Krumrey, der auch bei Vereinen aus der englischen Championship im Fokus stehen soll, seit dem Transfer von 300.000 auf 1,2 Millionen Euro, ist damit im Kader der St\u00f6rche einer der gro\u00dfen Gewinner dieser bislang noch holprigen Saison.<\/p>\n<p><a href=\"https:\/\/www.transfermarkt.de\/holstein-kiel\/detail\/forum\/217\" target=\"_blank\" rel=\"nofollow noopener\"><img loading=\"lazy\" decoding=\"async\" src=\"https:\/\/www.europesays.com\/de\/wp-content\/uploads\/2025\/06\/banner-vereinsforen-2025-26-holstein-kiel-1750781598-170927.jpg\" alt=\"\u00a9 tm\/imago - Hier \u00fcber Holstein Kiel mitdiskutieren - Link zum Vereinsforum\" width=\"503\" height=\"148\"\/><\/a><\/p>\n<p>\nTorwartausbildung bei Holstein Kiel: Folgt Rothenhagen auf Krumrey?<\/p>\n<p>Krumreys steile Entwicklung ist kein Zufall: Unter Torwarttrainer <a title=\"Patrik Borger\" href=\"https:\/\/www.transfermarkt.de\/patrik-borger\/profil\/trainer\/27185\" rel=\"nofollow noopener\" target=\"_blank\">Patrik Borger<\/a>, der einst f\u00fcr den FC St. Pauli auflief, arbeitet die KSV konzeptionell an der Verbesserung des Torh\u00fcterteams. Das gilt ebenso f\u00fcr Weiner, der mit Holstein 2023\/24 in die 1. Bundesliga aufgestiegen war. In der Rotationsrolle zeigte er im DFB-Pokal bei den Ausw\u00e4rtssiegen in Wolfsburg (1:0) und beim HSV (5:3 n.E.) starke Leistungen und wird wohl auch im Viertelfinale kommende Woche gegen Stuttgart (Mittwoch, 20:45 Uhr) wieder das Vertrauen bekommen.<\/p>\n<p><\/p>\n<p>Der fr\u00fchere Schalker Jugendkeeper hatte selbst in diesem Winter Interesse bei Zweitliga-Rivalen wie <a title=\"SG Dynamo Dresden\" href=\"https:\/\/www.transfermarkt.de\/sg-dynamo-dresden\/startseite\/verein\/129\" rel=\"nofollow noopener\" target=\"_blank\">Dynamo Dresden<\/a> (holten stattdessen <a href=\"https:\/\/www.transfermarkt.de\/elias-bethke\/profil\/spieler\/601918\" rel=\"nofollow noopener\" target=\"_blank\">Elias Bethke<\/a>) geweckt, sollte Kiel aber nicht verlassen. Als beachtlich gilt auch die Entwicklung von KSV-Eigengew\u00e4chs <a title=\"Lio Rothenhagen\" href=\"https:\/\/www.transfermarkt.de\/lio-rothenhagen\/profil\/spieler\/939807\" rel=\"nofollow noopener\" target=\"_blank\">Lio Rothenhagen<\/a>, der seit September 2025 Teil des deutschen U20-Kaders ist und schon drei Eins\u00e4tze aufweist. Der 19-J\u00e4hrige ist ein gro\u00dfes Talent und k\u00f6nnte bei einem Abgang Krumreys den n\u00e4chsten Schritt im Profikader der St\u00f6rche machen. Ein Abschied der Nummer eins aus Kiel im Winter ist kein Thema. F\u00fcr den Sommer, f\u00fcr den Basel sucht, kann dies bei einem passenden Angebot und mit Blick auf den 2027 auslaufenden Vertrag aber nicht ausgeschlossen werden.<\/p>\n<p><\/p>\n","protected":false},"excerpt":{"rendered":"38-J\u00e4hriger geht im Sommer\u00a0 \u00a9IMAGO Vor rund zwei Wochen hat Routinier Marwin Hitz (38) bekanntgegeben, dass er den&hellip;\n","protected":false},"author":2,"featured_media":754498,"comment_status":"","ping_status":"","sticky":false,"template":"","format":"standard","meta":{"footnotes":"","_share_on_mastodon":"0"},"categories":[1852],"tags":[621,3364,29,548,663,3934,94772,30,13,10243,172182,4949,172184,14,15,172185,12,1971,64942,172183],"class_list":["post-754497","post","type-post","status-publish","format-standard","has-post-thumbnail","category-kiel","tag-2-bundesliga","tag-de","tag-deutschland","tag-eu","tag-europa","tag-europe","tag-fc-basel-1893","tag-germany","tag-headlines","tag-holstein-kiel","tag-jonas-krumrey","tag-kiel","tag-lio-rothenhagen","tag-nachrichten","tag-news","tag-patrik-borger","tag-schlagzeilen","tag-schleswig-holstein","tag-super-league","tag-timon-weiner"],"share_on_mastodon":{"url":"https:\/\/pubeurope.com\/@de\/115975408259320722","error":""},"_links":{"self":[{"href":"https:\/\/www.europesays.com\/de\/wp-json\/wp\/v2\/posts\/754497","targetHints":{"allow":["GET"]}}],"collection":[{"href":"https:\/\/www.europesays.com\/de\/wp-json\/wp\/v2\/posts"}],"about":[{"href":"https:\/\/www.europesays.com\/de\/wp-json\/wp\/v2\/types\/post"}],"author":[{"embeddable":true,"href":"https:\/\/www.europesays.com\/de\/wp-json\/wp\/v2\/users\/2"}],"replies":[{"embeddable":true,"href":"https:\/\/www.europesays.com\/de\/wp-json\/wp\/v2\/comments?post=754497"}],"version-history":[{"count":0,"href":"https:\/\/www.europesays.com\/de\/wp-json\/wp\/v2\/posts\/754497\/revisions"}],"wp:featuredmedia":[{"embeddable":true,"href":"https:\/\/www.europesays.com\/de\/wp-json\/wp\/v2\/media\/754498"}],"wp:attachment":[{"href":"https:\/\/www.europesays.com\/de\/wp-json\/wp\/v2\/media?parent=754497"}],"wp:term":[{"taxonomy":"category","embeddable":true,"href":"https:\/\/www.europesays.com\/de\/wp-json\/wp\/v2\/categories?post=754497"},{"taxonomy":"post_tag","embeddable":true,"href":"https:\/\/www.europesays.com\/de\/wp-json\/wp\/v2\/tags?post=754497"}],"curies":[{"name":"wp","href":"https:\/\/api.w.org\/{rel}","templated":true}]}}