{"id":754723,"date":"2026-01-29T02:00:26","date_gmt":"2026-01-29T02:00:26","guid":{"rendered":"https:\/\/www.europesays.com\/de\/754723\/"},"modified":"2026-01-29T02:00:26","modified_gmt":"2026-01-29T02:00:26","slug":"baustart-verschoben-sanierung-der-kunsthalle-duesseldorf-um-jahre-verschoben","status":"publish","type":"post","link":"https:\/\/www.europesays.com\/de\/754723\/","title":{"rendered":"Baustart verschoben: Sanierung der Kunsthalle D\u00fcsseldorf um Jahre verschoben"},"content":{"rendered":"<p class=\"paragraph article__item\">Die Gesamtsanierung der Kunsthalle <a class=\"rtr-entity\" href=\"https:\/\/www.zeit.de\/thema\/duesseldorf\" rel=\"nofollow noopener\" target=\"_blank\">D\u00fcsseldorf<\/a> verschiebt sich mit Auswirkungen auf die Programme um drei Jahre. Wie die Stadt D\u00fcsseldorf mitteilt, soll die Sanierung nun Anfang 2029 statt wie geplant in diesem Jahr beginnen. Die Kunsthalle D\u00fcsseldorf und der Kunstverein f\u00fcr die Rheinlande und Westfalen arbeiteten an einer kurzfristigen Umstrukturierung ihrer bereits geplanten Interimsprogramme ab M\u00e4rz des laufenden Jahres.\n<\/p>\n<p>Aktuelles<\/p>\n<p>                <a href=\"https:\/\/www.zeit.de\/politik\/deutschland\/2026-01\/deutsche-bahn-sofortprogramm-sauberkeit-sicherheit-gxe\" data-ct-label=\"Sofortprogramm: Deutsche Bahn will 25 Bahnh\u00f6fe sicherer und sauberer machen\" rel=\"nofollow noopener\" target=\"_blank\"><\/p>\n<p>                        Sofortprogramm:<br \/>\n                        Deutsche Bahn will 25 Bahnh\u00f6fe sicherer und sauberer machen<\/p>\n<p>                <\/a><\/p>\n<p>                <a href=\"https:\/\/www.zeit.de\/politik\/deutschland\/2026-01\/praemie-neu-elektroauto-wirtschaft-autoindustrie-gxe\" data-ct-label=\"E-Mobilit\u00e4t: Neue Kaufpr\u00e4mie f\u00fcr E-Autos soll r\u00fcckwirkend ab 1. Januar gelten\" rel=\"nofollow noopener\" target=\"_blank\"><\/p>\n<p>                        E-Mobilit\u00e4t:<br \/>\n                        Neue Kaufpr\u00e4mie f\u00fcr E-Autos soll r\u00fcckwirkend ab 1. Januar gelten<\/p>\n<p>                <\/a><\/p>\n<p>                <a href=\"https:\/\/www.zeit.de\/zeit-wissen\/2026\/01\/seilbahn-oeffentlicher-nahverkehr-infrastruktur-deutschland\" data-ct-label=\"Seilbahn: Flucht nach oben\" rel=\"nofollow noopener\" target=\"_blank\"><\/p>\n<p>        Z+ (abopflichtiger Inhalt);<\/p>\n<p>    Seilbahn:<br \/>\n                        Flucht nach oben<\/p>\n<p>                <\/a><\/p>\n<p class=\"paragraph article__item\">Mit der Kabarettb\u00fchne \u00abDas Kom(m)\u00f6dchen\u00bb, die ebenfalls in dem Komplex der Kunsthalle D\u00fcsseldorf beheimatet ist, w\u00fcrden Gespr\u00e4che \u00fcber den konkreten Zeitpunkt des Umzugs gef\u00fchrt. Die vorgesehene Interimsl\u00f6sung im Ibach-Saal des Stadtmuseums stehe ab Juni des laufenden Jahres zur Verf\u00fcgung. Das Ausweichquartier war f\u00fcr die Zeit der Geb\u00e4udesanierung ausgew\u00e4hlt worden.\n<\/p>\n<p class=\"paragraph article__item\">Als Grund f\u00fcr den verschobenen Start der <a class=\"rtr-entity\" href=\"https:\/\/www.zeit.de\/thema\/sanierung\" rel=\"nofollow noopener\" target=\"_blank\">Sanierung<\/a> nennt die Stadt \u00abwachsende Bedarfe\u00bb sowohl an dem Geb\u00e4ude selbst als auch an den beiden umliegenden Tiefgaragen. Es soll nunmehr ein \u00abumfassendes Gesamtma\u00dfnahmenpaket\u00bb erarbeitet werden, das auch im Zusammenhang mit weiteren Bauprojekten in der Umgebung stehe. Die einzelnen Vorhaben sollten zeitlich, technisch und wirtschaftlich aufeinander abgestimmt werden. Eine Beschlussvorlage soll dem Stadtrat voraussichtlich 2027 vorgelegt werden.\u00a0\n<\/p>\n<p class=\"paragraph article__item\">Das denkmalgesch\u00fctzte Geb\u00e4ude aus dem Jahr 1967 ist in die Jahre gekommen und muss aufwendig saniert werden. Geplant sind eine umfassende energetische Sanierung, eine Modernisierung und die Barrierefreiheit, teilte die Stadt im vergangenen Jahr mit. F\u00fcr die Sanierung muss die Kunsthalle f\u00fcr voraussichtlich drei Jahre lang geschlossen bleiben. Die Institution k\u00fcndigte damals aber an, mit ihrem Programm \u00absichtbar und erlebbar\u00bb zu bleiben.\n<\/p>\n<p class=\"paragraph article__item\">\u00a9 dpa-infocom, dpa:260128-930-610127\/1<\/p>\n","protected":false},"excerpt":{"rendered":"Die Gesamtsanierung der Kunsthalle D\u00fcsseldorf verschiebt sich mit Auswirkungen auf die Programme um drei Jahre. Wie die Stadt&hellip;\n","protected":false},"author":2,"featured_media":754724,"comment_status":"","ping_status":"","sticky":false,"template":"","format":"standard","meta":{"footnotes":"","_share_on_mastodon":"0"},"categories":[1831],"tags":[18063,16365,172232,3364,29,3405,30,172234,172233,15,1209,4108],"class_list":["post-754723","post","type-post","status-publish","format-standard","has-post-thumbnail","category-duesseldorf","tag-kunsthalle","tag-baustart","tag-baustart-verschoben","tag-de","tag-deutschland","tag-duesseldorf","tag-germany","tag-gesamtsanierung","tag-junge-presse-nordrhein-westfalen","tag-news","tag-nordrhein-westfalen","tag-sanierung"],"share_on_mastodon":{"url":"https:\/\/pubeurope.com\/@de\/115975921580641543","error":""},"_links":{"self":[{"href":"https:\/\/www.europesays.com\/de\/wp-json\/wp\/v2\/posts\/754723","targetHints":{"allow":["GET"]}}],"collection":[{"href":"https:\/\/www.europesays.com\/de\/wp-json\/wp\/v2\/posts"}],"about":[{"href":"https:\/\/www.europesays.com\/de\/wp-json\/wp\/v2\/types\/post"}],"author":[{"embeddable":true,"href":"https:\/\/www.europesays.com\/de\/wp-json\/wp\/v2\/users\/2"}],"replies":[{"embeddable":true,"href":"https:\/\/www.europesays.com\/de\/wp-json\/wp\/v2\/comments?post=754723"}],"version-history":[{"count":0,"href":"https:\/\/www.europesays.com\/de\/wp-json\/wp\/v2\/posts\/754723\/revisions"}],"wp:featuredmedia":[{"embeddable":true,"href":"https:\/\/www.europesays.com\/de\/wp-json\/wp\/v2\/media\/754724"}],"wp:attachment":[{"href":"https:\/\/www.europesays.com\/de\/wp-json\/wp\/v2\/media?parent=754723"}],"wp:term":[{"taxonomy":"category","embeddable":true,"href":"https:\/\/www.europesays.com\/de\/wp-json\/wp\/v2\/categories?post=754723"},{"taxonomy":"post_tag","embeddable":true,"href":"https:\/\/www.europesays.com\/de\/wp-json\/wp\/v2\/tags?post=754723"}],"curies":[{"name":"wp","href":"https:\/\/api.w.org\/{rel}","templated":true}]}}