{"id":754993,"date":"2026-01-29T04:34:14","date_gmt":"2026-01-29T04:34:14","guid":{"rendered":"https:\/\/www.europesays.com\/de\/754993\/"},"modified":"2026-01-29T04:34:14","modified_gmt":"2026-01-29T04:34:14","slug":"dynamo-dresden-bobzien-flachst-ueber-woltemade-und-veraendert-die-sgd-sport","status":"publish","type":"post","link":"https:\/\/www.europesays.com\/de\/754993\/","title":{"rendered":"Dynamo Dresden: Bobzien flachst \u00fcber Woltemade und ver\u00e4ndert die SGD | Sport"},"content":{"rendered":"<p><a class=\"skip-content skip-content--link\" href=\"#in-content-skip-link-target-v-0-0\">TTS-Player \u00fcberspringen\u21b5<\/a><a id=\"in-content-skip-link-target-v-0-0\" class=\"skip-content--target-link-hidden skip-content skip-content--target-link\" href=\"#in-content-skip-link-target-v-0-0\">Artikel weiterlesen<\/a><\/p>\n<p><b>Dynamo Dresden will im Eiltempo von den Abstiegspl\u00e4tzen. Nach zwei Auftaktsiegen im neuen Jahr kann Sonntag (13.30 Uhr) mit einem Dreier gegen Arminia Bielefeld der gro\u00dfe Sprung gelingen. Neuzugang Ben Bobzien (22) d\u00fcrfte dabei sein SGD-Deb\u00fct feiern, bringt genau die Geschwindigkeit im Angriff mit, die es f\u00fcr die Aufholjagd in der 2. Liga ben\u00f6tigt.<\/b><\/p>\n<p>Die Leihgabe von Bundesligist Mainz sagt: \u201eIch mag es gern, links zu spielen, kann aber auch als zweiter St\u00fcrmer ran. Eigentlich ist das, was die Offensive betrifft, sehr unterschiedlich. Ich bin da sehr variabel.\u201c<\/p>\n<p>Fakt ist: Mit Bobzien hat der Stammplatz-Kampf vorn jetzt eine ganz andere Dimension. Nils Fr\u00f6ling (25\/3 Tore), der bisher wild zwischen Top- und Flop-Momenten pendelte, muss sich jetzt straffen. Mehr Ballgewinne in der Defensive, mehr Durchsetzungsverm\u00f6gen und bessere Abschluss-Aktionen werden n\u00f6tig sein, um in der Startelf zu stehen.<\/p>\n<p><img decoding=\"async\" width=\"992\" height=\"558\" alt=\"Ben Bobzien bei seiner Unterschrift in Dresden am Freitag\" src=\"https:\/\/www.europesays.com\/de\/wp-content\/uploads\/2026\/01\/57b795f8234363e8829424862fddc9ac,dd7c026c.jpeg\"   class=\"landscape\" loading=\"lazy\"\/><\/p>\n<p class=\"fig__caption__text\">Ben Bobzien bei seiner Unterschrift in Dresden am Freitag<\/p>\n<p>Foto: SG DYNAMO DRESDEN<\/p>\n<p>So meint SGD-Sportdirektor S\u00f6ren Gonther (39) zu Bobzien: \u201eMit seinem Tempo und dem trickreichen Spiel hat sich Ben in den zur\u00fcckliegenden Jahren stetig weiterentwickelt. Er kann auf beiden Fl\u00fcgeln oder auch mal in der Mitte spielen und hat eine gute Intensit\u00e4t gegen den Ball.\u201c<\/p>\n<p>Auch f\u00fcr Jakob Lemmer (25), der nach der Verpflichtung von Jason Ceka (26) zuletzt auf die linke Seite wechselte, w\u00e4chst der Druck. Zwar legte Lemmer bei bisher f\u00fcnf Toren ein ordentliches Premierenjahr im Bundesliga-Unterhaus hin, hatte allerdings auch seine Schw\u00e4chephasen in der Hinrunde. Der Puls muss f\u00fcr den Klassenerhalt bei allen auf Anschlag.<\/p>\n<p>Stammplatz-Druck und neue Taktikoptionen<\/p>\n<p>\u201eMit Jason und Ben haben wir jetzt Spieler f\u00fcr die Zwischenr\u00e4ume und mit Nils Fr\u00f6ling und Jakob Lemmer Spieler f\u00fcr die Tiefe. Und damit vorne ein Top-Angebot. Das ist eine Konkurrenz-Situation, die jeden Einzelnen besser macht. Das ist am Ende das Sch\u00f6ne\u201c, erkl\u00e4rt Gonther auch taktische \u00dcberlegungen hinter dem Einkauf.<\/p>\n<p>Am wichtigsten: Bobzien kann auch als h\u00e4ngende Spitze hinter Vincent Vermeij (31) oder Christoph Daferner (28) ran. Die Gegner d\u00fcrften deutlich mehr ins Gr\u00fcbeln kommen. Mehr Qualit\u00e4t, mehr Quantit\u00e4t, mehr Flexibilit\u00e4t. So ver\u00e4ndert der Transfer <a href=\"https:\/\/www.bild.de\/sport\/fussball\/dynamo-dresden\/startseite-dynamo-46789412.bild.html\" class=\"text-link\" rel=\"nofollow noopener\" target=\"_blank\">Dynamo Dresden<\/a>.<\/p>\n<p>Was k\u00f6nnen die Fans denn von ihm erwarten? \u201eIch hoffe das ein oder andere Tor und ein schnelles Spiel nach vorne. Ja, einfach Spa\u00df am Fu\u00dfball zu haben\u201c, antwortet Bobzien, der dank seiner drei Conference-League-Eins\u00e4tze f\u00fcr Mainz diese Saison mehr Europapokal als Bundesliga spielte.<\/p>\n<p><img decoding=\"async\" width=\"992\" height=\"558\" alt=\"Hier war Bobzien mit Mainz in der Conference League gegen CS Universitatea Craiova am Ball.\" src=\"https:\/\/www.europesays.com\/de\/wp-content\/uploads\/2026\/01\/fac468a87ea8a5029f7ecb7feb6ed92c,d6980a4d.jpeg\"   class=\"landscape\" loading=\"lazy\"\/><\/p>\n<p class=\"fig__caption__text\">Hier war Bobzien mit Mainz in der Conference League gegen CS Universitatea Craiova am Ball.<\/p>\n<p>Foto: dpa<\/p>\n<p>Au\u00dferdem gab&#8217;s ja noch folgenschwere 26 Minuten f\u00fcr ihn beim 1:0-Sieg in Dresden. \u201eDas DFB-Pokal-Spiel war ein Punkt f\u00fcr den Wechsel. Als Dresden angefragt hatte, war ich sofort \u00fcberzeugt und hatte richtig Bock, hier zu spielen. Ich kannte das Stadion, die Stimmung mit den Fans. Was sie hier erzeugen k\u00f6nnen, war unfassbar\u201c, verr\u00e4t der 1,76-Meter-Kicker.<\/p>\n<p>Von den neuen Teamkollegen kennt er Robert Wagner von den deutschen U-Nationalmannschaften. \u201eWir waren fr\u00fcher Zimmerkollegen. Mit ihm verstehe ich mich sehr gut. Ich habe ihn ein bisschen ausgefragt \u00fcber Dresden und den Verein.\u201c<\/p>\n<p>Wie Bobzien \u00fcber Woltemade flachst<\/p>\n<p>Genauso interessant sind seine Bekanntschaften der Vergangenheit. Als Bobzien sich in Klagenfurt letzte Saison mit neun Treffern in der \u00f6sterreichischen Bundesliga ins Blickfeld schoss, waren seine Trainer Ex-Dynamo Peter Pacult (66) und Ex-Bayern-Star Carsten Jancker (51).<\/p>\n<p>Mehr zum Thema<\/p>\n<p>Nicht so lief es f\u00fcr ihn vor drei Jahren bei der Leihe nach Elversberg in der 3. Liga, wo er neben <a href=\"https:\/\/www.bild.de\/sport\/fussball\/nick-woltemade-in-seiner-1-newcastle-krise-9-spiele-torlos-kritik-in-england-nimmt-zu-69766639f5499fb954b6573e\" class=\"text-link\" rel=\"nofollow noopener\" target=\"_blank\">Nick Woltemade<\/a> (23\/jetzt Newcastle United) auflief. \u201eEr w\u00fcrde mir noch antworten, wenn ich ihm schreiben w\u00fcrde\u201c, flachst <a href=\"https:\/\/www.bild.de\/sport\/fussball\/fussball-aus-der-bundesliga-dynamo-dresden-holt-diesen-fluegelflitzer-69731c14f5499fb954b6315d\" class=\"text-link\" rel=\"nofollow noopener\" target=\"_blank\">Ben Bobzien<\/a> \u00fcber seinen Draht zum Superstar. \u201eAber Tipps zum Toreschie\u00dfen muss er mir keine geben.\u201c Selbstbewusstsein, das man braucht, um den Tabellenkeller der <a href=\"https:\/\/www.bild.de\/sport\/fussball\/2-bundesliga\/2-liga-startseite-52368772.bild.html\" class=\"text-link\" rel=\"nofollow noopener\" target=\"_blank\">2. Liga<\/a> zu verlassen&#8230;<\/p>\n","protected":false},"excerpt":{"rendered":"TTS-Player \u00fcberspringen\u21b5Artikel weiterlesen Dynamo Dresden will im Eiltempo von den Abstiegspl\u00e4tzen. Nach zwei Auftaktsiegen im neuen Jahr kann&hellip;\n","protected":false},"author":2,"featured_media":754994,"comment_status":"","ping_status":"","sticky":false,"template":"","format":"standard","meta":{"footnotes":"","_share_on_mastodon":"0"},"categories":[1835],"tags":[172274,3364,29,2386,3766,30,172276,172275,859,803,3460,9095,45,14464,14709,784],"class_list":["post-754993","post","type-post","status-publish","format-standard","has-post-thumbnail","category-dresden","tag-bobzien-ben","tag-de","tag-deutschland","tag-dresden","tag-dynamo-dresden","tag-germany","tag-jancker-carsten","tag-pacult-peter","tag-sachsen","tag-spielertransfer","tag-sport-leuchtturm-leipzig","tag-stuermer","tag-texttospeech","tag-wintertransfer","tag-woltemade-nick","tag-zweite-bundesliga"],"share_on_mastodon":{"url":"https:\/\/pubeurope.com\/@de\/115976527306080297","error":""},"_links":{"self":[{"href":"https:\/\/www.europesays.com\/de\/wp-json\/wp\/v2\/posts\/754993","targetHints":{"allow":["GET"]}}],"collection":[{"href":"https:\/\/www.europesays.com\/de\/wp-json\/wp\/v2\/posts"}],"about":[{"href":"https:\/\/www.europesays.com\/de\/wp-json\/wp\/v2\/types\/post"}],"author":[{"embeddable":true,"href":"https:\/\/www.europesays.com\/de\/wp-json\/wp\/v2\/users\/2"}],"replies":[{"embeddable":true,"href":"https:\/\/www.europesays.com\/de\/wp-json\/wp\/v2\/comments?post=754993"}],"version-history":[{"count":0,"href":"https:\/\/www.europesays.com\/de\/wp-json\/wp\/v2\/posts\/754993\/revisions"}],"wp:featuredmedia":[{"embeddable":true,"href":"https:\/\/www.europesays.com\/de\/wp-json\/wp\/v2\/media\/754994"}],"wp:attachment":[{"href":"https:\/\/www.europesays.com\/de\/wp-json\/wp\/v2\/media?parent=754993"}],"wp:term":[{"taxonomy":"category","embeddable":true,"href":"https:\/\/www.europesays.com\/de\/wp-json\/wp\/v2\/categories?post=754993"},{"taxonomy":"post_tag","embeddable":true,"href":"https:\/\/www.europesays.com\/de\/wp-json\/wp\/v2\/tags?post=754993"}],"curies":[{"name":"wp","href":"https:\/\/api.w.org\/{rel}","templated":true}]}}